{"id":170330,"date":"2015-03-31T14:09:58","date_gmt":"2015-03-31T14:09:58","guid":{"rendered":"https:\/\/admin.industriall-union.org\/entusiasmo-de-trabajadores-y-trabajadoras-para-mejorar-el-nivel-de-vida-en-myanmar\/"},"modified":"2025-02-07T15:44:35","modified_gmt":"2025-02-07T15:44:35","slug":"entusiasmo-de-trabajadores-y-trabajadoras-para-mejorar-el-nivel-de-vida-en-myanmar","status":"publish","type":"article","link":"https:\/\/admin.industriall-union.org\/es\/entusiasmo-de-trabajadores-y-trabajadoras-para-mejorar-el-nivel-de-vida-en-myanmar\/","title":{"rendered":"Entusiasmo de trabajadores y trabajadoras para mejorar el nivel de vida en Myanmar"},"content":{"rendered":"<p>Como Secretario General de IndustriALL, realic\u00e9 un breve tur en marzo, visitando Asia, incluyendo Myanmar y Vietnam. En estos dos pa\u00edses, el programa fue muy semejante: reuniones con los ministros del trabajo, con nuestros afiliados y organizaciones asociadas, visitas a f\u00e1bricas de confecci\u00f3n de ropa y conferencias de prensa. Hubo que hacer todo muy r\u00e1pidamente, pero fue muy gratificante.<\/p><p>Les cuento sobre el primer evento al cual asist\u00ed en una zona industrial cerca de Yangon, la ciudad m\u00e1s grande de Myanmar. Para el 8 de marzo, D\u00eda Internacional de la Mujer, se reunieron en una sala m\u00e1s de 200 mujeres j\u00f3venes y algunos hombres.<\/p><p>No pudimos salir a marchar por el sol intenso y el calor que alcanzaba 38<sup>o<\/sup>C. Nos quedamos en el interior, conversando sobre sindicalizaci\u00f3n, creaci\u00f3n de sindicatos m\u00e1s fuertes, la incorporaci\u00f3n de un mayor n\u00famero de mujeres a cargos de dirigencia sindical, y sobre la atenci\u00f3n m\u00e9dica y protecci\u00f3n de la maternidad.<\/p><p>Debido a los cincuenta a\u00f1os de r\u00e9gimen militar, no existe una sociedad civil ni clase media en este pa\u00eds de 50 millones de habitantes. En el pa\u00eds tambi\u00e9n faltan hospitales, cl\u00ednicas y conocimientos profesionales sobre temas de maternidad y de salud. Pasar\u00e1n muchos a\u00f1os para construir un nuevo Myanmar.<\/p><p>Sin embargo, estas compa\u00f1eras, trabajadoras j\u00f3venes y sonrientes, demostraron extraordinaria &nbsp;energ\u00eda y \u00e1nimo por lograr una vida mejor. Ellas entienden que para lograr los cambios que se requieren, tienen que crear sindicatos para unir la fuerza de los trabajadores.<\/p><p>Por su parte, IndustriALL Global Union apoya la sindicalizaci\u00f3n, capacitaci\u00f3n y desarrollo sindical en Myanmar, junto con nuestras organizaciones asociadas, la CSI, ICM y la FES. Desde 2012, se han establecido 1.400 sindicatos locales. Sin embargo, todav\u00eda hay un largo camino por recorrer.<\/p><p>En diciembre de 2014, IndustriALL aprob\u00f3 la afiliaci\u00f3n de las federaciones de trabajadores industriales y mineros, la IWFM y la MWFM, que est\u00e1n afiliadas a la central sindical CTUM encabezada por Maung Maung.<\/p><p>Ha sido impresionante el crecimiento de los sindicatos, que hace menos de tres a\u00f1os, comenzaron de cero. Prev\u00e9n que se va a necesitar una enorme cantidad de capacitaci\u00f3n, ya que no hay experiencia en negociaci\u00f3n colectiva, ni por el lado de los trabajadores ni por parte de la administraci\u00f3n de las empresas. Lo mismo ocurre con las cuestiones de salud y seguridad.<\/p><p>Sin embargo, los trabajadores han aprendido r\u00e1pidamente. Visit\u00e9 la f\u00e1brica de confecci\u00f3n Sakura, de propiedad japonesa, situada cerca de Yangon, donde 600 trabajadores, principalmente mujeres, laboran 60 horas a la semana, 10 horas al d\u00eda, de lunes a s\u00e1bado.<\/p><p>Recientemente, el comit\u00e9 del sindicato (&iexcl;constituido solamente por mujeres!) alcanz\u00f3 el primer convenio colectivo de esa f\u00e1brica. Se logr\u00f3 un aumento salarial de un 18%, con lo que el sueldo m\u00e1s bajo llega a ser US$118 mensuales. No fue necesaria ninguna huelga, pero todos los trabajadores y trabajadoras llevaron brazaletes rojos durante dos semanas como suave advertencia.<\/p><p>A medida que la inversi\u00f3n extranjera aumenta en el sector de la producci\u00f3n industrial, el gobierno est\u00e1 estudiando nuevas leyes laborales, determinando por primera vez un salario m\u00ednimo. Le dije al Ministro del Trabajo cu\u00e1n importante es que este salario m\u00ednimo se establezca en el nivel de un salario digno.<\/p><p>El ministro sab\u00eda a qu\u00e9 me refer\u00eda. Se producen cada vez con mayor frecuencia huelgas no oficiales de impacientes trabajadores de las f\u00e1bricas, que exigen aumento salarial. Una de las pruebas clave que tendr\u00e1 que enfrentar la nueva sociedad es la resoluci\u00f3n pac\u00edfica de estas huelgas.<\/p><p>Jyrki Raina<\/p><p>Secretario General<\/p>","protected":false},"featured_media":0,"template":"","issues":[],"companies":[],"regions":[177,196],"sectors":[],"article_tags":[510],"class_list":["post-170330","article","type-article","status-publish","hentry","regions-myanmar","regions-vietnam","article_tags-gs-corner"],"acf":[],"yoast_head":"<!-- This site is optimized with the Yoast SEO Premium plugin v27.1 (Yoast SEO v27.1) - https:\/\/yoast.com\/product\/yoast-seo-premium-wordpress\/ -->\n<title>Entusiasmo de trabajadores y trabajadoras para mejorar el nivel de vida en Myanmar - industriall-union<\/title>\n<meta name=\"description\" content=\"Como Secretario General de IndustriALL, realic\u00e9 un breve tur en marzo, visitando Asia, incluyendo Myanmar y Vietnam. En estos dos pa\u00edses, el programa fue\" \/>\n<meta name=\"robots\" content=\"index, follow, max-snippet:-1, max-image-preview:large, max-video-preview:-1\" \/>\n<link rel=\"canonical\" href=\"https:\/\/admin.industriall-union.org\/es\/entusiasmo-de-trabajadores-y-trabajadoras-para-mejorar-el-nivel-de-vida-en-myanmar\/\" \/>\n<meta property=\"og:locale\" content=\"es_ES\" \/>\n<meta property=\"og:type\" content=\"article\" \/>\n<meta property=\"og:title\" content=\"Entusiasmo de trabajadores y trabajadoras para mejorar el nivel de vida en Myanmar\" \/>\n<meta property=\"og:description\" content=\"Como Secretario General de IndustriALL, realic\u00e9 un breve tur en marzo, visitando Asia, incluyendo Myanmar y Vietnam. En estos dos pa\u00edses, el programa fue\" \/>\n<meta property=\"og:url\" content=\"https:\/\/admin.industriall-union.org\/es\/entusiasmo-de-trabajadores-y-trabajadoras-para-mejorar-el-nivel-de-vida-en-myanmar\/\" \/>\n<meta property=\"og:site_name\" content=\"industriall-union\" \/>\n<meta property=\"article:modified_time\" content=\"2025-02-07T15:44:35+00:00\" \/>\n<meta name=\"twitter:card\" content=\"summary_large_image\" \/>\n<meta name=\"twitter:label1\" content=\"Est. reading time\" \/>\n\t<meta name=\"twitter:data1\" content=\"3 minutes\" \/>\n<script type=\"application\/ld+json\" class=\"yoast-schema-graph\">{\"@context\":\"https:\/\/schema.org\",\"@graph\":[{\"@type\":\"WebPage\",\"@id\":\"https:\/\/admin.industriall-union.org\/es\/entusiasmo-de-trabajadores-y-trabajadoras-para-mejorar-el-nivel-de-vida-en-myanmar\/\",\"url\":\"https:\/\/admin.industriall-union.org\/es\/entusiasmo-de-trabajadores-y-trabajadoras-para-mejorar-el-nivel-de-vida-en-myanmar\/\",\"name\":\"Entusiasmo de trabajadores y trabajadoras para mejorar el nivel de vida en Myanmar - industriall-union\",\"isPartOf\":{\"@id\":\"https:\/\/admin.industriall-union.org\/#website\"},\"datePublished\":\"2015-03-31T14:09:58+00:00\",\"dateModified\":\"2025-02-07T15:44:35+00:00\",\"description\":\"Como Secretario General de IndustriALL, realic\u00e9 un breve tur en marzo, visitando Asia, incluyendo Myanmar y Vietnam. En estos dos pa\u00edses, el programa fue\",\"breadcrumb\":{\"@id\":\"https:\/\/admin.industriall-union.org\/es\/entusiasmo-de-trabajadores-y-trabajadoras-para-mejorar-el-nivel-de-vida-en-myanmar\/#breadcrumb\"},\"inLanguage\":\"es-ES\",\"potentialAction\":[{\"@type\":\"ReadAction\",\"target\":[\"https:\/\/admin.industriall-union.org\/es\/entusiasmo-de-trabajadores-y-trabajadoras-para-mejorar-el-nivel-de-vida-en-myanmar\/\"]}]},{\"@type\":\"BreadcrumbList\",\"@id\":\"https:\/\/admin.industriall-union.org\/es\/entusiasmo-de-trabajadores-y-trabajadoras-para-mejorar-el-nivel-de-vida-en-myanmar\/#breadcrumb\",\"itemListElement\":[{\"@type\":\"ListItem\",\"position\":1,\"name\":\"Home\",\"item\":\"https:\/\/admin.industriall-union.org\/\"},{\"@type\":\"ListItem\",\"position\":2,\"name\":\"Articles\",\"item\":\"https:\/\/admin.industriall-union.org\/article\/\"},{\"@type\":\"ListItem\",\"position\":3,\"name\":\"Entusiasmo de trabajadores y trabajadoras para mejorar el nivel de vida en Myanmar\"}]},{\"@type\":\"WebSite\",\"@id\":\"https:\/\/admin.industriall-union.org\/#website\",\"url\":\"https:\/\/admin.industriall-union.org\/\",\"name\":\"industriall-union\",\"description\":\"\",\"potentialAction\":[{\"@type\":\"SearchAction\",\"target\":{\"@type\":\"EntryPoint\",\"urlTemplate\":\"https:\/\/admin.industriall-union.org\/?s={search_term_string}\"},\"query-input\":{\"@type\":\"PropertyValueSpecification\",\"valueRequired\":true,\"valueName\":\"search_term_string\"}}],\"inLanguage\":\"es-ES\"}]}<\/script>\n<!-- \/ Yoast SEO Premium plugin. -->","yoast_head_json":{"title":"Entusiasmo de trabajadores y trabajadoras para mejorar el nivel de vida en Myanmar - industriall-union","description":"Como Secretario General de IndustriALL, realic\u00e9 un breve tur en marzo, visitando Asia, incluyendo Myanmar y Vietnam. En estos dos pa\u00edses, el programa fue","robots":{"index":"index","follow":"follow","max-snippet":"max-snippet:-1","max-image-preview":"max-image-preview:large","max-video-preview":"max-video-preview:-1"},"canonical":"https:\/\/admin.industriall-union.org\/es\/entusiasmo-de-trabajadores-y-trabajadoras-para-mejorar-el-nivel-de-vida-en-myanmar\/","og_locale":"es_ES","og_type":"article","og_title":"Entusiasmo de trabajadores y trabajadoras para mejorar el nivel de vida en Myanmar","og_description":"Como Secretario General de IndustriALL, realic\u00e9 un breve tur en marzo, visitando Asia, incluyendo Myanmar y Vietnam. En estos dos pa\u00edses, el programa fue","og_url":"https:\/\/admin.industriall-union.org\/es\/entusiasmo-de-trabajadores-y-trabajadoras-para-mejorar-el-nivel-de-vida-en-myanmar\/","og_site_name":"industriall-union","article_modified_time":"2025-02-07T15:44:35+00:00","twitter_card":"summary_large_image","twitter_misc":{"Est. reading time":"3 minutes"},"schema":{"@context":"https:\/\/schema.org","@graph":[{"@type":"WebPage","@id":"https:\/\/admin.industriall-union.org\/es\/entusiasmo-de-trabajadores-y-trabajadoras-para-mejorar-el-nivel-de-vida-en-myanmar\/","url":"https:\/\/admin.industriall-union.org\/es\/entusiasmo-de-trabajadores-y-trabajadoras-para-mejorar-el-nivel-de-vida-en-myanmar\/","name":"Entusiasmo de trabajadores y trabajadoras para mejorar el nivel de vida en Myanmar - industriall-union","isPartOf":{"@id":"https:\/\/admin.industriall-union.org\/#website"},"datePublished":"2015-03-31T14:09:58+00:00","dateModified":"2025-02-07T15:44:35+00:00","description":"Como Secretario General de IndustriALL, realic\u00e9 un breve tur en marzo, visitando Asia, incluyendo Myanmar y Vietnam. En estos dos pa\u00edses, el programa fue","breadcrumb":{"@id":"https:\/\/admin.industriall-union.org\/es\/entusiasmo-de-trabajadores-y-trabajadoras-para-mejorar-el-nivel-de-vida-en-myanmar\/#breadcrumb"},"inLanguage":"es-ES","potentialAction":[{"@type":"ReadAction","target":["https:\/\/admin.industriall-union.org\/es\/entusiasmo-de-trabajadores-y-trabajadoras-para-mejorar-el-nivel-de-vida-en-myanmar\/"]}]},{"@type":"BreadcrumbList","@id":"https:\/\/admin.industriall-union.org\/es\/entusiasmo-de-trabajadores-y-trabajadoras-para-mejorar-el-nivel-de-vida-en-myanmar\/#breadcrumb","itemListElement":[{"@type":"ListItem","position":1,"name":"Home","item":"https:\/\/admin.industriall-union.org\/"},{"@type":"ListItem","position":2,"name":"Articles","item":"https:\/\/admin.industriall-union.org\/article\/"},{"@type":"ListItem","position":3,"name":"Entusiasmo de trabajadores y trabajadoras para mejorar el nivel de vida en Myanmar"}]},{"@type":"WebSite","@id":"https:\/\/admin.industriall-union.org\/#website","url":"https:\/\/admin.industriall-union.org\/","name":"industriall-union","description":"","potentialAction":[{"@type":"SearchAction","target":{"@type":"EntryPoint","urlTemplate":"https:\/\/admin.industriall-union.org\/?s={search_term_string}"},"query-input":{"@type":"PropertyValueSpecification","valueRequired":true,"valueName":"search_term_string"}}],"inLanguage":"es-ES"}]}},"_links":{"self":[{"href":"https:\/\/admin.industriall-union.org\/es\/wp-json\/wp\/v2\/article\/170330","targetHints":{"allow":["GET"]}}],"collection":[{"href":"https:\/\/admin.industriall-union.org\/es\/wp-json\/wp\/v2\/article"}],"about":[{"href":"https:\/\/admin.industriall-union.org\/es\/wp-json\/wp\/v2\/types\/article"}],"wp:attachment":[{"href":"https:\/\/admin.industriall-union.org\/es\/wp-json\/wp\/v2\/media?parent=170330"}],"wp:term":[{"taxonomy":"issues","embeddable":true,"href":"https:\/\/admin.industriall-union.org\/es\/wp-json\/wp\/v2\/issues?post=170330"},{"taxonomy":"companies","embeddable":true,"href":"https:\/\/admin.industriall-union.org\/es\/wp-json\/wp\/v2\/companies?post=170330"},{"taxonomy":"regions","embeddable":true,"href":"https:\/\/admin.industriall-union.org\/es\/wp-json\/wp\/v2\/regions?post=170330"},{"taxonomy":"sectors","embeddable":true,"href":"https:\/\/admin.industriall-union.org\/es\/wp-json\/wp\/v2\/sectors?post=170330"},{"taxonomy":"article_tags","embeddable":true,"href":"https:\/\/admin.industriall-union.org\/es\/wp-json\/wp\/v2\/article_tags?post=170330"}],"curies":[{"name":"wp","href":"https:\/\/api.w.org\/{rel}","templated":true}]}}