{"id":170314,"date":"2015-04-06T11:39:10","date_gmt":"2015-04-06T11:39:10","guid":{"rendered":"https:\/\/admin.industriall-union.org\/ecopetrol-despide-a-dirigente-sindical-de-uso-e-industriall-solicita-su-reintegro\/"},"modified":"2025-02-07T15:36:08","modified_gmt":"2025-02-07T15:36:08","slug":"ecopetrol-despide-a-dirigente-sindical-de-uso-e-industriall-solicita-su-reintegro","status":"publish","type":"article","link":"https:\/\/admin.industriall-union.org\/es\/ecopetrol-despide-a-dirigente-sindical-de-uso-e-industriall-solicita-su-reintegro\/","title":{"rendered":"Ecopetrol despide a dirigente sindical de USO e IndustriALL solicita su reintegro"},"content":{"rendered":"<p><strong>Actualmente Ecopetrol, la compa\u00f1\u00eda de petr\u00f3leo, y la Uni\u00f3n Sindical Obrera (USO) viven momentos de tensi\u00f3n por la crisis petrolera.<\/strong> La situaci\u00f3n tom\u00f3 un nuevo giro luego de que Edwin Palma, dirigente sindical de USO, fuese despedido. Jyrki Raina, secretario general de IndustriALL, procedi\u00f3 a escribirle una carta a Juan Carlos Echeverry, presidente de Ecopetrol, para<strong> solicitar el reintegro inmediato de Palma, y conden\u00f3 la decisi\u00f3n por tratarse de un despedido injusto e ilegal.<\/strong><\/p><p><u><strong>El escenario de crisis petrolera<\/strong><\/u><\/p><p>Actualmente Ecopetrol atraviesa un proceso de descapitalizaci\u00f3n porque el estado colombiano busca que sea una empresa 100% estatal. A su vez USO, afiliado a IndustriALL, defiende el derecho de los <strong><a href=\"http:\/\/www.industriall-union.org\/es\/cusme-avanza-hacia-un-sindicato-nacional-minero-energetico-y-acuerda-un-paro-indefinido\" target=\"_self\">m\u00e1s de 10.000 trabajadores que han sido despedidos tras la crisis petrolera.<\/a><\/strong><\/p><p>El 27 de marzo, luego de que el Gobierno se comprometiera a que no habr\u00eda privatizaci\u00f3n ni venta de activos de Ecopetrol y a impedir los despidos de los trabajadores, <strong>Edwin Palma fue despedido. La decisi\u00f3n fue tomada luego de que Palma publicara en las redes sociales informaci\u00f3n que ya circulaba en los medios, sobre los<a href=\"http:\/\/www.usofrenteobrero.org\/index.php?option=com_content&amp;view=article&amp;id=3525:los-10-salarios-mas-altos-de-ecopetrol-en-epoca-de-crisis&amp;catid=58:2015-01-05-17-30-19&amp;Itemid=115\" target=\"_blank\"> salarios de algunos administrativos de la empresa<\/a>. <\/strong>Los datos reflejaban que a pesar de que miles de familias de Colombia viven con un salario de 644.000 pesos, algunos trabajadores de Ecopetrol obtienen salarios de hasta 60 millones de pesos mensuales.<\/p><p>Por ello Jyrki Raina procedi\u00f3 a escribirle una carta a Ecopetrol, para solicitar el reintegro inmediato de Palma. <strong>Raina considera que la medida de la compa\u00f1\u00eda es un intento por acallar la voz del dirigente sindical<\/strong>, tras haber decidido denunciar los abusos y actos de corrupci\u00f3n de los altos funcionarios de Ecopetrol. Adem\u00e1s condena la decisi\u00f3n por ser una violaci\u00f3n a la legislaci\u00f3n nacional e internacional, en particular al Convenio 87 sobre la libertad sindical y la protecci\u00f3n del derecho de sindicalizaci\u00f3n de la Organizaci\u00f3n Internacional del Trabajo (OIT).<\/p><p>Finalmente Industriall y todas sus afiliadas apoyan a los trabajadores del sector minero-energ\u00e9tico en su lucha por defender sus derechos, y piden, adem\u00e1s del reintegro de Palma, el cese de todo tipo de ataques y violaciones a los derechos laborales fundamentales de los miembros de la USO.<\/p>","protected":false},"featured_media":0,"template":"","issues":[420,425],"companies":[],"regions":[254],"sectors":[483],"article_tags":[511,513,527,533],"class_list":["post-170314","article","type-article","status-publish","hentry","issues-solidarity","issues-workers-rights","regions-latin-america-and-the-caribbean","sectors-energy-oil-gas-electricity-and-nuclear","article_tags-industriall","article_tags-labour-laws","article_tags-social-protection","article_tags-unemployment"],"acf":[],"yoast_head":"<!-- This site is optimized with the Yoast SEO Premium plugin v27.1 (Yoast SEO v27.1) - https:\/\/yoast.com\/product\/yoast-seo-premium-wordpress\/ -->\n<title>Ecopetrol despide a dirigente sindical de USO e IndustriALL solicita su reintegro - industriall-union<\/title>\n<meta name=\"description\" content=\"Actualmente Ecopetrol, la compa\u00f1\u00eda de petr\u00f3leo, y la Uni\u00f3n Sindical Obrera (USO) viven momentos de tensi\u00f3n por la crisis petrolera. La situaci\u00f3n tom\u00f3 un\" \/>\n<meta name=\"robots\" content=\"index, follow, max-snippet:-1, max-image-preview:large, max-video-preview:-1\" \/>\n<link rel=\"canonical\" href=\"https:\/\/admin.industriall-union.org\/es\/ecopetrol-despide-a-dirigente-sindical-de-uso-e-industriall-solicita-su-reintegro\/\" \/>\n<meta property=\"og:locale\" content=\"es_ES\" \/>\n<meta property=\"og:type\" content=\"article\" \/>\n<meta property=\"og:title\" content=\"Ecopetrol despide a dirigente sindical de USO e IndustriALL solicita su reintegro\" \/>\n<meta property=\"og:description\" content=\"Actualmente Ecopetrol, la compa\u00f1\u00eda de petr\u00f3leo, y la Uni\u00f3n Sindical Obrera (USO) viven momentos de tensi\u00f3n por la crisis petrolera. La situaci\u00f3n tom\u00f3 un\" \/>\n<meta property=\"og:url\" content=\"https:\/\/admin.industriall-union.org\/es\/ecopetrol-despide-a-dirigente-sindical-de-uso-e-industriall-solicita-su-reintegro\/\" \/>\n<meta property=\"og:site_name\" content=\"industriall-union\" \/>\n<meta property=\"article:modified_time\" content=\"2025-02-07T15:36:08+00:00\" \/>\n<meta name=\"twitter:card\" content=\"summary_large_image\" \/>\n<meta name=\"twitter:label1\" content=\"Est. reading time\" \/>\n\t<meta name=\"twitter:data1\" content=\"2 minutes\" \/>\n<script type=\"application\/ld+json\" class=\"yoast-schema-graph\">{\"@context\":\"https:\/\/schema.org\",\"@graph\":[{\"@type\":\"WebPage\",\"@id\":\"https:\/\/admin.industriall-union.org\/es\/ecopetrol-despide-a-dirigente-sindical-de-uso-e-industriall-solicita-su-reintegro\/\",\"url\":\"https:\/\/admin.industriall-union.org\/es\/ecopetrol-despide-a-dirigente-sindical-de-uso-e-industriall-solicita-su-reintegro\/\",\"name\":\"Ecopetrol despide a dirigente sindical de USO e IndustriALL solicita su reintegro - industriall-union\",\"isPartOf\":{\"@id\":\"https:\/\/admin.industriall-union.org\/#website\"},\"datePublished\":\"2015-04-06T11:39:10+00:00\",\"dateModified\":\"2025-02-07T15:36:08+00:00\",\"description\":\"Actualmente Ecopetrol, la compa\u00f1\u00eda de petr\u00f3leo, y la Uni\u00f3n Sindical Obrera (USO) viven momentos de tensi\u00f3n por la crisis petrolera. La situaci\u00f3n tom\u00f3 un\",\"breadcrumb\":{\"@id\":\"https:\/\/admin.industriall-union.org\/es\/ecopetrol-despide-a-dirigente-sindical-de-uso-e-industriall-solicita-su-reintegro\/#breadcrumb\"},\"inLanguage\":\"es-ES\",\"potentialAction\":[{\"@type\":\"ReadAction\",\"target\":[\"https:\/\/admin.industriall-union.org\/es\/ecopetrol-despide-a-dirigente-sindical-de-uso-e-industriall-solicita-su-reintegro\/\"]}]},{\"@type\":\"BreadcrumbList\",\"@id\":\"https:\/\/admin.industriall-union.org\/es\/ecopetrol-despide-a-dirigente-sindical-de-uso-e-industriall-solicita-su-reintegro\/#breadcrumb\",\"itemListElement\":[{\"@type\":\"ListItem\",\"position\":1,\"name\":\"Home\",\"item\":\"https:\/\/admin.industriall-union.org\/\"},{\"@type\":\"ListItem\",\"position\":2,\"name\":\"Articles\",\"item\":\"https:\/\/admin.industriall-union.org\/article\/\"},{\"@type\":\"ListItem\",\"position\":3,\"name\":\"Ecopetrol despide a dirigente sindical de USO e IndustriALL solicita su reintegro\"}]},{\"@type\":\"WebSite\",\"@id\":\"https:\/\/admin.industriall-union.org\/#website\",\"url\":\"https:\/\/admin.industriall-union.org\/\",\"name\":\"industriall-union\",\"description\":\"\",\"potentialAction\":[{\"@type\":\"SearchAction\",\"target\":{\"@type\":\"EntryPoint\",\"urlTemplate\":\"https:\/\/admin.industriall-union.org\/?s={search_term_string}\"},\"query-input\":{\"@type\":\"PropertyValueSpecification\",\"valueRequired\":true,\"valueName\":\"search_term_string\"}}],\"inLanguage\":\"es-ES\"}]}<\/script>\n<!-- \/ Yoast SEO Premium plugin. -->","yoast_head_json":{"title":"Ecopetrol despide a dirigente sindical de USO e IndustriALL solicita su reintegro - industriall-union","description":"Actualmente Ecopetrol, la compa\u00f1\u00eda de petr\u00f3leo, y la Uni\u00f3n Sindical Obrera (USO) viven momentos de tensi\u00f3n por la crisis petrolera. La situaci\u00f3n tom\u00f3 un","robots":{"index":"index","follow":"follow","max-snippet":"max-snippet:-1","max-image-preview":"max-image-preview:large","max-video-preview":"max-video-preview:-1"},"canonical":"https:\/\/admin.industriall-union.org\/es\/ecopetrol-despide-a-dirigente-sindical-de-uso-e-industriall-solicita-su-reintegro\/","og_locale":"es_ES","og_type":"article","og_title":"Ecopetrol despide a dirigente sindical de USO e IndustriALL solicita su reintegro","og_description":"Actualmente Ecopetrol, la compa\u00f1\u00eda de petr\u00f3leo, y la Uni\u00f3n Sindical Obrera (USO) viven momentos de tensi\u00f3n por la crisis petrolera. La situaci\u00f3n tom\u00f3 un","og_url":"https:\/\/admin.industriall-union.org\/es\/ecopetrol-despide-a-dirigente-sindical-de-uso-e-industriall-solicita-su-reintegro\/","og_site_name":"industriall-union","article_modified_time":"2025-02-07T15:36:08+00:00","twitter_card":"summary_large_image","twitter_misc":{"Est. reading time":"2 minutes"},"schema":{"@context":"https:\/\/schema.org","@graph":[{"@type":"WebPage","@id":"https:\/\/admin.industriall-union.org\/es\/ecopetrol-despide-a-dirigente-sindical-de-uso-e-industriall-solicita-su-reintegro\/","url":"https:\/\/admin.industriall-union.org\/es\/ecopetrol-despide-a-dirigente-sindical-de-uso-e-industriall-solicita-su-reintegro\/","name":"Ecopetrol despide a dirigente sindical de USO e IndustriALL solicita su reintegro - industriall-union","isPartOf":{"@id":"https:\/\/admin.industriall-union.org\/#website"},"datePublished":"2015-04-06T11:39:10+00:00","dateModified":"2025-02-07T15:36:08+00:00","description":"Actualmente Ecopetrol, la compa\u00f1\u00eda de petr\u00f3leo, y la Uni\u00f3n Sindical Obrera (USO) viven momentos de tensi\u00f3n por la crisis petrolera. La situaci\u00f3n tom\u00f3 un","breadcrumb":{"@id":"https:\/\/admin.industriall-union.org\/es\/ecopetrol-despide-a-dirigente-sindical-de-uso-e-industriall-solicita-su-reintegro\/#breadcrumb"},"inLanguage":"es-ES","potentialAction":[{"@type":"ReadAction","target":["https:\/\/admin.industriall-union.org\/es\/ecopetrol-despide-a-dirigente-sindical-de-uso-e-industriall-solicita-su-reintegro\/"]}]},{"@type":"BreadcrumbList","@id":"https:\/\/admin.industriall-union.org\/es\/ecopetrol-despide-a-dirigente-sindical-de-uso-e-industriall-solicita-su-reintegro\/#breadcrumb","itemListElement":[{"@type":"ListItem","position":1,"name":"Home","item":"https:\/\/admin.industriall-union.org\/"},{"@type":"ListItem","position":2,"name":"Articles","item":"https:\/\/admin.industriall-union.org\/article\/"},{"@type":"ListItem","position":3,"name":"Ecopetrol despide a dirigente sindical de USO e IndustriALL solicita su reintegro"}]},{"@type":"WebSite","@id":"https:\/\/admin.industriall-union.org\/#website","url":"https:\/\/admin.industriall-union.org\/","name":"industriall-union","description":"","potentialAction":[{"@type":"SearchAction","target":{"@type":"EntryPoint","urlTemplate":"https:\/\/admin.industriall-union.org\/?s={search_term_string}"},"query-input":{"@type":"PropertyValueSpecification","valueRequired":true,"valueName":"search_term_string"}}],"inLanguage":"es-ES"}]}},"_links":{"self":[{"href":"https:\/\/admin.industriall-union.org\/es\/wp-json\/wp\/v2\/article\/170314","targetHints":{"allow":["GET"]}}],"collection":[{"href":"https:\/\/admin.industriall-union.org\/es\/wp-json\/wp\/v2\/article"}],"about":[{"href":"https:\/\/admin.industriall-union.org\/es\/wp-json\/wp\/v2\/types\/article"}],"wp:attachment":[{"href":"https:\/\/admin.industriall-union.org\/es\/wp-json\/wp\/v2\/media?parent=170314"}],"wp:term":[{"taxonomy":"issues","embeddable":true,"href":"https:\/\/admin.industriall-union.org\/es\/wp-json\/wp\/v2\/issues?post=170314"},{"taxonomy":"companies","embeddable":true,"href":"https:\/\/admin.industriall-union.org\/es\/wp-json\/wp\/v2\/companies?post=170314"},{"taxonomy":"regions","embeddable":true,"href":"https:\/\/admin.industriall-union.org\/es\/wp-json\/wp\/v2\/regions?post=170314"},{"taxonomy":"sectors","embeddable":true,"href":"https:\/\/admin.industriall-union.org\/es\/wp-json\/wp\/v2\/sectors?post=170314"},{"taxonomy":"article_tags","embeddable":true,"href":"https:\/\/admin.industriall-union.org\/es\/wp-json\/wp\/v2\/article_tags?post=170314"}],"curies":[{"name":"wp","href":"https:\/\/api.w.org\/{rel}","templated":true}]}}