{"id":170130,"date":"2015-04-20T11:56:12","date_gmt":"2015-04-20T11:56:12","guid":{"rendered":"https:\/\/admin.industriall-union.org\/la-uso-retoma-ecopetrol-en-defensa-de-los-derechos-de-los-trabajadores\/"},"modified":"2025-02-07T15:11:13","modified_gmt":"2025-02-07T15:11:13","slug":"la-uso-retoma-ecopetrol-en-defensa-de-los-derechos-de-los-trabajadores","status":"publish","type":"article","link":"https:\/\/admin.industriall-union.org\/es\/la-uso-retoma-ecopetrol-en-defensa-de-los-derechos-de-los-trabajadores\/","title":{"rendered":"La USO retoma Ecopetrol en defensa de los derechos de los trabajadores"},"content":{"rendered":"<p>Distintos dirigentes sindicales de la Uni\u00f3n Sindical Obrera (USO) de cuatro zonas del pa\u00eds -Refiner\u00eda de Barrancabermeja, Refiner\u00eda Cartagena, Estaci\u00f3n de bombeo de pozos colorados y Estaci\u00f3n Cove\u00f1as- <strong>ingresaron de manera pac\u00edfica a las instalaciones de Ecopetrol el pasado 14 de abril. <\/strong><a href=\"http:\/\/www.industriall-union.org\/es\/ecopetrol-despide-a-dirigente-sindical-de-uso-e-industriall-solicita-su-reintegro\" target=\"_self\">La finalidad era pedir el reintegro de Edwin Palma Egea, vicepresidente del sindicato, quien fue despedido injustamente por la empresa el 27 de marzo.<\/a><\/p><p>El mismo d\u00eda de la protesta, Ecopetrol emiti\u00f3 un comunicado donde aseguraban que algunos dirigentes sindicales hab\u00edan generado da\u00f1os f\u00edsicos y hab\u00edan puesto en riesgo la seguridad de los trabajadores cuando ingresaron a las instalaciones de la empresa.&nbsp;<strong> La USO rechaz\u00f3 enf\u00e1ticamente dicho comunicado al corroborar que no ten\u00eda ning\u00fan fundamento, y que era mentira lo que aseguraba.<\/strong><\/p><p>La USO considera que el ingreso a Ecopetrol se realiz\u00f3 de manera pac\u00edfica, para exigir a la administraci\u00f3n de la compa\u00f1\u00eda y al gobierno nacional que respetaran su legitimidad y facultad de representaci\u00f3n. &nbsp;La USO <strong>revindica su derecho leg\u00edtimo de desarrollar sus actividades sindicales junto a los trabajadores<\/strong>, y tienen planeado continuar el recorrido por cada uno de los sitios de trabajo, consultando e indagando sobre las distintas problem\u00e1ticas que all\u00ed se generan.<\/p><p>A su vez su objetivo es transmitir el mensaje en materia de pol\u00edtica petrolera, el futuro que se prev\u00e9 para la empresa colombiana de petr\u00f3leos y <strong>el riesgo potencial que tiene la organizaci\u00f3n sindical de ser eliminada<\/strong>. Denuncia la USO que Ecopetrol no permite que el sindicato atienda personalmente las inquietudes de los empleados, desconociendo as\u00ed la convenci\u00f3n colectiva de trabajo vigente, la cual garantiza que sus trabajadores tienen derecho de afiliarse al Sindicato y &ldquo;Los Directivos de la USO pueden efectuar visitas a los sitios de trabajo de Ecopetrol S.A. para atender, directa y personalmente, todas las inquietudes que el personal presente relacionadas con el trabajo o la convenci\u00f3n&rdquo;.<\/p><p>Por lo tanto<strong> la USO demanda a Ecopetrol que restablezcan plenamente los derechos de los trabajadores para que puedan ejercer libremente la actividad sindical<\/strong>, que cese inmediatamente la persecuci\u00f3n contra los dirigentes, activistas y afiliados sindicales, y que fomenten el di\u00e1logo con la organizaci\u00f3n sindical cuando se trate de temas que afecten a los trabajadores.<\/p><p><strong>IndustriALL Global Union apoya el proceso de <a href=\"http:\/\/www.industriall-union.org\/es\/cusme-avanza-hacia-un-sindicato-nacional-minero-energetico-y-acuerda-un-paro-indefinido\" target=\"_self\">fusi\u00f3n entre la USO, SINTRAELECOL y SINTRACARBON<\/a> para crear un sindicato fuerte del sector minero-energ\u00e9tico en Colombia&nbsp; <\/strong>y apoya &nbsp;los trabajadores petroleros en su lucha por conseguir que se les respete el libre ejercicio de la actividad sindical, los derechos de asociaci\u00f3n y de libertad sindical, reconocidos en los convenios 87 y 98 de la O.I.T. A su vez respaldamos el pedido de di\u00e1logo con Ecopetrol para atender las necesidades de los trabajadores y que se pueda llegar a un acuerdo entre las dos partes. De igual manera rechazamos las amenazas de muerte que se vienen presentando contra los dirigentes de la USO meta.<\/p>","protected":false},"featured_media":0,"template":"","issues":[396,402,425],"companies":[],"regions":[254],"sectors":[495],"article_tags":[511,513,527,529],"class_list":["post-170130","article","type-article","status-publish","hentry","issues-building-strong-unions","issues-health-and-safety","issues-workers-rights","regions-latin-america-and-the-caribbean","sectors-mining","article_tags-industriall","article_tags-labour-laws","article_tags-social-protection","article_tags-strike"],"acf":[],"yoast_head":"<!-- This site is optimized with the Yoast SEO Premium plugin v27.1 (Yoast SEO v27.1) - https:\/\/yoast.com\/product\/yoast-seo-premium-wordpress\/ -->\n<title>La USO retoma Ecopetrol en defensa de los derechos de los trabajadores - industriall-union<\/title>\n<meta name=\"description\" content=\"Distintos dirigentes sindicales de la Uni\u00f3n Sindical Obrera (USO) de cuatro zonas del pa\u00eds -Refiner\u00eda de Barrancabermeja, Refiner\u00eda Cartagena, Estaci\u00f3n de\" \/>\n<meta name=\"robots\" content=\"index, follow, max-snippet:-1, max-image-preview:large, max-video-preview:-1\" \/>\n<link rel=\"canonical\" href=\"https:\/\/admin.industriall-union.org\/es\/la-uso-retoma-ecopetrol-en-defensa-de-los-derechos-de-los-trabajadores\/\" \/>\n<meta property=\"og:locale\" content=\"es_ES\" \/>\n<meta property=\"og:type\" content=\"article\" \/>\n<meta property=\"og:title\" content=\"La USO retoma Ecopetrol en defensa de los derechos de los trabajadores\" \/>\n<meta property=\"og:description\" content=\"Distintos dirigentes sindicales de la Uni\u00f3n Sindical Obrera (USO) de cuatro zonas del pa\u00eds -Refiner\u00eda de Barrancabermeja, Refiner\u00eda Cartagena, Estaci\u00f3n de\" \/>\n<meta property=\"og:url\" content=\"https:\/\/admin.industriall-union.org\/es\/la-uso-retoma-ecopetrol-en-defensa-de-los-derechos-de-los-trabajadores\/\" \/>\n<meta property=\"og:site_name\" content=\"industriall-union\" \/>\n<meta property=\"article:modified_time\" content=\"2025-02-07T15:11:13+00:00\" \/>\n<meta name=\"twitter:card\" content=\"summary_large_image\" \/>\n<meta name=\"twitter:label1\" content=\"Est. reading time\" \/>\n\t<meta name=\"twitter:data1\" content=\"3 minutes\" \/>\n<script type=\"application\/ld+json\" class=\"yoast-schema-graph\">{\"@context\":\"https:\/\/schema.org\",\"@graph\":[{\"@type\":\"WebPage\",\"@id\":\"https:\/\/admin.industriall-union.org\/es\/la-uso-retoma-ecopetrol-en-defensa-de-los-derechos-de-los-trabajadores\/\",\"url\":\"https:\/\/admin.industriall-union.org\/es\/la-uso-retoma-ecopetrol-en-defensa-de-los-derechos-de-los-trabajadores\/\",\"name\":\"La USO retoma Ecopetrol en defensa de los derechos de los trabajadores - industriall-union\",\"isPartOf\":{\"@id\":\"https:\/\/admin.industriall-union.org\/#website\"},\"datePublished\":\"2015-04-20T11:56:12+00:00\",\"dateModified\":\"2025-02-07T15:11:13+00:00\",\"description\":\"Distintos dirigentes sindicales de la Uni\u00f3n Sindical Obrera (USO) de cuatro zonas del pa\u00eds -Refiner\u00eda de Barrancabermeja, Refiner\u00eda Cartagena, Estaci\u00f3n de\",\"breadcrumb\":{\"@id\":\"https:\/\/admin.industriall-union.org\/es\/la-uso-retoma-ecopetrol-en-defensa-de-los-derechos-de-los-trabajadores\/#breadcrumb\"},\"inLanguage\":\"es-ES\",\"potentialAction\":[{\"@type\":\"ReadAction\",\"target\":[\"https:\/\/admin.industriall-union.org\/es\/la-uso-retoma-ecopetrol-en-defensa-de-los-derechos-de-los-trabajadores\/\"]}]},{\"@type\":\"BreadcrumbList\",\"@id\":\"https:\/\/admin.industriall-union.org\/es\/la-uso-retoma-ecopetrol-en-defensa-de-los-derechos-de-los-trabajadores\/#breadcrumb\",\"itemListElement\":[{\"@type\":\"ListItem\",\"position\":1,\"name\":\"Home\",\"item\":\"https:\/\/admin.industriall-union.org\/\"},{\"@type\":\"ListItem\",\"position\":2,\"name\":\"Articles\",\"item\":\"https:\/\/admin.industriall-union.org\/article\/\"},{\"@type\":\"ListItem\",\"position\":3,\"name\":\"La USO retoma Ecopetrol en defensa de los derechos de los trabajadores\"}]},{\"@type\":\"WebSite\",\"@id\":\"https:\/\/admin.industriall-union.org\/#website\",\"url\":\"https:\/\/admin.industriall-union.org\/\",\"name\":\"industriall-union\",\"description\":\"\",\"potentialAction\":[{\"@type\":\"SearchAction\",\"target\":{\"@type\":\"EntryPoint\",\"urlTemplate\":\"https:\/\/admin.industriall-union.org\/?s={search_term_string}\"},\"query-input\":{\"@type\":\"PropertyValueSpecification\",\"valueRequired\":true,\"valueName\":\"search_term_string\"}}],\"inLanguage\":\"es-ES\"}]}<\/script>\n<!-- \/ Yoast SEO Premium plugin. -->","yoast_head_json":{"title":"La USO retoma Ecopetrol en defensa de los derechos de los trabajadores - industriall-union","description":"Distintos dirigentes sindicales de la Uni\u00f3n Sindical Obrera (USO) de cuatro zonas del pa\u00eds -Refiner\u00eda de Barrancabermeja, Refiner\u00eda Cartagena, Estaci\u00f3n de","robots":{"index":"index","follow":"follow","max-snippet":"max-snippet:-1","max-image-preview":"max-image-preview:large","max-video-preview":"max-video-preview:-1"},"canonical":"https:\/\/admin.industriall-union.org\/es\/la-uso-retoma-ecopetrol-en-defensa-de-los-derechos-de-los-trabajadores\/","og_locale":"es_ES","og_type":"article","og_title":"La USO retoma Ecopetrol en defensa de los derechos de los trabajadores","og_description":"Distintos dirigentes sindicales de la Uni\u00f3n Sindical Obrera (USO) de cuatro zonas del pa\u00eds -Refiner\u00eda de Barrancabermeja, Refiner\u00eda Cartagena, Estaci\u00f3n de","og_url":"https:\/\/admin.industriall-union.org\/es\/la-uso-retoma-ecopetrol-en-defensa-de-los-derechos-de-los-trabajadores\/","og_site_name":"industriall-union","article_modified_time":"2025-02-07T15:11:13+00:00","twitter_card":"summary_large_image","twitter_misc":{"Est. reading time":"3 minutes"},"schema":{"@context":"https:\/\/schema.org","@graph":[{"@type":"WebPage","@id":"https:\/\/admin.industriall-union.org\/es\/la-uso-retoma-ecopetrol-en-defensa-de-los-derechos-de-los-trabajadores\/","url":"https:\/\/admin.industriall-union.org\/es\/la-uso-retoma-ecopetrol-en-defensa-de-los-derechos-de-los-trabajadores\/","name":"La USO retoma Ecopetrol en defensa de los derechos de los trabajadores - industriall-union","isPartOf":{"@id":"https:\/\/admin.industriall-union.org\/#website"},"datePublished":"2015-04-20T11:56:12+00:00","dateModified":"2025-02-07T15:11:13+00:00","description":"Distintos dirigentes sindicales de la Uni\u00f3n Sindical Obrera (USO) de cuatro zonas del pa\u00eds -Refiner\u00eda de Barrancabermeja, Refiner\u00eda Cartagena, Estaci\u00f3n de","breadcrumb":{"@id":"https:\/\/admin.industriall-union.org\/es\/la-uso-retoma-ecopetrol-en-defensa-de-los-derechos-de-los-trabajadores\/#breadcrumb"},"inLanguage":"es-ES","potentialAction":[{"@type":"ReadAction","target":["https:\/\/admin.industriall-union.org\/es\/la-uso-retoma-ecopetrol-en-defensa-de-los-derechos-de-los-trabajadores\/"]}]},{"@type":"BreadcrumbList","@id":"https:\/\/admin.industriall-union.org\/es\/la-uso-retoma-ecopetrol-en-defensa-de-los-derechos-de-los-trabajadores\/#breadcrumb","itemListElement":[{"@type":"ListItem","position":1,"name":"Home","item":"https:\/\/admin.industriall-union.org\/"},{"@type":"ListItem","position":2,"name":"Articles","item":"https:\/\/admin.industriall-union.org\/article\/"},{"@type":"ListItem","position":3,"name":"La USO retoma Ecopetrol en defensa de los derechos de los trabajadores"}]},{"@type":"WebSite","@id":"https:\/\/admin.industriall-union.org\/#website","url":"https:\/\/admin.industriall-union.org\/","name":"industriall-union","description":"","potentialAction":[{"@type":"SearchAction","target":{"@type":"EntryPoint","urlTemplate":"https:\/\/admin.industriall-union.org\/?s={search_term_string}"},"query-input":{"@type":"PropertyValueSpecification","valueRequired":true,"valueName":"search_term_string"}}],"inLanguage":"es-ES"}]}},"_links":{"self":[{"href":"https:\/\/admin.industriall-union.org\/es\/wp-json\/wp\/v2\/article\/170130","targetHints":{"allow":["GET"]}}],"collection":[{"href":"https:\/\/admin.industriall-union.org\/es\/wp-json\/wp\/v2\/article"}],"about":[{"href":"https:\/\/admin.industriall-union.org\/es\/wp-json\/wp\/v2\/types\/article"}],"wp:attachment":[{"href":"https:\/\/admin.industriall-union.org\/es\/wp-json\/wp\/v2\/media?parent=170130"}],"wp:term":[{"taxonomy":"issues","embeddable":true,"href":"https:\/\/admin.industriall-union.org\/es\/wp-json\/wp\/v2\/issues?post=170130"},{"taxonomy":"companies","embeddable":true,"href":"https:\/\/admin.industriall-union.org\/es\/wp-json\/wp\/v2\/companies?post=170130"},{"taxonomy":"regions","embeddable":true,"href":"https:\/\/admin.industriall-union.org\/es\/wp-json\/wp\/v2\/regions?post=170130"},{"taxonomy":"sectors","embeddable":true,"href":"https:\/\/admin.industriall-union.org\/es\/wp-json\/wp\/v2\/sectors?post=170130"},{"taxonomy":"article_tags","embeddable":true,"href":"https:\/\/admin.industriall-union.org\/es\/wp-json\/wp\/v2\/article_tags?post=170130"}],"curies":[{"name":"wp","href":"https:\/\/api.w.org\/{rel}","templated":true}]}}