{"id":170113,"date":"2015-04-23T14:13:48","date_gmt":"2015-04-23T14:13:48","guid":{"rendered":"https:\/\/admin.industriall-union.org\/los-trabajadores-de-holcim-y-lafarge-se-preparan-para-la-movilizacion-mundial\/"},"modified":"2025-02-07T15:08:15","modified_gmt":"2025-02-07T15:08:15","slug":"los-trabajadores-de-holcim-y-lafarge-se-preparan-para-la-movilizacion-mundial","status":"publish","type":"article","link":"https:\/\/admin.industriall-union.org\/es\/los-trabajadores-de-holcim-y-lafarge-se-preparan-para-la-movilizacion-mundial\/","title":{"rendered":"Los trabajadores de Holcim y Lafarge se preparan para la movilizaci\u00f3n mundial"},"content":{"rendered":"<p>Est\u00e1n previstas nuevas acciones en las instalaciones de Holcim y Lafarge en Am\u00e9rica del Sur y del Norte, Asia y Europa el 28 de abril: el D\u00eda internacional de conmemoraci\u00f3n de los trabajadores muertos y lesionados.<\/p><p>En enero de 2013, <a href=\"http:\/\/www.industriall-union.org\/es\/cinco-trabajadores-del-cemento-murieron-en-ambuja-holcim-en-la-india\" target=\"_blank\">cinco trabajadores de Holcim perdieron la vida<\/a> en un terrible accidente en la f\u00e1brica de Ambuja-Holcim en la India. El accidente se debi\u00f3 a la negligencia de la direcci\u00f3n sobre la reglamentaci\u00f3n de salud y seguridad. La tolva de ceniza volante situada en la quinta planta ten\u00eda una sobrecarga del doble de su capacidad. Con un peso de 300 toneladas se derrumb\u00f3 y aplast\u00f3 en cuatro plantas. El aire permaneci\u00f3 lleno de polvo durante horas. Y cinco trabajadores quedaron bajo los escombros.<\/p><p>Este horrible caso no es \u00fanico. El mismo a\u00f1o murieron en su lugar de trabajo en Holcim y Lafarge un total de 73 trabajadores. Se siguen ignorando los intereses de los trabajadores que sudan la gota gorda para crear la riqueza de las empresas. Como resultado, los trabajadores contin\u00faan pagando un elevado precio con sus vidas.<\/p><p>Y esto es s\u00f3lo la punta del iceberg. En la cifra total de muertes no figuran las de quienes enferman fatalmente a causa de la exposici\u00f3n en su lugar de trabajo a sustancias peligrosas que es sabido originan enfermedades respiratorias y c\u00e1ncer.<\/p><p>Los trabajadores han planteado reiteradamente sus preocupaciones a ambas empresas. En la \u00faltima junta general anual de accionistas de Holcim, representantes de la IndustriALL Global Union, la Federaci\u00f3n Internacional de Trabajadores de la Construcci\u00f3n y de la Madera (FITCM) y la Federaci\u00f3n Europea de Trabajadores de la Construcci\u00f3n y de la Madera (FETCM) y sus afiliados<a href=\"http:\/\/www.industriall-union.org\/es\/los-sindicatos-llevan-las-demandas-de-los-trabajadores-a-la-junta-general-de-accionistas-de-holcim\" target=\"_blank\"> expusieron las demandas de los trabajadores a los accionistas<\/a>. Se organiz\u00f3 una manifestaci\u00f3n sindical ante el edificio donde se reunieron los accionistas y se distribuyeron folletos con las demandas de los trabajadores.<\/p><p>Lamentablemente, hasta ahora ambas empresas han hecho o\u00eddos sordos a la dif\u00edcil situaci\u00f3n de los trabajadores y parece que les preocupa poco el incierto futuro de sus m\u00e1s de 130.000 empleados.<\/p><p>Para cambiar la situaci\u00f3n y parar la despiadada realizaci\u00f3n de beneficios a expensas de la vida de los trabajadores, el 28 de abril, la IndustriALL, la FITCM y la FETCM y sus afiliados se movilizar\u00e1n y dir\u00e1n &ldquo;Nada de fusi\u00f3n sin derechos de salud y seguridad de los trabajadores&rdquo;.<\/p><p>Los materiales de la campa\u00f1a est\u00e1n disponibles en la p\u00e1gina. Se publicar\u00e1n actualizaciones en Facebook <a href=\"https:\/\/www.facebook.com\/UnionsatLafargeHolcim\">https:\/\/www.facebook.com\/UnionsatLafargeHolcim<\/a>.<\/p><p>Tambi\u00e9n se puede apoyar la campa\u00f1a de los trabajadores de Holcim y Lafarge en <a href=\"http:\/\/www.labourstartcampaigns.net\/show_campaign.cgi?c=2641\" target=\"_blank\">http:\/\/www.labourstartcampaigns.net\/show_campaign.cgi?c=2641<\/a><\/p>","protected":false},"featured_media":0,"template":"","issues":[406,402,409,412,425],"companies":[68,86],"regions":[],"sectors":[485],"article_tags":[],"class_list":["post-170113","article","type-article","status-publish","hentry","issues-confronting-global-capital","issues-health-and-safety","issues-multinational-companies-mncs","issues-social-justice-and-globalization","issues-workers-rights","companies-holcim","companies-lafarge","sectors-cement"],"acf":[],"yoast_head":"<!-- This site is optimized with the Yoast SEO Premium plugin v27.1 (Yoast SEO v27.1) - https:\/\/yoast.com\/product\/yoast-seo-premium-wordpress\/ -->\n<title>Los trabajadores de Holcim y Lafarge se preparan para la movilizaci\u00f3n mundial - industriall-union<\/title>\n<meta name=\"description\" content=\"Est\u00e1n previstas nuevas acciones en las instalaciones de Holcim y Lafarge en Am\u00e9rica del Sur y del Norte, Asia y Europa el 28 de abril: el D\u00eda\" \/>\n<meta name=\"robots\" content=\"index, follow, max-snippet:-1, max-image-preview:large, max-video-preview:-1\" \/>\n<link rel=\"canonical\" href=\"https:\/\/admin.industriall-union.org\/es\/los-trabajadores-de-holcim-y-lafarge-se-preparan-para-la-movilizacion-mundial\/\" \/>\n<meta property=\"og:locale\" content=\"es_ES\" \/>\n<meta property=\"og:type\" content=\"article\" \/>\n<meta property=\"og:title\" content=\"Los trabajadores de Holcim y Lafarge se preparan para la movilizaci\u00f3n mundial\" \/>\n<meta property=\"og:description\" content=\"Est\u00e1n previstas nuevas acciones en las instalaciones de Holcim y Lafarge en Am\u00e9rica del Sur y del Norte, Asia y Europa el 28 de abril: el D\u00eda\" \/>\n<meta property=\"og:url\" content=\"https:\/\/admin.industriall-union.org\/es\/los-trabajadores-de-holcim-y-lafarge-se-preparan-para-la-movilizacion-mundial\/\" \/>\n<meta property=\"og:site_name\" content=\"industriall-union\" \/>\n<meta property=\"article:modified_time\" content=\"2025-02-07T15:08:15+00:00\" \/>\n<meta name=\"twitter:card\" content=\"summary_large_image\" \/>\n<meta name=\"twitter:label1\" content=\"Est. reading time\" \/>\n\t<meta name=\"twitter:data1\" content=\"2 minutes\" \/>\n<script type=\"application\/ld+json\" class=\"yoast-schema-graph\">{\"@context\":\"https:\/\/schema.org\",\"@graph\":[{\"@type\":\"WebPage\",\"@id\":\"https:\/\/admin.industriall-union.org\/es\/los-trabajadores-de-holcim-y-lafarge-se-preparan-para-la-movilizacion-mundial\/\",\"url\":\"https:\/\/admin.industriall-union.org\/es\/los-trabajadores-de-holcim-y-lafarge-se-preparan-para-la-movilizacion-mundial\/\",\"name\":\"Los trabajadores de Holcim y Lafarge se preparan para la movilizaci\u00f3n mundial - industriall-union\",\"isPartOf\":{\"@id\":\"https:\/\/admin.industriall-union.org\/#website\"},\"datePublished\":\"2015-04-23T14:13:48+00:00\",\"dateModified\":\"2025-02-07T15:08:15+00:00\",\"description\":\"Est\u00e1n previstas nuevas acciones en las instalaciones de Holcim y Lafarge en Am\u00e9rica del Sur y del Norte, Asia y Europa el 28 de abril: el D\u00eda\",\"breadcrumb\":{\"@id\":\"https:\/\/admin.industriall-union.org\/es\/los-trabajadores-de-holcim-y-lafarge-se-preparan-para-la-movilizacion-mundial\/#breadcrumb\"},\"inLanguage\":\"es-ES\",\"potentialAction\":[{\"@type\":\"ReadAction\",\"target\":[\"https:\/\/admin.industriall-union.org\/es\/los-trabajadores-de-holcim-y-lafarge-se-preparan-para-la-movilizacion-mundial\/\"]}]},{\"@type\":\"BreadcrumbList\",\"@id\":\"https:\/\/admin.industriall-union.org\/es\/los-trabajadores-de-holcim-y-lafarge-se-preparan-para-la-movilizacion-mundial\/#breadcrumb\",\"itemListElement\":[{\"@type\":\"ListItem\",\"position\":1,\"name\":\"Home\",\"item\":\"https:\/\/admin.industriall-union.org\/\"},{\"@type\":\"ListItem\",\"position\":2,\"name\":\"Articles\",\"item\":\"https:\/\/admin.industriall-union.org\/article\/\"},{\"@type\":\"ListItem\",\"position\":3,\"name\":\"Los trabajadores de Holcim y Lafarge se preparan para la movilizaci\u00f3n mundial\"}]},{\"@type\":\"WebSite\",\"@id\":\"https:\/\/admin.industriall-union.org\/#website\",\"url\":\"https:\/\/admin.industriall-union.org\/\",\"name\":\"industriall-union\",\"description\":\"\",\"potentialAction\":[{\"@type\":\"SearchAction\",\"target\":{\"@type\":\"EntryPoint\",\"urlTemplate\":\"https:\/\/admin.industriall-union.org\/?s={search_term_string}\"},\"query-input\":{\"@type\":\"PropertyValueSpecification\",\"valueRequired\":true,\"valueName\":\"search_term_string\"}}],\"inLanguage\":\"es-ES\"}]}<\/script>\n<!-- \/ Yoast SEO Premium plugin. -->","yoast_head_json":{"title":"Los trabajadores de Holcim y Lafarge se preparan para la movilizaci\u00f3n mundial - industriall-union","description":"Est\u00e1n previstas nuevas acciones en las instalaciones de Holcim y Lafarge en Am\u00e9rica del Sur y del Norte, Asia y Europa el 28 de abril: el D\u00eda","robots":{"index":"index","follow":"follow","max-snippet":"max-snippet:-1","max-image-preview":"max-image-preview:large","max-video-preview":"max-video-preview:-1"},"canonical":"https:\/\/admin.industriall-union.org\/es\/los-trabajadores-de-holcim-y-lafarge-se-preparan-para-la-movilizacion-mundial\/","og_locale":"es_ES","og_type":"article","og_title":"Los trabajadores de Holcim y Lafarge se preparan para la movilizaci\u00f3n mundial","og_description":"Est\u00e1n previstas nuevas acciones en las instalaciones de Holcim y Lafarge en Am\u00e9rica del Sur y del Norte, Asia y Europa el 28 de abril: el D\u00eda","og_url":"https:\/\/admin.industriall-union.org\/es\/los-trabajadores-de-holcim-y-lafarge-se-preparan-para-la-movilizacion-mundial\/","og_site_name":"industriall-union","article_modified_time":"2025-02-07T15:08:15+00:00","twitter_card":"summary_large_image","twitter_misc":{"Est. reading time":"2 minutes"},"schema":{"@context":"https:\/\/schema.org","@graph":[{"@type":"WebPage","@id":"https:\/\/admin.industriall-union.org\/es\/los-trabajadores-de-holcim-y-lafarge-se-preparan-para-la-movilizacion-mundial\/","url":"https:\/\/admin.industriall-union.org\/es\/los-trabajadores-de-holcim-y-lafarge-se-preparan-para-la-movilizacion-mundial\/","name":"Los trabajadores de Holcim y Lafarge se preparan para la movilizaci\u00f3n mundial - industriall-union","isPartOf":{"@id":"https:\/\/admin.industriall-union.org\/#website"},"datePublished":"2015-04-23T14:13:48+00:00","dateModified":"2025-02-07T15:08:15+00:00","description":"Est\u00e1n previstas nuevas acciones en las instalaciones de Holcim y Lafarge en Am\u00e9rica del Sur y del Norte, Asia y Europa el 28 de abril: el D\u00eda","breadcrumb":{"@id":"https:\/\/admin.industriall-union.org\/es\/los-trabajadores-de-holcim-y-lafarge-se-preparan-para-la-movilizacion-mundial\/#breadcrumb"},"inLanguage":"es-ES","potentialAction":[{"@type":"ReadAction","target":["https:\/\/admin.industriall-union.org\/es\/los-trabajadores-de-holcim-y-lafarge-se-preparan-para-la-movilizacion-mundial\/"]}]},{"@type":"BreadcrumbList","@id":"https:\/\/admin.industriall-union.org\/es\/los-trabajadores-de-holcim-y-lafarge-se-preparan-para-la-movilizacion-mundial\/#breadcrumb","itemListElement":[{"@type":"ListItem","position":1,"name":"Home","item":"https:\/\/admin.industriall-union.org\/"},{"@type":"ListItem","position":2,"name":"Articles","item":"https:\/\/admin.industriall-union.org\/article\/"},{"@type":"ListItem","position":3,"name":"Los trabajadores de Holcim y Lafarge se preparan para la movilizaci\u00f3n mundial"}]},{"@type":"WebSite","@id":"https:\/\/admin.industriall-union.org\/#website","url":"https:\/\/admin.industriall-union.org\/","name":"industriall-union","description":"","potentialAction":[{"@type":"SearchAction","target":{"@type":"EntryPoint","urlTemplate":"https:\/\/admin.industriall-union.org\/?s={search_term_string}"},"query-input":{"@type":"PropertyValueSpecification","valueRequired":true,"valueName":"search_term_string"}}],"inLanguage":"es-ES"}]}},"_links":{"self":[{"href":"https:\/\/admin.industriall-union.org\/es\/wp-json\/wp\/v2\/article\/170113","targetHints":{"allow":["GET"]}}],"collection":[{"href":"https:\/\/admin.industriall-union.org\/es\/wp-json\/wp\/v2\/article"}],"about":[{"href":"https:\/\/admin.industriall-union.org\/es\/wp-json\/wp\/v2\/types\/article"}],"wp:attachment":[{"href":"https:\/\/admin.industriall-union.org\/es\/wp-json\/wp\/v2\/media?parent=170113"}],"wp:term":[{"taxonomy":"issues","embeddable":true,"href":"https:\/\/admin.industriall-union.org\/es\/wp-json\/wp\/v2\/issues?post=170113"},{"taxonomy":"companies","embeddable":true,"href":"https:\/\/admin.industriall-union.org\/es\/wp-json\/wp\/v2\/companies?post=170113"},{"taxonomy":"regions","embeddable":true,"href":"https:\/\/admin.industriall-union.org\/es\/wp-json\/wp\/v2\/regions?post=170113"},{"taxonomy":"sectors","embeddable":true,"href":"https:\/\/admin.industriall-union.org\/es\/wp-json\/wp\/v2\/sectors?post=170113"},{"taxonomy":"article_tags","embeddable":true,"href":"https:\/\/admin.industriall-union.org\/es\/wp-json\/wp\/v2\/article_tags?post=170113"}],"curies":[{"name":"wp","href":"https:\/\/api.w.org\/{rel}","templated":true}]}}