{"id":170108,"date":"2015-04-24T12:50:17","date_gmt":"2015-04-24T12:50:17","guid":{"rendered":"https:\/\/admin.industriall-union.org\/ucrania-trabajadores-protestan-contra-destruccion-del-sector-de-la-mineria-del-carbon\/"},"modified":"2025-02-07T15:03:30","modified_gmt":"2025-02-07T15:03:30","slug":"ucrania-trabajadores-protestan-contra-destruccion-del-sector-de-la-mineria-del-carbon","status":"publish","type":"article","link":"https:\/\/admin.industriall-union.org\/es\/ucrania-trabajadores-protestan-contra-destruccion-del-sector-de-la-mineria-del-carbon\/","title":{"rendered":"Ucrania: trabajadores protestan contra destrucci\u00f3n del sector de la miner\u00eda del carb\u00f3n"},"content":{"rendered":"<p>Un d\u00eda antes, el 21 de abril, se realiz\u00f3 en Kiev el III<sup>er<\/sup> Congreso de Mineros de Ucrania, organizado por sindicatos afiliados a IndustriALL Global Union (el Sindicato de Trabajadores Mineros del Carb\u00f3n de Ucrania y el Sindicato Independiente de Mineros del Carb\u00f3n de Ucrania).&nbsp; Casi 800 delegados de todo el pa\u00eds asistieron a este Congreso, con el fin de intercambiar ideas sobre la dif\u00edcil situaci\u00f3n en el sector de la miner\u00eda del carb\u00f3n de Ucrania. Debido a los problemas que esta industria enfrenta actualmente, exigieron que el Presidente convoque una reuni\u00f3n del Consejo Nacional de Seguridad y Defensa de Ucrania para elaborar un nuevo plan de acci\u00f3n.<\/p><p>El Congreso de Mineros tambi\u00e9n exigi\u00f3 al gobierno: pagar los sueldos atrasados; restablecer las garant\u00edas sociales para los trabajadores; establecer un precio justo para el carb\u00f3n de Ucrania &ndash; que no sea inferior al precio del carb\u00f3n importado; suspender la importaci\u00f3n de carb\u00f3n; y proporcionar apoyo financiero a las minas y al sector en general. Pidieron, adem\u00e1s, que el gobierno abandone su pol\u00edtica de clausura de las minas. Tambi\u00e9n exigieron la renuncia de Volodymyr Demchyshyn, Ministro de Energ\u00eda y de la Industria del Carb\u00f3n de Ucrania.<\/p><p>Por otra parte, miles de mineros del carb\u00f3n que protestaban frente al Consejo de Ministros pidieron una reuni\u00f3n con el Primer Ministro Arseniy Yatsenyuk. Mikhailo Volynets, Presidente del Sindicato Independiente de Mineros del Carb\u00f3n de Ucrania, advirti\u00f3 a los l\u00edderes del pa\u00eds que los mineros declarar\u00e1n una huelga a nivel nacional si las autoridades no prestan atenci\u00f3n a sus reivindicaciones.<\/p><p>En enero, 1.500 mineros del carb\u00f3n de sindicatos de diferentes partes de Ucrania, afiliados a IndustriALL Global Union, realizaron una manifestaci\u00f3n de protesta con piquetes frente al edificio del Consejo de Ministros en Kiev. En esa ocasi\u00f3n, los trabajadores y trabajadoras exigieron al gobierno revisar el presupuesto del estado para 2015, incluyendo el aporte de los fondos necesarios para pagar los salarios atrasados, rescatar las operaciones mineras, mejorar el sistema de salud y seguridad, y restituir las prestaciones sociales de los trabajadores y jubilados del sector. Se han tomado algunas medidas para pagar parte de los salarios atrasados, sin embargo falta mucho todav\u00eda para que se resuelva el problema.<\/p>","protected":false},"featured_media":0,"template":"","issues":[396,420,425],"companies":[],"regions":[252],"sectors":[495],"article_tags":[],"class_list":["post-170108","article","type-article","status-publish","hentry","issues-building-strong-unions","issues-solidarity","issues-workers-rights","regions-ukraine","sectors-mining"],"acf":[],"yoast_head":"<!-- This site is optimized with the Yoast SEO Premium plugin v27.1 (Yoast SEO v27.1) - https:\/\/yoast.com\/product\/yoast-seo-premium-wordpress\/ -->\n<title>Ucrania: trabajadores protestan contra destrucci\u00f3n del sector de la miner\u00eda del carb\u00f3n - industriall-union<\/title>\n<meta name=\"description\" content=\"Un d\u00eda antes, el 21 de abril, se realiz\u00f3 en Kiev el IIIer Congreso de Mineros de Ucrania, organizado por sindicatos afiliados a IndustriALL Global Union\" \/>\n<meta name=\"robots\" content=\"index, follow, max-snippet:-1, max-image-preview:large, max-video-preview:-1\" \/>\n<link rel=\"canonical\" href=\"https:\/\/admin.industriall-union.org\/es\/ucrania-trabajadores-protestan-contra-destruccion-del-sector-de-la-mineria-del-carbon\/\" \/>\n<meta property=\"og:locale\" content=\"es_ES\" \/>\n<meta property=\"og:type\" content=\"article\" \/>\n<meta property=\"og:title\" content=\"Ucrania: trabajadores protestan contra destrucci\u00f3n del sector de la miner\u00eda del carb\u00f3n\" \/>\n<meta property=\"og:description\" content=\"Un d\u00eda antes, el 21 de abril, se realiz\u00f3 en Kiev el IIIer Congreso de Mineros de Ucrania, organizado por sindicatos afiliados a IndustriALL Global Union\" \/>\n<meta property=\"og:url\" content=\"https:\/\/admin.industriall-union.org\/es\/ucrania-trabajadores-protestan-contra-destruccion-del-sector-de-la-mineria-del-carbon\/\" \/>\n<meta property=\"og:site_name\" content=\"industriall-union\" \/>\n<meta property=\"article:modified_time\" content=\"2025-02-07T15:03:30+00:00\" \/>\n<meta name=\"twitter:card\" content=\"summary_large_image\" \/>\n<meta name=\"twitter:label1\" content=\"Est. reading time\" \/>\n\t<meta name=\"twitter:data1\" content=\"2 minutes\" \/>\n<script type=\"application\/ld+json\" class=\"yoast-schema-graph\">{\"@context\":\"https:\/\/schema.org\",\"@graph\":[{\"@type\":\"WebPage\",\"@id\":\"https:\/\/admin.industriall-union.org\/es\/ucrania-trabajadores-protestan-contra-destruccion-del-sector-de-la-mineria-del-carbon\/\",\"url\":\"https:\/\/admin.industriall-union.org\/es\/ucrania-trabajadores-protestan-contra-destruccion-del-sector-de-la-mineria-del-carbon\/\",\"name\":\"Ucrania: trabajadores protestan contra destrucci\u00f3n del sector de la miner\u00eda del carb\u00f3n - industriall-union\",\"isPartOf\":{\"@id\":\"https:\/\/admin.industriall-union.org\/ru\/#website\"},\"datePublished\":\"2015-04-24T12:50:17+00:00\",\"dateModified\":\"2025-02-07T15:03:30+00:00\",\"description\":\"Un d\u00eda antes, el 21 de abril, se realiz\u00f3 en Kiev el IIIer Congreso de Mineros de Ucrania, organizado por sindicatos afiliados a IndustriALL Global Union\",\"breadcrumb\":{\"@id\":\"https:\/\/admin.industriall-union.org\/es\/ucrania-trabajadores-protestan-contra-destruccion-del-sector-de-la-mineria-del-carbon\/#breadcrumb\"},\"inLanguage\":\"es-ES\",\"potentialAction\":[{\"@type\":\"ReadAction\",\"target\":[\"https:\/\/admin.industriall-union.org\/es\/ucrania-trabajadores-protestan-contra-destruccion-del-sector-de-la-mineria-del-carbon\/\"]}]},{\"@type\":\"BreadcrumbList\",\"@id\":\"https:\/\/admin.industriall-union.org\/es\/ucrania-trabajadores-protestan-contra-destruccion-del-sector-de-la-mineria-del-carbon\/#breadcrumb\",\"itemListElement\":[{\"@type\":\"ListItem\",\"position\":1,\"name\":\"Home\",\"item\":\"https:\/\/admin.industriall-union.org\/ru\/\"},{\"@type\":\"ListItem\",\"position\":2,\"name\":\"Articles\",\"item\":\"https:\/\/admin.industriall-union.org\/ru\/article\/\"},{\"@type\":\"ListItem\",\"position\":3,\"name\":\"Ucrania: trabajadores protestan contra destrucci\u00f3n del sector de la miner\u00eda del carb\u00f3n\"}]},{\"@type\":\"WebSite\",\"@id\":\"https:\/\/admin.industriall-union.org\/ru\/#website\",\"url\":\"https:\/\/admin.industriall-union.org\/ru\/\",\"name\":\"industriall-union\",\"description\":\"\",\"potentialAction\":[{\"@type\":\"SearchAction\",\"target\":{\"@type\":\"EntryPoint\",\"urlTemplate\":\"https:\/\/admin.industriall-union.org\/ru\/?s={search_term_string}\"},\"query-input\":{\"@type\":\"PropertyValueSpecification\",\"valueRequired\":true,\"valueName\":\"search_term_string\"}}],\"inLanguage\":\"es-ES\"}]}<\/script>\n<!-- \/ Yoast SEO Premium plugin. -->","yoast_head_json":{"title":"Ucrania: trabajadores protestan contra destrucci\u00f3n del sector de la miner\u00eda del carb\u00f3n - industriall-union","description":"Un d\u00eda antes, el 21 de abril, se realiz\u00f3 en Kiev el IIIer Congreso de Mineros de Ucrania, organizado por sindicatos afiliados a IndustriALL Global Union","robots":{"index":"index","follow":"follow","max-snippet":"max-snippet:-1","max-image-preview":"max-image-preview:large","max-video-preview":"max-video-preview:-1"},"canonical":"https:\/\/admin.industriall-union.org\/es\/ucrania-trabajadores-protestan-contra-destruccion-del-sector-de-la-mineria-del-carbon\/","og_locale":"es_ES","og_type":"article","og_title":"Ucrania: trabajadores protestan contra destrucci\u00f3n del sector de la miner\u00eda del carb\u00f3n","og_description":"Un d\u00eda antes, el 21 de abril, se realiz\u00f3 en Kiev el IIIer Congreso de Mineros de Ucrania, organizado por sindicatos afiliados a IndustriALL Global Union","og_url":"https:\/\/admin.industriall-union.org\/es\/ucrania-trabajadores-protestan-contra-destruccion-del-sector-de-la-mineria-del-carbon\/","og_site_name":"industriall-union","article_modified_time":"2025-02-07T15:03:30+00:00","twitter_card":"summary_large_image","twitter_misc":{"Est. reading time":"2 minutes"},"schema":{"@context":"https:\/\/schema.org","@graph":[{"@type":"WebPage","@id":"https:\/\/admin.industriall-union.org\/es\/ucrania-trabajadores-protestan-contra-destruccion-del-sector-de-la-mineria-del-carbon\/","url":"https:\/\/admin.industriall-union.org\/es\/ucrania-trabajadores-protestan-contra-destruccion-del-sector-de-la-mineria-del-carbon\/","name":"Ucrania: trabajadores protestan contra destrucci\u00f3n del sector de la miner\u00eda del carb\u00f3n - industriall-union","isPartOf":{"@id":"https:\/\/admin.industriall-union.org\/ru\/#website"},"datePublished":"2015-04-24T12:50:17+00:00","dateModified":"2025-02-07T15:03:30+00:00","description":"Un d\u00eda antes, el 21 de abril, se realiz\u00f3 en Kiev el IIIer Congreso de Mineros de Ucrania, organizado por sindicatos afiliados a IndustriALL Global Union","breadcrumb":{"@id":"https:\/\/admin.industriall-union.org\/es\/ucrania-trabajadores-protestan-contra-destruccion-del-sector-de-la-mineria-del-carbon\/#breadcrumb"},"inLanguage":"es-ES","potentialAction":[{"@type":"ReadAction","target":["https:\/\/admin.industriall-union.org\/es\/ucrania-trabajadores-protestan-contra-destruccion-del-sector-de-la-mineria-del-carbon\/"]}]},{"@type":"BreadcrumbList","@id":"https:\/\/admin.industriall-union.org\/es\/ucrania-trabajadores-protestan-contra-destruccion-del-sector-de-la-mineria-del-carbon\/#breadcrumb","itemListElement":[{"@type":"ListItem","position":1,"name":"Home","item":"https:\/\/admin.industriall-union.org\/ru\/"},{"@type":"ListItem","position":2,"name":"Articles","item":"https:\/\/admin.industriall-union.org\/ru\/article\/"},{"@type":"ListItem","position":3,"name":"Ucrania: trabajadores protestan contra destrucci\u00f3n del sector de la miner\u00eda del carb\u00f3n"}]},{"@type":"WebSite","@id":"https:\/\/admin.industriall-union.org\/ru\/#website","url":"https:\/\/admin.industriall-union.org\/ru\/","name":"industriall-union","description":"","potentialAction":[{"@type":"SearchAction","target":{"@type":"EntryPoint","urlTemplate":"https:\/\/admin.industriall-union.org\/ru\/?s={search_term_string}"},"query-input":{"@type":"PropertyValueSpecification","valueRequired":true,"valueName":"search_term_string"}}],"inLanguage":"es-ES"}]}},"_links":{"self":[{"href":"https:\/\/admin.industriall-union.org\/es\/wp-json\/wp\/v2\/article\/170108","targetHints":{"allow":["GET"]}}],"collection":[{"href":"https:\/\/admin.industriall-union.org\/es\/wp-json\/wp\/v2\/article"}],"about":[{"href":"https:\/\/admin.industriall-union.org\/es\/wp-json\/wp\/v2\/types\/article"}],"wp:attachment":[{"href":"https:\/\/admin.industriall-union.org\/es\/wp-json\/wp\/v2\/media?parent=170108"}],"wp:term":[{"taxonomy":"issues","embeddable":true,"href":"https:\/\/admin.industriall-union.org\/es\/wp-json\/wp\/v2\/issues?post=170108"},{"taxonomy":"companies","embeddable":true,"href":"https:\/\/admin.industriall-union.org\/es\/wp-json\/wp\/v2\/companies?post=170108"},{"taxonomy":"regions","embeddable":true,"href":"https:\/\/admin.industriall-union.org\/es\/wp-json\/wp\/v2\/regions?post=170108"},{"taxonomy":"sectors","embeddable":true,"href":"https:\/\/admin.industriall-union.org\/es\/wp-json\/wp\/v2\/sectors?post=170108"},{"taxonomy":"article_tags","embeddable":true,"href":"https:\/\/admin.industriall-union.org\/es\/wp-json\/wp\/v2\/article_tags?post=170108"}],"curies":[{"name":"wp","href":"https:\/\/api.w.org\/{rel}","templated":true}]}}