{"id":169890,"date":"2015-05-07T15:11:08","date_gmt":"2015-05-07T15:11:08","guid":{"rendered":"https:\/\/admin.industriall-union.org\/los-sindicatos-transmiten-un-fuerte-mensaje-a-los-accionistas-de-glencore\/"},"modified":"2025-02-07T14:17:09","modified_gmt":"2025-02-07T14:17:09","slug":"los-sindicatos-transmiten-un-fuerte-mensaje-a-los-accionistas-de-glencore","status":"publish","type":"article","link":"https:\/\/admin.industriall-union.org\/es\/los-sindicatos-transmiten-un-fuerte-mensaje-a-los-accionistas-de-glencore\/","title":{"rendered":"Los sindicatos transmiten un fuerte mensaje a los accionistas de Glencore"},"content":{"rendered":"<p>La delegaci\u00f3n internacional de la IndustriALL se reuni\u00f3 ante la sede en Zug, y distribuy\u00f3 a los accionistas folletos en los que se expon\u00edan numerosas violaciones por Glencore de los derechos de los trabajadores en todo el mundo inmediatamente antes de entrar la delegaci\u00f3n a la JGA para transmitir su mensaje, y despu\u00e9s.<\/p><p>En la reuni\u00f3n predominaron las cuestiones sindicales, y era imposible que la empresa siguiera encubri\u00e9ndolas. Algunos accionistas, desconocedores de las violaciones, salieron de la reuni\u00f3n indignados por el comportamiento de Glencore.<\/p><p>&ldquo;Incluso el director general consider\u00f3 que se planteaban cuestiones leg\u00edtimas y se comprometi\u00f3 a volver para hablar con la gente sobre el terreno. Estos asuntos tienen que resolverse, de una forma u otra&rdquo;, dice Glen Mpufane, director de miner\u00eda de la IndustriALL.<\/p><p>&ldquo;Su respuesta a mi intervenci\u00f3n sobre las violaciones de los derechos de los trabajadores en Colombia no era aceptable; la empresa alega que los trabajadores pueden elegir libremente afiliarse a un sindicato, pero la realidad es que los intimida&rdquo;, dice Igor Diaz, oficial de educaci\u00f3n en Sintracarbon y coordinador de la red de Glencore.<\/p><p>Rey Herrera, vicepresidente de la Secci\u00f3n local 235A del USW, inst\u00f3 a la empresa a poner fin inmediatamente al cierre patronal en sus operaciones en Shermin Alumina en Texas, y que el personal vuelva al trabajo y sigan negociando para concertar un contrato justo y equitativo.<\/p><p>&ldquo;Afirmaron que har\u00e1n un esfuerzo para hablar con nosotros, pero lo que dicen y lo que hacen son dos cosas diferentes&rdquo;, dice Herrera.<\/p><p>&ldquo;He asistido a muchas JGA y debo decir que logramos que se abordaran todos nuestros problemas. Me sent\u00ed muy satisfecho de hablar cara a cara con el director general de Glencore, Yvan Glasenberg, para discutir los problemas que se plantean en Estados Unidos, Colombia, Sud\u00e1frica y Australia, y s\u00f3lo podemos esperar que se ocupe la direcci\u00f3n&rdquo;, dice Wayne McAndrew, vicepresidente nacional de miner\u00eda y energ\u00eda de la CFMEU.<\/p><p>La delegaci\u00f3n internacional compuesta por afiliados a la IndustriALL del United Steelworkers (USW), la National Union of Mineworkers (NUM), la Construction, Forestry, Mining and Energy Union (CFMEU), y SintraCarbon pasaron toda la semana celebrando actos y reuniones de solidaridad con dirigentes pol\u00edticos y activistas de derechos humanos en Suiza.<\/p><p>Antes de la JGA, el objetivo era denunciar a Glencore y dejar claro que la pr\u00e1ctica de la empresa es muy diferente de su ret\u00f3rica.<\/p><p>Glen Mpufane dice:<\/p><blockquote><p>Glencore afirma que respeta a las comunidades, la negociaci\u00f3n colectiva y el derecho de los empleados a elegir libremente un sindicato, pero la IndustriALL tiene testimonios de los afiliados de m\u00e1s de 14 pa\u00edses de la constante brutalidad y la negaci\u00f3n de los derechos de los trabajadores en todas sus operaciones.<\/p><\/blockquote><p>En una conferencia p\u00fablica celebrada el 4 de mayo sobre una iniciativa de responsabilidad social corporativa de empresas multinacionales (EMN) con sede en Suiza se escucharon desgarradoras historias de violentos ataques de Glencore a los trabajadores y a las comunidades en Texas, Colombia, Sud\u00e1frica y Australia.<\/p><p>El 5 de mayo, la delegaci\u00f3n se reuni\u00f3 con la Oficina de Actividades para los Trabajadores de la Organizaci\u00f3n Internacional del Trabajo (OIT) a fin de defender su causa y explorar soluciones de la OIT.<\/p><p>La misi\u00f3n de la delegaci\u00f3n se vio realzada por una invitaci\u00f3n para dirigirse a los miembros del Parlamento del Gobierno Federal en Berna el 6 de mayo. La reuni\u00f3n confirm\u00f3 la urgente y apropiada necesidad de la iniciativa suiza sobre las EMN suizas. Se aprob\u00f3 un protocolo para la participaci\u00f3n, la consulta y la comunicaci\u00f3n con la IndustriALL.<\/p>","protected":false},"featured_media":0,"template":"","issues":[],"companies":[],"regions":[],"sectors":[],"article_tags":[],"class_list":["post-169890","article","type-article","status-publish","hentry"],"acf":[],"yoast_head":"<!-- This site is optimized with the Yoast SEO Premium plugin v27.1 (Yoast SEO v27.1) - https:\/\/yoast.com\/product\/yoast-seo-premium-wordpress\/ -->\n<title>Los sindicatos transmiten un fuerte mensaje a los accionistas de Glencore - industriall-union<\/title>\n<meta name=\"description\" content=\"La delegaci\u00f3n internacional de la IndustriALL se reuni\u00f3 ante la sede en Zug, y distribuy\u00f3 a los accionistas folletos en los que se expon\u00edan numerosas\" \/>\n<meta name=\"robots\" content=\"index, follow, max-snippet:-1, max-image-preview:large, max-video-preview:-1\" \/>\n<link rel=\"canonical\" href=\"https:\/\/admin.industriall-union.org\/es\/los-sindicatos-transmiten-un-fuerte-mensaje-a-los-accionistas-de-glencore\/\" \/>\n<meta property=\"og:locale\" content=\"es_ES\" \/>\n<meta property=\"og:type\" content=\"article\" \/>\n<meta property=\"og:title\" content=\"Los sindicatos transmiten un fuerte mensaje a los accionistas de Glencore\" \/>\n<meta property=\"og:description\" content=\"La delegaci\u00f3n internacional de la IndustriALL se reuni\u00f3 ante la sede en Zug, y distribuy\u00f3 a los accionistas folletos en los que se expon\u00edan numerosas\" \/>\n<meta property=\"og:url\" content=\"https:\/\/admin.industriall-union.org\/es\/los-sindicatos-transmiten-un-fuerte-mensaje-a-los-accionistas-de-glencore\/\" \/>\n<meta property=\"og:site_name\" content=\"industriall-union\" \/>\n<meta property=\"article:modified_time\" content=\"2025-02-07T14:17:09+00:00\" \/>\n<meta name=\"twitter:card\" content=\"summary_large_image\" \/>\n<meta name=\"twitter:label1\" content=\"Est. reading time\" \/>\n\t<meta name=\"twitter:data1\" content=\"3 minutes\" \/>\n<script type=\"application\/ld+json\" class=\"yoast-schema-graph\">{\"@context\":\"https:\/\/schema.org\",\"@graph\":[{\"@type\":\"WebPage\",\"@id\":\"https:\/\/admin.industriall-union.org\/es\/los-sindicatos-transmiten-un-fuerte-mensaje-a-los-accionistas-de-glencore\/\",\"url\":\"https:\/\/admin.industriall-union.org\/es\/los-sindicatos-transmiten-un-fuerte-mensaje-a-los-accionistas-de-glencore\/\",\"name\":\"Los sindicatos transmiten un fuerte mensaje a los accionistas de Glencore - industriall-union\",\"isPartOf\":{\"@id\":\"https:\/\/admin.industriall-union.org\/#website\"},\"datePublished\":\"2015-05-07T15:11:08+00:00\",\"dateModified\":\"2025-02-07T14:17:09+00:00\",\"description\":\"La delegaci\u00f3n internacional de la IndustriALL se reuni\u00f3 ante la sede en Zug, y distribuy\u00f3 a los accionistas folletos en los que se expon\u00edan numerosas\",\"breadcrumb\":{\"@id\":\"https:\/\/admin.industriall-union.org\/es\/los-sindicatos-transmiten-un-fuerte-mensaje-a-los-accionistas-de-glencore\/#breadcrumb\"},\"inLanguage\":\"es-ES\",\"potentialAction\":[{\"@type\":\"ReadAction\",\"target\":[\"https:\/\/admin.industriall-union.org\/es\/los-sindicatos-transmiten-un-fuerte-mensaje-a-los-accionistas-de-glencore\/\"]}]},{\"@type\":\"BreadcrumbList\",\"@id\":\"https:\/\/admin.industriall-union.org\/es\/los-sindicatos-transmiten-un-fuerte-mensaje-a-los-accionistas-de-glencore\/#breadcrumb\",\"itemListElement\":[{\"@type\":\"ListItem\",\"position\":1,\"name\":\"Home\",\"item\":\"https:\/\/admin.industriall-union.org\/\"},{\"@type\":\"ListItem\",\"position\":2,\"name\":\"Articles\",\"item\":\"https:\/\/admin.industriall-union.org\/article\/\"},{\"@type\":\"ListItem\",\"position\":3,\"name\":\"Los sindicatos transmiten un fuerte mensaje a los accionistas de Glencore\"}]},{\"@type\":\"WebSite\",\"@id\":\"https:\/\/admin.industriall-union.org\/#website\",\"url\":\"https:\/\/admin.industriall-union.org\/\",\"name\":\"industriall-union\",\"description\":\"\",\"potentialAction\":[{\"@type\":\"SearchAction\",\"target\":{\"@type\":\"EntryPoint\",\"urlTemplate\":\"https:\/\/admin.industriall-union.org\/?s={search_term_string}\"},\"query-input\":{\"@type\":\"PropertyValueSpecification\",\"valueRequired\":true,\"valueName\":\"search_term_string\"}}],\"inLanguage\":\"es-ES\"}]}<\/script>\n<!-- \/ Yoast SEO Premium plugin. -->","yoast_head_json":{"title":"Los sindicatos transmiten un fuerte mensaje a los accionistas de Glencore - industriall-union","description":"La delegaci\u00f3n internacional de la IndustriALL se reuni\u00f3 ante la sede en Zug, y distribuy\u00f3 a los accionistas folletos en los que se expon\u00edan numerosas","robots":{"index":"index","follow":"follow","max-snippet":"max-snippet:-1","max-image-preview":"max-image-preview:large","max-video-preview":"max-video-preview:-1"},"canonical":"https:\/\/admin.industriall-union.org\/es\/los-sindicatos-transmiten-un-fuerte-mensaje-a-los-accionistas-de-glencore\/","og_locale":"es_ES","og_type":"article","og_title":"Los sindicatos transmiten un fuerte mensaje a los accionistas de Glencore","og_description":"La delegaci\u00f3n internacional de la IndustriALL se reuni\u00f3 ante la sede en Zug, y distribuy\u00f3 a los accionistas folletos en los que se expon\u00edan numerosas","og_url":"https:\/\/admin.industriall-union.org\/es\/los-sindicatos-transmiten-un-fuerte-mensaje-a-los-accionistas-de-glencore\/","og_site_name":"industriall-union","article_modified_time":"2025-02-07T14:17:09+00:00","twitter_card":"summary_large_image","twitter_misc":{"Est. reading time":"3 minutes"},"schema":{"@context":"https:\/\/schema.org","@graph":[{"@type":"WebPage","@id":"https:\/\/admin.industriall-union.org\/es\/los-sindicatos-transmiten-un-fuerte-mensaje-a-los-accionistas-de-glencore\/","url":"https:\/\/admin.industriall-union.org\/es\/los-sindicatos-transmiten-un-fuerte-mensaje-a-los-accionistas-de-glencore\/","name":"Los sindicatos transmiten un fuerte mensaje a los accionistas de Glencore - industriall-union","isPartOf":{"@id":"https:\/\/admin.industriall-union.org\/#website"},"datePublished":"2015-05-07T15:11:08+00:00","dateModified":"2025-02-07T14:17:09+00:00","description":"La delegaci\u00f3n internacional de la IndustriALL se reuni\u00f3 ante la sede en Zug, y distribuy\u00f3 a los accionistas folletos en los que se expon\u00edan numerosas","breadcrumb":{"@id":"https:\/\/admin.industriall-union.org\/es\/los-sindicatos-transmiten-un-fuerte-mensaje-a-los-accionistas-de-glencore\/#breadcrumb"},"inLanguage":"es-ES","potentialAction":[{"@type":"ReadAction","target":["https:\/\/admin.industriall-union.org\/es\/los-sindicatos-transmiten-un-fuerte-mensaje-a-los-accionistas-de-glencore\/"]}]},{"@type":"BreadcrumbList","@id":"https:\/\/admin.industriall-union.org\/es\/los-sindicatos-transmiten-un-fuerte-mensaje-a-los-accionistas-de-glencore\/#breadcrumb","itemListElement":[{"@type":"ListItem","position":1,"name":"Home","item":"https:\/\/admin.industriall-union.org\/"},{"@type":"ListItem","position":2,"name":"Articles","item":"https:\/\/admin.industriall-union.org\/article\/"},{"@type":"ListItem","position":3,"name":"Los sindicatos transmiten un fuerte mensaje a los accionistas de Glencore"}]},{"@type":"WebSite","@id":"https:\/\/admin.industriall-union.org\/#website","url":"https:\/\/admin.industriall-union.org\/","name":"industriall-union","description":"","potentialAction":[{"@type":"SearchAction","target":{"@type":"EntryPoint","urlTemplate":"https:\/\/admin.industriall-union.org\/?s={search_term_string}"},"query-input":{"@type":"PropertyValueSpecification","valueRequired":true,"valueName":"search_term_string"}}],"inLanguage":"es-ES"}]}},"_links":{"self":[{"href":"https:\/\/admin.industriall-union.org\/es\/wp-json\/wp\/v2\/article\/169890","targetHints":{"allow":["GET"]}}],"collection":[{"href":"https:\/\/admin.industriall-union.org\/es\/wp-json\/wp\/v2\/article"}],"about":[{"href":"https:\/\/admin.industriall-union.org\/es\/wp-json\/wp\/v2\/types\/article"}],"wp:attachment":[{"href":"https:\/\/admin.industriall-union.org\/es\/wp-json\/wp\/v2\/media?parent=169890"}],"wp:term":[{"taxonomy":"issues","embeddable":true,"href":"https:\/\/admin.industriall-union.org\/es\/wp-json\/wp\/v2\/issues?post=169890"},{"taxonomy":"companies","embeddable":true,"href":"https:\/\/admin.industriall-union.org\/es\/wp-json\/wp\/v2\/companies?post=169890"},{"taxonomy":"regions","embeddable":true,"href":"https:\/\/admin.industriall-union.org\/es\/wp-json\/wp\/v2\/regions?post=169890"},{"taxonomy":"sectors","embeddable":true,"href":"https:\/\/admin.industriall-union.org\/es\/wp-json\/wp\/v2\/sectors?post=169890"},{"taxonomy":"article_tags","embeddable":true,"href":"https:\/\/admin.industriall-union.org\/es\/wp-json\/wp\/v2\/article_tags?post=169890"}],"curies":[{"name":"wp","href":"https:\/\/api.w.org\/{rel}","templated":true}]}}