{"id":169845,"date":"2015-05-18T15:33:15","date_gmt":"2015-05-18T15:33:15","guid":{"rendered":"https:\/\/admin.industriall-union.org\/la-multinacional-glencore-en-prodeco-es-condenada-a-pagar-60-023-millones-de-pesos-por-modificar-contrato-minero\/"},"modified":"2025-02-07T14:00:05","modified_gmt":"2025-02-07T14:00:05","slug":"la-multinacional-glencore-en-prodeco-es-condenada-a-pagar-60-023-millones-de-pesos-por-modificar-contrato-minero","status":"publish","type":"article","link":"https:\/\/admin.industriall-union.org\/es\/la-multinacional-glencore-en-prodeco-es-condenada-a-pagar-60-023-millones-de-pesos-por-modificar-contrato-minero\/","title":{"rendered":"La multinacional Glencore en Prodeco es condenada a pagar $60.023 millones de pesos por modificar contrato minero"},"content":{"rendered":"<p>Luego de una investigaci\u00f3n fiscal exhaustiva, la Contralor\u00eda General de Colombia decidi\u00f3 condenar al Grupo Prodeco -propiedad de la multinacional Glencore plc-, a Hern\u00e1n Mart\u00ednez Torres -quien fue ministro de Minas y Energ\u00eda entre el 2006 y 2010-, al exdirector de Ingeominas Mario Ballesteros y al director t\u00e9cnico de esa empresa, Jos\u00e9 Fernando Ceballos <strong>a pagar 60.023 millones de pesos.<\/strong><\/p><p><u><strong>Modificaciones sin estudio ni planificaci\u00f3n<\/strong><\/u><\/p><p>Todos ellos estuvieron implicados en <strong>la modificaci\u00f3n de un contrato de explotaci\u00f3n minera que afect\u00f3 el c\u00e1lculo de regal\u00eda b\u00e1sica, regal\u00eda adicional y compensaci\u00f3n por ingresos brutos<\/strong> para la producci\u00f3n en la Mina Calenturitas durante el 2010, a\u00f1o en que realizaron los cambios.<\/p><p>Seg\u00fan la Contralor\u00eda, los implicados efectuaron las modificaciones sin hacer los estudios previos ni la planeaci\u00f3n que requieren los contratos de gran miner\u00eda. Como consecuencia <strong>hubo una disminuci\u00f3n de m\u00e1s de 52.000 millones de pesos en las regal\u00edas<\/strong>.<\/p><p>El exministro Mart\u00ednez explic\u00f3 que Prodeco lo visit\u00f3 en el Ministerio de Minas para decirle que no estaba conforme con una cl\u00e1usula de regal\u00eda porque le imped\u00eda desarrollar la mina en tu totalidad. De todos modos<strong> asegura que \u00e9l se desentendi\u00f3 y les pidi\u00f3 que fueran a Ingeominas.<\/strong><\/p><p>A su vez los representantes de Prodeco indicaron que nunca creyeron que estaban actuando de manera irregular al modificar en contrato. Sin embargo la Contralor\u00eda asegura que posee las evidencias necesarias para demostrar que los condenados son culpables.<\/p><p>Si bien la multinacional Glencore afirma que respeta a las comunidades, la negociaci\u00f3n colectiva y los derechos de sus trabajadores, <strong><a href=\"http:\/\/www.industriall-union.org\/es\/los-sindicatos-transmiten-un-fuerte-mensaje-a-los-accionistas-de-glencore\" target=\"_self\">IndustriALL Global Union asegura que tiene conflictos laborales y comunitarios en todo el mundo<\/a><\/strong>. Por eso <strong>IndustriALL apoya la condena de la Contralor\u00eda General de Colombia<\/strong> que afirma que la empresa vulner\u00f3 &ldquo;el inter\u00e9s general, los principios de la funci\u00f3n administrativa y por consiguiente de los intereses patrimoniales del Estado Colombiano&rdquo;.<\/p><p>&ldquo;Con el proceder de las corporaciones multinacionales, Colombia ha perdido soberan\u00eda. Estas han afectado notablemente al medio ambiente y a las comunidades,&nbsp; han generado desplazamiento de los territorios y dejado a su paso enfermedades y pobreza. Mediante una delegaci\u00f3n sindical y de las comunidades. recientemente para el caso de Glencore, se hizo la denuncia correspondiente ante la asamblea de accionistas en Suiza&rdquo; explic\u00f3 Carlos Bustos Pati\u00f1o Coordinador de Proyectos IndustriALL-Colombia.<\/p>","protected":false},"featured_media":0,"template":"","issues":[409,425],"companies":[60],"regions":[254],"sectors":[495],"article_tags":[505,511,527],"class_list":["post-169845","article","type-article","status-publish","hentry","issues-multinational-companies-mncs","issues-workers-rights","companies-glencore","regions-latin-america-and-the-caribbean","sectors-mining","article_tags-collective-bargaining","article_tags-industriall","article_tags-social-protection"],"acf":[],"yoast_head":"<!-- This site is optimized with the Yoast SEO Premium plugin v27.1 (Yoast SEO v27.1) - https:\/\/yoast.com\/product\/yoast-seo-premium-wordpress\/ -->\n<title>La multinacional Glencore en Prodeco es condenada a pagar $60.023 millones de pesos por modificar contrato minero - industriall-union<\/title>\n<meta name=\"description\" content=\"Luego de una investigaci\u00f3n fiscal exhaustiva, la Contralor\u00eda General de Colombia decidi\u00f3 condenar al Grupo Prodeco -propiedad de la multinacional Glencore\" \/>\n<meta name=\"robots\" content=\"index, follow, max-snippet:-1, max-image-preview:large, max-video-preview:-1\" \/>\n<link rel=\"canonical\" href=\"https:\/\/admin.industriall-union.org\/es\/la-multinacional-glencore-en-prodeco-es-condenada-a-pagar-60-023-millones-de-pesos-por-modificar-contrato-minero\/\" \/>\n<meta property=\"og:locale\" content=\"es_ES\" \/>\n<meta property=\"og:type\" content=\"article\" \/>\n<meta property=\"og:title\" content=\"La multinacional Glencore en Prodeco es condenada a pagar $60.023 millones de pesos por modificar contrato minero\" \/>\n<meta property=\"og:description\" content=\"Luego de una investigaci\u00f3n fiscal exhaustiva, la Contralor\u00eda General de Colombia decidi\u00f3 condenar al Grupo Prodeco -propiedad de la multinacional Glencore\" \/>\n<meta property=\"og:url\" content=\"https:\/\/admin.industriall-union.org\/es\/la-multinacional-glencore-en-prodeco-es-condenada-a-pagar-60-023-millones-de-pesos-por-modificar-contrato-minero\/\" \/>\n<meta property=\"og:site_name\" content=\"industriall-union\" \/>\n<meta property=\"article:modified_time\" content=\"2025-02-07T14:00:05+00:00\" \/>\n<meta name=\"twitter:card\" content=\"summary_large_image\" \/>\n<meta name=\"twitter:label1\" content=\"Est. reading time\" \/>\n\t<meta name=\"twitter:data1\" content=\"2 minutes\" \/>\n<script type=\"application\/ld+json\" class=\"yoast-schema-graph\">{\"@context\":\"https:\/\/schema.org\",\"@graph\":[{\"@type\":\"WebPage\",\"@id\":\"https:\/\/admin.industriall-union.org\/es\/la-multinacional-glencore-en-prodeco-es-condenada-a-pagar-60-023-millones-de-pesos-por-modificar-contrato-minero\/\",\"url\":\"https:\/\/admin.industriall-union.org\/es\/la-multinacional-glencore-en-prodeco-es-condenada-a-pagar-60-023-millones-de-pesos-por-modificar-contrato-minero\/\",\"name\":\"La multinacional Glencore en Prodeco es condenada a pagar $60.023 millones de pesos por modificar contrato minero - industriall-union\",\"isPartOf\":{\"@id\":\"https:\/\/admin.industriall-union.org\/#website\"},\"datePublished\":\"2015-05-18T15:33:15+00:00\",\"dateModified\":\"2025-02-07T14:00:05+00:00\",\"description\":\"Luego de una investigaci\u00f3n fiscal exhaustiva, la Contralor\u00eda General de Colombia decidi\u00f3 condenar al Grupo Prodeco -propiedad de la multinacional Glencore\",\"breadcrumb\":{\"@id\":\"https:\/\/admin.industriall-union.org\/es\/la-multinacional-glencore-en-prodeco-es-condenada-a-pagar-60-023-millones-de-pesos-por-modificar-contrato-minero\/#breadcrumb\"},\"inLanguage\":\"es-ES\",\"potentialAction\":[{\"@type\":\"ReadAction\",\"target\":[\"https:\/\/admin.industriall-union.org\/es\/la-multinacional-glencore-en-prodeco-es-condenada-a-pagar-60-023-millones-de-pesos-por-modificar-contrato-minero\/\"]}]},{\"@type\":\"BreadcrumbList\",\"@id\":\"https:\/\/admin.industriall-union.org\/es\/la-multinacional-glencore-en-prodeco-es-condenada-a-pagar-60-023-millones-de-pesos-por-modificar-contrato-minero\/#breadcrumb\",\"itemListElement\":[{\"@type\":\"ListItem\",\"position\":1,\"name\":\"Home\",\"item\":\"https:\/\/admin.industriall-union.org\/\"},{\"@type\":\"ListItem\",\"position\":2,\"name\":\"Articles\",\"item\":\"https:\/\/admin.industriall-union.org\/article\/\"},{\"@type\":\"ListItem\",\"position\":3,\"name\":\"La multinacional Glencore en Prodeco es condenada a pagar $60.023 millones de pesos por modificar contrato minero\"}]},{\"@type\":\"WebSite\",\"@id\":\"https:\/\/admin.industriall-union.org\/#website\",\"url\":\"https:\/\/admin.industriall-union.org\/\",\"name\":\"industriall-union\",\"description\":\"\",\"potentialAction\":[{\"@type\":\"SearchAction\",\"target\":{\"@type\":\"EntryPoint\",\"urlTemplate\":\"https:\/\/admin.industriall-union.org\/?s={search_term_string}\"},\"query-input\":{\"@type\":\"PropertyValueSpecification\",\"valueRequired\":true,\"valueName\":\"search_term_string\"}}],\"inLanguage\":\"es-ES\"}]}<\/script>\n<!-- \/ Yoast SEO Premium plugin. -->","yoast_head_json":{"title":"La multinacional Glencore en Prodeco es condenada a pagar $60.023 millones de pesos por modificar contrato minero - industriall-union","description":"Luego de una investigaci\u00f3n fiscal exhaustiva, la Contralor\u00eda General de Colombia decidi\u00f3 condenar al Grupo Prodeco -propiedad de la multinacional Glencore","robots":{"index":"index","follow":"follow","max-snippet":"max-snippet:-1","max-image-preview":"max-image-preview:large","max-video-preview":"max-video-preview:-1"},"canonical":"https:\/\/admin.industriall-union.org\/es\/la-multinacional-glencore-en-prodeco-es-condenada-a-pagar-60-023-millones-de-pesos-por-modificar-contrato-minero\/","og_locale":"es_ES","og_type":"article","og_title":"La multinacional Glencore en Prodeco es condenada a pagar $60.023 millones de pesos por modificar contrato minero","og_description":"Luego de una investigaci\u00f3n fiscal exhaustiva, la Contralor\u00eda General de Colombia decidi\u00f3 condenar al Grupo Prodeco -propiedad de la multinacional Glencore","og_url":"https:\/\/admin.industriall-union.org\/es\/la-multinacional-glencore-en-prodeco-es-condenada-a-pagar-60-023-millones-de-pesos-por-modificar-contrato-minero\/","og_site_name":"industriall-union","article_modified_time":"2025-02-07T14:00:05+00:00","twitter_card":"summary_large_image","twitter_misc":{"Est. reading time":"2 minutes"},"schema":{"@context":"https:\/\/schema.org","@graph":[{"@type":"WebPage","@id":"https:\/\/admin.industriall-union.org\/es\/la-multinacional-glencore-en-prodeco-es-condenada-a-pagar-60-023-millones-de-pesos-por-modificar-contrato-minero\/","url":"https:\/\/admin.industriall-union.org\/es\/la-multinacional-glencore-en-prodeco-es-condenada-a-pagar-60-023-millones-de-pesos-por-modificar-contrato-minero\/","name":"La multinacional Glencore en Prodeco es condenada a pagar $60.023 millones de pesos por modificar contrato minero - industriall-union","isPartOf":{"@id":"https:\/\/admin.industriall-union.org\/#website"},"datePublished":"2015-05-18T15:33:15+00:00","dateModified":"2025-02-07T14:00:05+00:00","description":"Luego de una investigaci\u00f3n fiscal exhaustiva, la Contralor\u00eda General de Colombia decidi\u00f3 condenar al Grupo Prodeco -propiedad de la multinacional Glencore","breadcrumb":{"@id":"https:\/\/admin.industriall-union.org\/es\/la-multinacional-glencore-en-prodeco-es-condenada-a-pagar-60-023-millones-de-pesos-por-modificar-contrato-minero\/#breadcrumb"},"inLanguage":"es-ES","potentialAction":[{"@type":"ReadAction","target":["https:\/\/admin.industriall-union.org\/es\/la-multinacional-glencore-en-prodeco-es-condenada-a-pagar-60-023-millones-de-pesos-por-modificar-contrato-minero\/"]}]},{"@type":"BreadcrumbList","@id":"https:\/\/admin.industriall-union.org\/es\/la-multinacional-glencore-en-prodeco-es-condenada-a-pagar-60-023-millones-de-pesos-por-modificar-contrato-minero\/#breadcrumb","itemListElement":[{"@type":"ListItem","position":1,"name":"Home","item":"https:\/\/admin.industriall-union.org\/"},{"@type":"ListItem","position":2,"name":"Articles","item":"https:\/\/admin.industriall-union.org\/article\/"},{"@type":"ListItem","position":3,"name":"La multinacional Glencore en Prodeco es condenada a pagar $60.023 millones de pesos por modificar contrato minero"}]},{"@type":"WebSite","@id":"https:\/\/admin.industriall-union.org\/#website","url":"https:\/\/admin.industriall-union.org\/","name":"industriall-union","description":"","potentialAction":[{"@type":"SearchAction","target":{"@type":"EntryPoint","urlTemplate":"https:\/\/admin.industriall-union.org\/?s={search_term_string}"},"query-input":{"@type":"PropertyValueSpecification","valueRequired":true,"valueName":"search_term_string"}}],"inLanguage":"es-ES"}]}},"_links":{"self":[{"href":"https:\/\/admin.industriall-union.org\/es\/wp-json\/wp\/v2\/article\/169845","targetHints":{"allow":["GET"]}}],"collection":[{"href":"https:\/\/admin.industriall-union.org\/es\/wp-json\/wp\/v2\/article"}],"about":[{"href":"https:\/\/admin.industriall-union.org\/es\/wp-json\/wp\/v2\/types\/article"}],"wp:attachment":[{"href":"https:\/\/admin.industriall-union.org\/es\/wp-json\/wp\/v2\/media?parent=169845"}],"wp:term":[{"taxonomy":"issues","embeddable":true,"href":"https:\/\/admin.industriall-union.org\/es\/wp-json\/wp\/v2\/issues?post=169845"},{"taxonomy":"companies","embeddable":true,"href":"https:\/\/admin.industriall-union.org\/es\/wp-json\/wp\/v2\/companies?post=169845"},{"taxonomy":"regions","embeddable":true,"href":"https:\/\/admin.industriall-union.org\/es\/wp-json\/wp\/v2\/regions?post=169845"},{"taxonomy":"sectors","embeddable":true,"href":"https:\/\/admin.industriall-union.org\/es\/wp-json\/wp\/v2\/sectors?post=169845"},{"taxonomy":"article_tags","embeddable":true,"href":"https:\/\/admin.industriall-union.org\/es\/wp-json\/wp\/v2\/article_tags?post=169845"}],"curies":[{"name":"wp","href":"https:\/\/api.w.org\/{rel}","templated":true}]}}