{"id":169789,"date":"2015-05-19T15:29:30","date_gmt":"2015-05-19T15:29:30","guid":{"rendered":"https:\/\/admin.industriall-union.org\/planes-para-la-conferencia-mundial-de-la-mujer\/"},"modified":"2025-02-07T13:48:28","modified_gmt":"2025-02-07T13:48:28","slug":"planes-para-la-conferencia-mundial-de-la-mujer","status":"publish","type":"article","link":"https:\/\/admin.industriall-union.org\/es\/planes-para-la-conferencia-mundial-de-la-mujer\/","title":{"rendered":"Planes para la Conferencia Mundial de la Mujer"},"content":{"rendered":"<p>En esa Conferencia, se cree que participar\u00e1n unas 250 delegadas de sindicatos afiliados a IndustriALL en 140 pa\u00edses. La Conferencia, organizada por nuestro afiliado austriaco PRO-GE,&nbsp; se realizar\u00e1 entre el 14 y 16 de septiembre, en Viena, capital de Austria.<\/p><p>IndustriALL espera que a esta Conferencia asista el mayor n\u00famero posible de mujeres sindicalistas; este encuentro tambi\u00e9n ser\u00e1 transmitido en vivo en la web para quienes no puedan asistir.<\/p><p>En el orden del d\u00eda de la Conferencia figurar\u00e1n temas clave relacionados con salud y seguridad, violencia contra la mujer, protecci\u00f3n de la maternidad, y lograr sostenibilidad por v\u00eda del desarrollo sindical y la representaci\u00f3n de las mujeres.<\/p><p>En ocasi\u00f3n de la se\u00f1alada reuni\u00f3n preparatoria del Comit\u00e9 en Estocolmo, Jyrki Raina, Secretario General de IndustriALL, reafirmando su apoyo a la proposici\u00f3n de que las mujeres tengan una importante cuota de representaci\u00f3n, se\u00f1al\u00f3:<\/p><p>&quot;Quiero que se logre un 40% de mujeres en todos los niveles de dirigencia de IndustriALL&quot;. Agreg\u00f3 que \u00e9l mismo encabezar\u00e1 la campa\u00f1a en favor de la aprobaci\u00f3n de esta cuota en el Congreso de IndustriALL que se va a realizar en Brasil en octubre 2016.<\/p><p>Raina tambi\u00e9n record\u00f3 a los participantes que IndustriALL hace constantes esfuerzos para <a href=\"http:\/\/www.industriall-union.org\/es\/temas\/la-construccion-de-sindicatos-fuertes\/mujeres\" target=\"_blank\">empoderar a las mujeres<\/a> sindicalistas en todo el mundo.<\/p><p>Adem\u00e1s, confirm\u00f3 que ya existe una proporci\u00f3n de 50:50 de hombres y mujeres en puestos de copresidencia de los sectores de IndustriALL.<\/p><p>Se present\u00f3 a la reuni\u00f3n un proyecto de resoluci\u00f3n sobre la cuota para su revisi\u00f3n antes de la Conferencia Mundial en septiembre. Despu\u00e9s de este proceso, la resoluci\u00f3n se va a presentar al Congreso en 2016.<\/p><p>Por su parte, Monika Kemperle, Secretaria General Adjunta de IndustriALL, dijo:<\/p><p>&quot;Esta resoluci\u00f3n es una forma de expresar lo que queremos lograr. Despu\u00e9s de esto, habr\u00e1 que ver c\u00f3mo lo vamos a lograr en la pr\u00e1ctica&quot;.<\/p><p>La proposici\u00f3n de una cuota del 40% ha sido aprobada por Am\u00e9rica Latina, Asia-Pac\u00edfico y \u00c1frica, pero Europa y Norteam\u00e9rica todav\u00eda no han confirmado su apoyo al respecto.<\/p><p>Por otro lado, Monica Veloso, de la Confederaci\u00f3n Nacional de Trabajadores Metal\u00fargicos (CNTM) del Brasil, se\u00f1al\u00f3 lo siguiente:<\/p><p>&ldquo;No se ven muchas mujeres en cargos de dirigencia. Las mujeres est\u00e1n en los lugares de trabajo, pero no est\u00e1n en los sindicatos. Las mujeres deben participar plenamente y ser protagonistas en sus sindicatos a nivel nacional e internacional&rdquo;.<\/p><p>Varias participantes destacaron la importancia de la solidaridad y unidad entre las mujeres, as\u00ed como una mayor participaci\u00f3n de los hombres para ayudar a las mujeres a progresar en el movimiento sindical.<\/p><p>Kemperle agreg\u00f3 tambi\u00e9n que, adem\u00e1s de una resoluci\u00f3n sobre una cuota&nbsp; para garantizar la participaci\u00f3n de la mujer, IndustriALL debe procurar la sindicalizaci\u00f3n de m\u00e1s mujeres y j\u00f3venes, especialmente mujeres en sectores no-manuales y trabajos precarios.<\/p><p>&ldquo;Debe cambiar la conformaci\u00f3n de los sindicatos. Estos cambios deben reflejar la incorporaci\u00f3n de nuevas caras en la fuerza de trabajo &#8211; mujeres y j\u00f3venes&rdquo;, dijo Kemperle.<\/p><p>El plazo de inscripci\u00f3n para asistir a la Conferencia Mundial de la Mujer 2015 vence el 30 de junio.<\/p>","protected":false},"featured_media":0,"template":"","issues":[397],"companies":[],"regions":[247],"sectors":[],"article_tags":[],"class_list":["post-169789","article","type-article","status-publish","hentry","issues-women","regions-sweden"],"acf":[],"yoast_head":"<!-- This site is optimized with the Yoast SEO Premium plugin v27.1 (Yoast SEO v27.1) - https:\/\/yoast.com\/product\/yoast-seo-premium-wordpress\/ -->\n<title>Planes para la Conferencia Mundial de la Mujer - industriall-union<\/title>\n<meta name=\"description\" content=\"En esa Conferencia, se cree que participar\u00e1n unas 250 delegadas de sindicatos afiliados a IndustriALL en 140 pa\u00edses. La Conferencia, organizada por\" \/>\n<meta name=\"robots\" content=\"index, follow, max-snippet:-1, max-image-preview:large, max-video-preview:-1\" \/>\n<link rel=\"canonical\" href=\"https:\/\/admin.industriall-union.org\/es\/planes-para-la-conferencia-mundial-de-la-mujer\/\" \/>\n<meta property=\"og:locale\" content=\"es_ES\" \/>\n<meta property=\"og:type\" content=\"article\" \/>\n<meta property=\"og:title\" content=\"Planes para la Conferencia Mundial de la Mujer\" \/>\n<meta property=\"og:description\" content=\"En esa Conferencia, se cree que participar\u00e1n unas 250 delegadas de sindicatos afiliados a IndustriALL en 140 pa\u00edses. La Conferencia, organizada por\" \/>\n<meta property=\"og:url\" content=\"https:\/\/admin.industriall-union.org\/es\/planes-para-la-conferencia-mundial-de-la-mujer\/\" \/>\n<meta property=\"og:site_name\" content=\"industriall-union\" \/>\n<meta property=\"article:modified_time\" content=\"2025-02-07T13:48:28+00:00\" \/>\n<meta name=\"twitter:card\" content=\"summary_large_image\" \/>\n<meta name=\"twitter:label1\" content=\"Est. reading time\" \/>\n\t<meta name=\"twitter:data1\" content=\"3 minutes\" \/>\n<script type=\"application\/ld+json\" class=\"yoast-schema-graph\">{\"@context\":\"https:\/\/schema.org\",\"@graph\":[{\"@type\":\"WebPage\",\"@id\":\"https:\/\/admin.industriall-union.org\/es\/planes-para-la-conferencia-mundial-de-la-mujer\/\",\"url\":\"https:\/\/admin.industriall-union.org\/es\/planes-para-la-conferencia-mundial-de-la-mujer\/\",\"name\":\"Planes para la Conferencia Mundial de la Mujer - industriall-union\",\"isPartOf\":{\"@id\":\"https:\/\/admin.industriall-union.org\/#website\"},\"datePublished\":\"2015-05-19T15:29:30+00:00\",\"dateModified\":\"2025-02-07T13:48:28+00:00\",\"description\":\"En esa Conferencia, se cree que participar\u00e1n unas 250 delegadas de sindicatos afiliados a IndustriALL en 140 pa\u00edses. La Conferencia, organizada por\",\"breadcrumb\":{\"@id\":\"https:\/\/admin.industriall-union.org\/es\/planes-para-la-conferencia-mundial-de-la-mujer\/#breadcrumb\"},\"inLanguage\":\"es-ES\",\"potentialAction\":[{\"@type\":\"ReadAction\",\"target\":[\"https:\/\/admin.industriall-union.org\/es\/planes-para-la-conferencia-mundial-de-la-mujer\/\"]}]},{\"@type\":\"BreadcrumbList\",\"@id\":\"https:\/\/admin.industriall-union.org\/es\/planes-para-la-conferencia-mundial-de-la-mujer\/#breadcrumb\",\"itemListElement\":[{\"@type\":\"ListItem\",\"position\":1,\"name\":\"Home\",\"item\":\"https:\/\/admin.industriall-union.org\/\"},{\"@type\":\"ListItem\",\"position\":2,\"name\":\"Articles\",\"item\":\"https:\/\/admin.industriall-union.org\/article\/\"},{\"@type\":\"ListItem\",\"position\":3,\"name\":\"Planes para la Conferencia Mundial de la Mujer\"}]},{\"@type\":\"WebSite\",\"@id\":\"https:\/\/admin.industriall-union.org\/#website\",\"url\":\"https:\/\/admin.industriall-union.org\/\",\"name\":\"industriall-union\",\"description\":\"\",\"potentialAction\":[{\"@type\":\"SearchAction\",\"target\":{\"@type\":\"EntryPoint\",\"urlTemplate\":\"https:\/\/admin.industriall-union.org\/?s={search_term_string}\"},\"query-input\":{\"@type\":\"PropertyValueSpecification\",\"valueRequired\":true,\"valueName\":\"search_term_string\"}}],\"inLanguage\":\"es-ES\"}]}<\/script>\n<!-- \/ Yoast SEO Premium plugin. -->","yoast_head_json":{"title":"Planes para la Conferencia Mundial de la Mujer - industriall-union","description":"En esa Conferencia, se cree que participar\u00e1n unas 250 delegadas de sindicatos afiliados a IndustriALL en 140 pa\u00edses. La Conferencia, organizada por","robots":{"index":"index","follow":"follow","max-snippet":"max-snippet:-1","max-image-preview":"max-image-preview:large","max-video-preview":"max-video-preview:-1"},"canonical":"https:\/\/admin.industriall-union.org\/es\/planes-para-la-conferencia-mundial-de-la-mujer\/","og_locale":"es_ES","og_type":"article","og_title":"Planes para la Conferencia Mundial de la Mujer","og_description":"En esa Conferencia, se cree que participar\u00e1n unas 250 delegadas de sindicatos afiliados a IndustriALL en 140 pa\u00edses. La Conferencia, organizada por","og_url":"https:\/\/admin.industriall-union.org\/es\/planes-para-la-conferencia-mundial-de-la-mujer\/","og_site_name":"industriall-union","article_modified_time":"2025-02-07T13:48:28+00:00","twitter_card":"summary_large_image","twitter_misc":{"Est. reading time":"3 minutes"},"schema":{"@context":"https:\/\/schema.org","@graph":[{"@type":"WebPage","@id":"https:\/\/admin.industriall-union.org\/es\/planes-para-la-conferencia-mundial-de-la-mujer\/","url":"https:\/\/admin.industriall-union.org\/es\/planes-para-la-conferencia-mundial-de-la-mujer\/","name":"Planes para la Conferencia Mundial de la Mujer - industriall-union","isPartOf":{"@id":"https:\/\/admin.industriall-union.org\/#website"},"datePublished":"2015-05-19T15:29:30+00:00","dateModified":"2025-02-07T13:48:28+00:00","description":"En esa Conferencia, se cree que participar\u00e1n unas 250 delegadas de sindicatos afiliados a IndustriALL en 140 pa\u00edses. La Conferencia, organizada por","breadcrumb":{"@id":"https:\/\/admin.industriall-union.org\/es\/planes-para-la-conferencia-mundial-de-la-mujer\/#breadcrumb"},"inLanguage":"es-ES","potentialAction":[{"@type":"ReadAction","target":["https:\/\/admin.industriall-union.org\/es\/planes-para-la-conferencia-mundial-de-la-mujer\/"]}]},{"@type":"BreadcrumbList","@id":"https:\/\/admin.industriall-union.org\/es\/planes-para-la-conferencia-mundial-de-la-mujer\/#breadcrumb","itemListElement":[{"@type":"ListItem","position":1,"name":"Home","item":"https:\/\/admin.industriall-union.org\/"},{"@type":"ListItem","position":2,"name":"Articles","item":"https:\/\/admin.industriall-union.org\/article\/"},{"@type":"ListItem","position":3,"name":"Planes para la Conferencia Mundial de la Mujer"}]},{"@type":"WebSite","@id":"https:\/\/admin.industriall-union.org\/#website","url":"https:\/\/admin.industriall-union.org\/","name":"industriall-union","description":"","potentialAction":[{"@type":"SearchAction","target":{"@type":"EntryPoint","urlTemplate":"https:\/\/admin.industriall-union.org\/?s={search_term_string}"},"query-input":{"@type":"PropertyValueSpecification","valueRequired":true,"valueName":"search_term_string"}}],"inLanguage":"es-ES"}]}},"_links":{"self":[{"href":"https:\/\/admin.industriall-union.org\/es\/wp-json\/wp\/v2\/article\/169789","targetHints":{"allow":["GET"]}}],"collection":[{"href":"https:\/\/admin.industriall-union.org\/es\/wp-json\/wp\/v2\/article"}],"about":[{"href":"https:\/\/admin.industriall-union.org\/es\/wp-json\/wp\/v2\/types\/article"}],"wp:attachment":[{"href":"https:\/\/admin.industriall-union.org\/es\/wp-json\/wp\/v2\/media?parent=169789"}],"wp:term":[{"taxonomy":"issues","embeddable":true,"href":"https:\/\/admin.industriall-union.org\/es\/wp-json\/wp\/v2\/issues?post=169789"},{"taxonomy":"companies","embeddable":true,"href":"https:\/\/admin.industriall-union.org\/es\/wp-json\/wp\/v2\/companies?post=169789"},{"taxonomy":"regions","embeddable":true,"href":"https:\/\/admin.industriall-union.org\/es\/wp-json\/wp\/v2\/regions?post=169789"},{"taxonomy":"sectors","embeddable":true,"href":"https:\/\/admin.industriall-union.org\/es\/wp-json\/wp\/v2\/sectors?post=169789"},{"taxonomy":"article_tags","embeddable":true,"href":"https:\/\/admin.industriall-union.org\/es\/wp-json\/wp\/v2\/article_tags?post=169789"}],"curies":[{"name":"wp","href":"https:\/\/api.w.org\/{rel}","templated":true}]}}