{"id":169717,"date":"2015-05-28T07:36:16","date_gmt":"2015-05-28T07:36:16","guid":{"rendered":"https:\/\/admin.industriall-union.org\/afiliados-de-industriall-combaten-despidos-de-whirlpool-en-italia\/"},"modified":"2025-02-07T13:37:44","modified_gmt":"2025-02-07T13:37:44","slug":"afiliados-de-industriall-combaten-despidos-de-whirlpool-en-italia","status":"publish","type":"article","link":"https:\/\/admin.industriall-union.org\/es\/afiliados-de-industriall-combaten-despidos-de-whirlpool-en-italia\/","title":{"rendered":"Afiliados de IndustriALL combaten despidos de Whirlpool en Italia"},"content":{"rendered":"<p>Las protestas incluyeron una huelga general del sector, que se llev\u00f3 a cabo el 22 de mayo en la regi\u00f3n de Caserta. Por otra parte, el d\u00eda 25 de mayo, las protestas promovieron un paro de labores por tres horas en todo el Grupo Indesit.<\/p><p>Con estas protestas, los trabajadores quisieron responder a los despidos que se dieron a conocer a trav\u00e9s de un comunicado de prensa publicado por Whirlpool, el 20 de mayo. En ese comunicado, la empresa inform\u00f3 de otros 480 despidos de personal administrativo en las f\u00e1bricas de Indesit en Fabriano, (200 puestos de trabajo), Varese (200) y Mil\u00e1n (80).<\/p><p>En julio de 2014, la corporaci\u00f3n norteamericana Whirlpool adquiri\u00f3 la mayor\u00eda de las acciones de Indesit, gran empresa italiana que produce aparatos electrodom\u00e9sticos. Con esa adquisici\u00f3n, la corporaci\u00f3n norteamericana se\u00f1alada duplic\u00f3 su cartera de operaciones en Europa, el Medio Oriente y \u00c1frica.<\/p><p>Despu\u00e9s de la adquisici\u00f3n se\u00f1alada que dio por resultado una reestructuraci\u00f3n de la empresa, esta corporaci\u00f3n dej\u00f3 en claro que los despidos eran inevitables.<\/p><p>Sin embargo, los sindicatos creen que tales despidos se decidieron en forma unilateral, ya que anteriormente la compa\u00f1\u00eda hab\u00eda prometido que no iba a proceder con los despidos hasta el a\u00f1o 2018. En total, 940 despidos ya hab\u00edan sido previstos por Indesit, y el 16 de abril Whirlpool dio a conocer la eliminaci\u00f3n de otros 400 puestos de trabajo.<\/p><p>Seg\u00fan los sindicatos, se estima que en total alcanzar\u00e1 2.060 el n\u00famero de despidos en toda Italia. Esto representar\u00eda un tercio de la fuerza de trabajo de producci\u00f3n de la compa\u00f1\u00eda en Italia, que actualmente consta de 6.740 trabajadores.<\/p><p>La decisi\u00f3n de la empresa horroriz\u00f3 al gobierno italiano que particip\u00f3 en las negociaciones, incluyendo a la Ministra de Desarrollo Econ\u00f3mico, Federica Guidi, quien hab\u00eda participado durante un mes en las negociaciones infructuosas. La Ministra calific\u00f3 el comunicado de la empresa como &ldquo;un plan atroz&rdquo;.<\/p><p>Despu\u00e9s de las huelgas realizadas, FIM-CISL, FIOM-CGIL y UILM informaron que se ha programado realizar en Varese, el 12 de junio de 2015, una manifestaci\u00f3n nacional.<\/p>","protected":false},"featured_media":0,"template":"","issues":[406],"companies":[76,147],"regions":[224],"sectors":[491],"article_tags":[],"class_list":["post-169717","article","type-article","status-publish","hentry","issues-confronting-global-capital","companies-indesit","companies-whirlpool","regions-italy","sectors-electrical"],"acf":[],"yoast_head":"<!-- This site is optimized with the Yoast SEO Premium plugin v27.1 (Yoast SEO v27.1) - https:\/\/yoast.com\/product\/yoast-seo-premium-wordpress\/ -->\n<title>Afiliados de IndustriALL combaten despidos de Whirlpool en Italia - industriall-union<\/title>\n<meta name=\"description\" content=\"Las protestas incluyeron una huelga general del sector, que se llev\u00f3 a cabo el 22 de mayo en la regi\u00f3n de Caserta. Por otra parte, el d\u00eda 25 de mayo, las\" \/>\n<meta name=\"robots\" content=\"index, follow, max-snippet:-1, max-image-preview:large, max-video-preview:-1\" \/>\n<link rel=\"canonical\" href=\"https:\/\/admin.industriall-union.org\/es\/afiliados-de-industriall-combaten-despidos-de-whirlpool-en-italia\/\" \/>\n<meta property=\"og:locale\" content=\"es_ES\" \/>\n<meta property=\"og:type\" content=\"article\" \/>\n<meta property=\"og:title\" content=\"Afiliados de IndustriALL combaten despidos de Whirlpool en Italia\" \/>\n<meta property=\"og:description\" content=\"Las protestas incluyeron una huelga general del sector, que se llev\u00f3 a cabo el 22 de mayo en la regi\u00f3n de Caserta. Por otra parte, el d\u00eda 25 de mayo, las\" \/>\n<meta property=\"og:url\" content=\"https:\/\/admin.industriall-union.org\/es\/afiliados-de-industriall-combaten-despidos-de-whirlpool-en-italia\/\" \/>\n<meta property=\"og:site_name\" content=\"industriall-union\" \/>\n<meta property=\"article:modified_time\" content=\"2025-02-07T13:37:44+00:00\" \/>\n<meta name=\"twitter:card\" content=\"summary_large_image\" \/>\n<meta name=\"twitter:label1\" content=\"Est. reading time\" \/>\n\t<meta name=\"twitter:data1\" content=\"2 minutes\" \/>\n<script type=\"application\/ld+json\" class=\"yoast-schema-graph\">{\"@context\":\"https:\/\/schema.org\",\"@graph\":[{\"@type\":\"WebPage\",\"@id\":\"https:\/\/admin.industriall-union.org\/es\/afiliados-de-industriall-combaten-despidos-de-whirlpool-en-italia\/\",\"url\":\"https:\/\/admin.industriall-union.org\/es\/afiliados-de-industriall-combaten-despidos-de-whirlpool-en-italia\/\",\"name\":\"Afiliados de IndustriALL combaten despidos de Whirlpool en Italia - industriall-union\",\"isPartOf\":{\"@id\":\"https:\/\/admin.industriall-union.org\/#website\"},\"datePublished\":\"2015-05-28T07:36:16+00:00\",\"dateModified\":\"2025-02-07T13:37:44+00:00\",\"description\":\"Las protestas incluyeron una huelga general del sector, que se llev\u00f3 a cabo el 22 de mayo en la regi\u00f3n de Caserta. Por otra parte, el d\u00eda 25 de mayo, las\",\"breadcrumb\":{\"@id\":\"https:\/\/admin.industriall-union.org\/es\/afiliados-de-industriall-combaten-despidos-de-whirlpool-en-italia\/#breadcrumb\"},\"inLanguage\":\"es-ES\",\"potentialAction\":[{\"@type\":\"ReadAction\",\"target\":[\"https:\/\/admin.industriall-union.org\/es\/afiliados-de-industriall-combaten-despidos-de-whirlpool-en-italia\/\"]}]},{\"@type\":\"BreadcrumbList\",\"@id\":\"https:\/\/admin.industriall-union.org\/es\/afiliados-de-industriall-combaten-despidos-de-whirlpool-en-italia\/#breadcrumb\",\"itemListElement\":[{\"@type\":\"ListItem\",\"position\":1,\"name\":\"Home\",\"item\":\"https:\/\/admin.industriall-union.org\/\"},{\"@type\":\"ListItem\",\"position\":2,\"name\":\"Articles\",\"item\":\"https:\/\/admin.industriall-union.org\/article\/\"},{\"@type\":\"ListItem\",\"position\":3,\"name\":\"Afiliados de IndustriALL combaten despidos de Whirlpool en Italia\"}]},{\"@type\":\"WebSite\",\"@id\":\"https:\/\/admin.industriall-union.org\/#website\",\"url\":\"https:\/\/admin.industriall-union.org\/\",\"name\":\"industriall-union\",\"description\":\"\",\"potentialAction\":[{\"@type\":\"SearchAction\",\"target\":{\"@type\":\"EntryPoint\",\"urlTemplate\":\"https:\/\/admin.industriall-union.org\/?s={search_term_string}\"},\"query-input\":{\"@type\":\"PropertyValueSpecification\",\"valueRequired\":true,\"valueName\":\"search_term_string\"}}],\"inLanguage\":\"es-ES\"}]}<\/script>\n<!-- \/ Yoast SEO Premium plugin. -->","yoast_head_json":{"title":"Afiliados de IndustriALL combaten despidos de Whirlpool en Italia - industriall-union","description":"Las protestas incluyeron una huelga general del sector, que se llev\u00f3 a cabo el 22 de mayo en la regi\u00f3n de Caserta. Por otra parte, el d\u00eda 25 de mayo, las","robots":{"index":"index","follow":"follow","max-snippet":"max-snippet:-1","max-image-preview":"max-image-preview:large","max-video-preview":"max-video-preview:-1"},"canonical":"https:\/\/admin.industriall-union.org\/es\/afiliados-de-industriall-combaten-despidos-de-whirlpool-en-italia\/","og_locale":"es_ES","og_type":"article","og_title":"Afiliados de IndustriALL combaten despidos de Whirlpool en Italia","og_description":"Las protestas incluyeron una huelga general del sector, que se llev\u00f3 a cabo el 22 de mayo en la regi\u00f3n de Caserta. Por otra parte, el d\u00eda 25 de mayo, las","og_url":"https:\/\/admin.industriall-union.org\/es\/afiliados-de-industriall-combaten-despidos-de-whirlpool-en-italia\/","og_site_name":"industriall-union","article_modified_time":"2025-02-07T13:37:44+00:00","twitter_card":"summary_large_image","twitter_misc":{"Est. reading time":"2 minutes"},"schema":{"@context":"https:\/\/schema.org","@graph":[{"@type":"WebPage","@id":"https:\/\/admin.industriall-union.org\/es\/afiliados-de-industriall-combaten-despidos-de-whirlpool-en-italia\/","url":"https:\/\/admin.industriall-union.org\/es\/afiliados-de-industriall-combaten-despidos-de-whirlpool-en-italia\/","name":"Afiliados de IndustriALL combaten despidos de Whirlpool en Italia - industriall-union","isPartOf":{"@id":"https:\/\/admin.industriall-union.org\/#website"},"datePublished":"2015-05-28T07:36:16+00:00","dateModified":"2025-02-07T13:37:44+00:00","description":"Las protestas incluyeron una huelga general del sector, que se llev\u00f3 a cabo el 22 de mayo en la regi\u00f3n de Caserta. Por otra parte, el d\u00eda 25 de mayo, las","breadcrumb":{"@id":"https:\/\/admin.industriall-union.org\/es\/afiliados-de-industriall-combaten-despidos-de-whirlpool-en-italia\/#breadcrumb"},"inLanguage":"es-ES","potentialAction":[{"@type":"ReadAction","target":["https:\/\/admin.industriall-union.org\/es\/afiliados-de-industriall-combaten-despidos-de-whirlpool-en-italia\/"]}]},{"@type":"BreadcrumbList","@id":"https:\/\/admin.industriall-union.org\/es\/afiliados-de-industriall-combaten-despidos-de-whirlpool-en-italia\/#breadcrumb","itemListElement":[{"@type":"ListItem","position":1,"name":"Home","item":"https:\/\/admin.industriall-union.org\/"},{"@type":"ListItem","position":2,"name":"Articles","item":"https:\/\/admin.industriall-union.org\/article\/"},{"@type":"ListItem","position":3,"name":"Afiliados de IndustriALL combaten despidos de Whirlpool en Italia"}]},{"@type":"WebSite","@id":"https:\/\/admin.industriall-union.org\/#website","url":"https:\/\/admin.industriall-union.org\/","name":"industriall-union","description":"","potentialAction":[{"@type":"SearchAction","target":{"@type":"EntryPoint","urlTemplate":"https:\/\/admin.industriall-union.org\/?s={search_term_string}"},"query-input":{"@type":"PropertyValueSpecification","valueRequired":true,"valueName":"search_term_string"}}],"inLanguage":"es-ES"}]}},"_links":{"self":[{"href":"https:\/\/admin.industriall-union.org\/es\/wp-json\/wp\/v2\/article\/169717","targetHints":{"allow":["GET"]}}],"collection":[{"href":"https:\/\/admin.industriall-union.org\/es\/wp-json\/wp\/v2\/article"}],"about":[{"href":"https:\/\/admin.industriall-union.org\/es\/wp-json\/wp\/v2\/types\/article"}],"wp:attachment":[{"href":"https:\/\/admin.industriall-union.org\/es\/wp-json\/wp\/v2\/media?parent=169717"}],"wp:term":[{"taxonomy":"issues","embeddable":true,"href":"https:\/\/admin.industriall-union.org\/es\/wp-json\/wp\/v2\/issues?post=169717"},{"taxonomy":"companies","embeddable":true,"href":"https:\/\/admin.industriall-union.org\/es\/wp-json\/wp\/v2\/companies?post=169717"},{"taxonomy":"regions","embeddable":true,"href":"https:\/\/admin.industriall-union.org\/es\/wp-json\/wp\/v2\/regions?post=169717"},{"taxonomy":"sectors","embeddable":true,"href":"https:\/\/admin.industriall-union.org\/es\/wp-json\/wp\/v2\/sectors?post=169717"},{"taxonomy":"article_tags","embeddable":true,"href":"https:\/\/admin.industriall-union.org\/es\/wp-json\/wp\/v2\/article_tags?post=169717"}],"curies":[{"name":"wp","href":"https:\/\/api.w.org\/{rel}","templated":true}]}}