{"id":169677,"date":"2015-05-28T15:57:32","date_gmt":"2015-05-28T15:57:32","guid":{"rendered":"https:\/\/admin.industriall-union.org\/reunion-del-comite-ejecutivo-de-la-industriall-en-estocolmo\/"},"modified":"2025-02-07T13:29:57","modified_gmt":"2025-02-07T13:29:57","slug":"reunion-del-comite-ejecutivo-de-la-industriall-en-estocolmo","status":"publish","type":"article","link":"https:\/\/admin.industriall-union.org\/es\/reunion-del-comite-ejecutivo-de-la-industriall-en-estocolmo\/","title":{"rendered":"Reuni\u00f3n del Comit\u00e9 Ejecutivo de la IndustriALL en Estocolmo"},"content":{"rendered":"<p>El primer ministro sueco, Stefan L\u00f6fven, ex presidente de IF Metall, afiliado a la IndustriALL, se dirigi\u00f3 a los participantes e intervino en un debate sobre la globalizaci\u00f3n y la justicia social. Se necesita un nuevo acuerdo global basado en el respeto mutuo.<\/p><p>En el debate sobre la globalizaci\u00f3n, L\u00f6fven elogi\u00f3 la labor de la IndustriALLy de sus afiliados contra el asbesto y el antisindicalismo canadiense.<\/p><p>L\u00f6fven dijo a los participantes:<\/p><blockquote><p>Deben sentirse orgullosos, porque est\u00e1n haciendo una gran labor.<\/p><\/blockquote><p><strong>Organizaci\u00f3n de campa\u00f1as<\/strong><\/p><p>Durante los dos d\u00edas, los delegados discutieron las acciones y los logros de la IndustriALL, incluidos los pa\u00edses prioritarios, las campa\u00f1as y los <a href=\"http:\/\/www.industriall-union.org\/es\/temas\/frente-al-capital-global\/acuerdos-marco-globales\" target=\"_blank\">Acuerdos Marco Globales<\/a> (AMG), en l\u00ednea con los objetivos estrat\u00e9gicos de la organizaci\u00f3n.<\/p><p>Entre los pa\u00edses analizados figur\u00f3 <a href=\"http:\/\/www.industriall-union.org\/es\/perfil-myanmar-la-nueva-frontera-sindical\" target=\"_blank\">Myanmar<\/a>, que se uni\u00f3 a la IndustriALL en enero de 2015. En un pa\u00eds donde los sindicatos fueron ilegales hasta 2012 es necesario formar a nuevos sindicalistas en la organizaci\u00f3n de los trabajadores y la negociaci\u00f3n colectiva. Khaing Zar, del afiliado a la IndustriALL IWFM, dijo que el sindicato pretende reclutar a 20.000 nuevos miembros para finales de a\u00f1o.<\/p><p>El Comit\u00e9 Ejecutivo aprob\u00f3 la actuaci\u00f3n en China, centr\u00e1ndose en el desarrollo de la democracia a nivel local, especialmente en empresas con las que la IndustriALL tiene un AMG, un Comit\u00e9 de Empresa Mundial&nbsp; o una red.<\/p><p>El Comit\u00e9 Ejecutivo apoy\u00f3 las acciones de la IndustriALL para impulsar el establecimiento de la negociaci\u00f3n a nivel industrial en los pa\u00edses productores de prendas de vestir. La. IndustriALL est\u00e1 trabajando con las principales marcas de ropa mundiales que han firmado un memorando de entendimiento con la organizaci\u00f3n, para que las f\u00e1bricas proveedoras y los sindicatos negocien convenios colectivos a nivel de la industria de obligado cumplimiento sobre salarios dignos y para garantizar que las pr\u00e1cticas de las marcas compradoras permitan el pago del salario negociado. Camboya y Bangladesh se consideraron pa\u00edses prioritarios en este nuevo enfoque. La IndustriALL seguir\u00e1 apoyando todas las luchas de los afiliados para aumentar los salarios m\u00ednimos y negociar un <a href=\"http:\/\/www.industriall-union.org\/es\/temas\/justicia-social-y-la-globalizacion\/salario-vital\" target=\"_blank\">salario digno<\/a>.<\/p><p>El 7 de octubre es el D\u00eda Mundial del Trabajo Decente, y jornada de acci\u00f3n de la campa\u00f1a <a href=\"http:\/\/www.industriall-union.org\/es\/temas\/justicia-social-y-la-globalizacion\/stop-al-trabajo-precario\" target=\"_blank\">STOP al trabajo precario<\/a>. El Comit\u00e9 Ejecutivo aprob\u00f3 las acciones en curso y el nuevo procedimiento para llamar la atenci\u00f3n &nbsp;sobre c\u00f3mo el trabajo precario repercute en la sociedad m\u00e1s all\u00e1 del lugar de trabajo.<\/p><p><strong>Adopci\u00f3n de resoluciones sobre seguridad<\/strong><\/p><p>La IndustriALL continuar\u00e1 denunciando las pr\u00e1cticas de los contratos de protecci\u00f3n y otras violaciones de los derechos laborales. A dos sindicatos afiliados de M\u00e9xico se les dio un ultim\u00e1tum para firmar un memorando de entendimiento contra los contratos de protecci\u00f3n y para demostrar el cumplimiento, o corren el riesgo de ser expulsados en la pr\u00f3xima reuni\u00f3n del Comit\u00e9 Ejecutivo, que se celebrar\u00e1 en diciembre de 2015.<\/p><p>Los trabajadores sider\u00fargicos del Reino Unido est\u00e1n luchando contra uno de los mayores productores de acero del mundo, TATA Steel, pues la empresa ha decidido cerrar un plan de pensiones. El Comit\u00e9 Ejecutivo aprob\u00f3 una <a href=\"http:\/\/www.industriall-union.org\/es\/la-industriall-respalda-a-los-trabajadores-siderurgicos-britanicos\" target=\"_blank\">resoluci\u00f3n<\/a> en la que se pide que la IndustriALL aborde la situaci\u00f3n con TATA Steel.<\/p><p>El Comit\u00e9 Ejecutivo de la IndustriALL aprob\u00f3 una resoluci\u00f3n de solidaridad en apoyo de la lucha de los trabajadores metal\u00fargicos en Turqu\u00eda. Varios miles de trabajadores de la industria de la automoci\u00f3n han <a href=\"http:\/\/www.industriall-union.org\/es\/la-industriall-respalda-la-lucha-de-los-trabajadores-metalurgicos-en-turquia\" target=\"_blank\">abandonado el trabajo<\/a>, exigiendo un salario digno y la derogaci\u00f3n de su pertenencia al sindicato Turk Metal, favorable a la empresa.<\/p>","protected":false},"featured_media":0,"template":"","issues":[],"companies":[],"regions":[],"sectors":[],"article_tags":[],"class_list":["post-169677","article","type-article","status-publish","hentry"],"acf":[],"yoast_head":"<!-- This site is optimized with the Yoast SEO Premium plugin v27.1 (Yoast SEO v27.1) - https:\/\/yoast.com\/product\/yoast-seo-premium-wordpress\/ -->\n<title>Reuni\u00f3n del Comit\u00e9 Ejecutivo de la IndustriALL en Estocolmo - industriall-union<\/title>\n<meta name=\"description\" content=\"El primer ministro sueco, Stefan L\u00f6fven, ex presidente de IF Metall, afiliado a la IndustriALL, se dirigi\u00f3 a los participantes e intervino en un debate\" \/>\n<meta name=\"robots\" content=\"index, follow, max-snippet:-1, max-image-preview:large, max-video-preview:-1\" \/>\n<link rel=\"canonical\" href=\"https:\/\/admin.industriall-union.org\/es\/reunion-del-comite-ejecutivo-de-la-industriall-en-estocolmo\/\" \/>\n<meta property=\"og:locale\" content=\"es_ES\" \/>\n<meta property=\"og:type\" content=\"article\" \/>\n<meta property=\"og:title\" content=\"Reuni\u00f3n del Comit\u00e9 Ejecutivo de la IndustriALL en Estocolmo\" \/>\n<meta property=\"og:description\" content=\"El primer ministro sueco, Stefan L\u00f6fven, ex presidente de IF Metall, afiliado a la IndustriALL, se dirigi\u00f3 a los participantes e intervino en un debate\" \/>\n<meta property=\"og:url\" content=\"https:\/\/admin.industriall-union.org\/es\/reunion-del-comite-ejecutivo-de-la-industriall-en-estocolmo\/\" \/>\n<meta property=\"og:site_name\" content=\"industriall-union\" \/>\n<meta property=\"article:modified_time\" content=\"2025-02-07T13:29:57+00:00\" \/>\n<meta name=\"twitter:card\" content=\"summary_large_image\" \/>\n<meta name=\"twitter:label1\" content=\"Est. reading time\" \/>\n\t<meta name=\"twitter:data1\" content=\"3 minutes\" \/>\n<script type=\"application\/ld+json\" class=\"yoast-schema-graph\">{\"@context\":\"https:\/\/schema.org\",\"@graph\":[{\"@type\":\"WebPage\",\"@id\":\"https:\/\/admin.industriall-union.org\/es\/reunion-del-comite-ejecutivo-de-la-industriall-en-estocolmo\/\",\"url\":\"https:\/\/admin.industriall-union.org\/es\/reunion-del-comite-ejecutivo-de-la-industriall-en-estocolmo\/\",\"name\":\"Reuni\u00f3n del Comit\u00e9 Ejecutivo de la IndustriALL en Estocolmo - industriall-union\",\"isPartOf\":{\"@id\":\"https:\/\/admin.industriall-union.org\/#website\"},\"datePublished\":\"2015-05-28T15:57:32+00:00\",\"dateModified\":\"2025-02-07T13:29:57+00:00\",\"description\":\"El primer ministro sueco, Stefan L\u00f6fven, ex presidente de IF Metall, afiliado a la IndustriALL, se dirigi\u00f3 a los participantes e intervino en un debate\",\"breadcrumb\":{\"@id\":\"https:\/\/admin.industriall-union.org\/es\/reunion-del-comite-ejecutivo-de-la-industriall-en-estocolmo\/#breadcrumb\"},\"inLanguage\":\"es-ES\",\"potentialAction\":[{\"@type\":\"ReadAction\",\"target\":[\"https:\/\/admin.industriall-union.org\/es\/reunion-del-comite-ejecutivo-de-la-industriall-en-estocolmo\/\"]}]},{\"@type\":\"BreadcrumbList\",\"@id\":\"https:\/\/admin.industriall-union.org\/es\/reunion-del-comite-ejecutivo-de-la-industriall-en-estocolmo\/#breadcrumb\",\"itemListElement\":[{\"@type\":\"ListItem\",\"position\":1,\"name\":\"Home\",\"item\":\"https:\/\/admin.industriall-union.org\/\"},{\"@type\":\"ListItem\",\"position\":2,\"name\":\"Articles\",\"item\":\"https:\/\/admin.industriall-union.org\/article\/\"},{\"@type\":\"ListItem\",\"position\":3,\"name\":\"Reuni\u00f3n del Comit\u00e9 Ejecutivo de la IndustriALL en Estocolmo\"}]},{\"@type\":\"WebSite\",\"@id\":\"https:\/\/admin.industriall-union.org\/#website\",\"url\":\"https:\/\/admin.industriall-union.org\/\",\"name\":\"industriall-union\",\"description\":\"\",\"potentialAction\":[{\"@type\":\"SearchAction\",\"target\":{\"@type\":\"EntryPoint\",\"urlTemplate\":\"https:\/\/admin.industriall-union.org\/?s={search_term_string}\"},\"query-input\":{\"@type\":\"PropertyValueSpecification\",\"valueRequired\":true,\"valueName\":\"search_term_string\"}}],\"inLanguage\":\"es-ES\"}]}<\/script>\n<!-- \/ Yoast SEO Premium plugin. -->","yoast_head_json":{"title":"Reuni\u00f3n del Comit\u00e9 Ejecutivo de la IndustriALL en Estocolmo - industriall-union","description":"El primer ministro sueco, Stefan L\u00f6fven, ex presidente de IF Metall, afiliado a la IndustriALL, se dirigi\u00f3 a los participantes e intervino en un debate","robots":{"index":"index","follow":"follow","max-snippet":"max-snippet:-1","max-image-preview":"max-image-preview:large","max-video-preview":"max-video-preview:-1"},"canonical":"https:\/\/admin.industriall-union.org\/es\/reunion-del-comite-ejecutivo-de-la-industriall-en-estocolmo\/","og_locale":"es_ES","og_type":"article","og_title":"Reuni\u00f3n del Comit\u00e9 Ejecutivo de la IndustriALL en Estocolmo","og_description":"El primer ministro sueco, Stefan L\u00f6fven, ex presidente de IF Metall, afiliado a la IndustriALL, se dirigi\u00f3 a los participantes e intervino en un debate","og_url":"https:\/\/admin.industriall-union.org\/es\/reunion-del-comite-ejecutivo-de-la-industriall-en-estocolmo\/","og_site_name":"industriall-union","article_modified_time":"2025-02-07T13:29:57+00:00","twitter_card":"summary_large_image","twitter_misc":{"Est. reading time":"3 minutes"},"schema":{"@context":"https:\/\/schema.org","@graph":[{"@type":"WebPage","@id":"https:\/\/admin.industriall-union.org\/es\/reunion-del-comite-ejecutivo-de-la-industriall-en-estocolmo\/","url":"https:\/\/admin.industriall-union.org\/es\/reunion-del-comite-ejecutivo-de-la-industriall-en-estocolmo\/","name":"Reuni\u00f3n del Comit\u00e9 Ejecutivo de la IndustriALL en Estocolmo - industriall-union","isPartOf":{"@id":"https:\/\/admin.industriall-union.org\/#website"},"datePublished":"2015-05-28T15:57:32+00:00","dateModified":"2025-02-07T13:29:57+00:00","description":"El primer ministro sueco, Stefan L\u00f6fven, ex presidente de IF Metall, afiliado a la IndustriALL, se dirigi\u00f3 a los participantes e intervino en un debate","breadcrumb":{"@id":"https:\/\/admin.industriall-union.org\/es\/reunion-del-comite-ejecutivo-de-la-industriall-en-estocolmo\/#breadcrumb"},"inLanguage":"es-ES","potentialAction":[{"@type":"ReadAction","target":["https:\/\/admin.industriall-union.org\/es\/reunion-del-comite-ejecutivo-de-la-industriall-en-estocolmo\/"]}]},{"@type":"BreadcrumbList","@id":"https:\/\/admin.industriall-union.org\/es\/reunion-del-comite-ejecutivo-de-la-industriall-en-estocolmo\/#breadcrumb","itemListElement":[{"@type":"ListItem","position":1,"name":"Home","item":"https:\/\/admin.industriall-union.org\/"},{"@type":"ListItem","position":2,"name":"Articles","item":"https:\/\/admin.industriall-union.org\/article\/"},{"@type":"ListItem","position":3,"name":"Reuni\u00f3n del Comit\u00e9 Ejecutivo de la IndustriALL en Estocolmo"}]},{"@type":"WebSite","@id":"https:\/\/admin.industriall-union.org\/#website","url":"https:\/\/admin.industriall-union.org\/","name":"industriall-union","description":"","potentialAction":[{"@type":"SearchAction","target":{"@type":"EntryPoint","urlTemplate":"https:\/\/admin.industriall-union.org\/?s={search_term_string}"},"query-input":{"@type":"PropertyValueSpecification","valueRequired":true,"valueName":"search_term_string"}}],"inLanguage":"es-ES"}]}},"_links":{"self":[{"href":"https:\/\/admin.industriall-union.org\/es\/wp-json\/wp\/v2\/article\/169677","targetHints":{"allow":["GET"]}}],"collection":[{"href":"https:\/\/admin.industriall-union.org\/es\/wp-json\/wp\/v2\/article"}],"about":[{"href":"https:\/\/admin.industriall-union.org\/es\/wp-json\/wp\/v2\/types\/article"}],"wp:attachment":[{"href":"https:\/\/admin.industriall-union.org\/es\/wp-json\/wp\/v2\/media?parent=169677"}],"wp:term":[{"taxonomy":"issues","embeddable":true,"href":"https:\/\/admin.industriall-union.org\/es\/wp-json\/wp\/v2\/issues?post=169677"},{"taxonomy":"companies","embeddable":true,"href":"https:\/\/admin.industriall-union.org\/es\/wp-json\/wp\/v2\/companies?post=169677"},{"taxonomy":"regions","embeddable":true,"href":"https:\/\/admin.industriall-union.org\/es\/wp-json\/wp\/v2\/regions?post=169677"},{"taxonomy":"sectors","embeddable":true,"href":"https:\/\/admin.industriall-union.org\/es\/wp-json\/wp\/v2\/sectors?post=169677"},{"taxonomy":"article_tags","embeddable":true,"href":"https:\/\/admin.industriall-union.org\/es\/wp-json\/wp\/v2\/article_tags?post=169677"}],"curies":[{"name":"wp","href":"https:\/\/api.w.org\/{rel}","templated":true}]}}