{"id":169664,"date":"2015-05-29T21:24:00","date_gmt":"2015-05-29T21:24:00","guid":{"rendered":"https:\/\/admin.industriall-union.org\/el-trabajo-precario-aumenta-la-desigualdad-y-la-pobreza\/"},"modified":"2025-02-07T13:23:27","modified_gmt":"2025-02-07T13:23:27","slug":"el-trabajo-precario-aumenta-la-desigualdad-y-la-pobreza","status":"publish","type":"article","link":"https:\/\/admin.industriall-union.org\/es\/el-trabajo-precario-aumenta-la-desigualdad-y-la-pobreza\/","title":{"rendered":"\u201cEl trabajo precario aumenta la desigualdad y la pobreza\u201d"},"content":{"rendered":"<p>Tanto en el <a href=\"http:\/\/www.oecd-ilibrary.org\/employment\/in-it-together-why-less-inequality-benefits-all\/non-standard-work-job-polarisation-and-inequality_9789264235120-7-en\" target=\"_blank\">informe <\/a>de la Organizaci\u00f3n para la Cooperaci\u00f3n y el Desarrollo Econ\u00f3micos (OCDE) en Todos juntos: Por qu\u00e9 reducir la desigualdad nos beneficia a todos como en <a href=\"http:\/\/embargo.ilo.org\/wcmsp5\/groups\/public\/---dgreports\/---dcomm\/---publ\/documents\/publication\/wcms_368626.pdf\">Perspectivas sociales y del empleo en el mundo 2015<\/a> de la Organizaci\u00f3n Internacional del Trabajo (OIT) se hace un llamamiento a los gobiernos para que tomen medidas a fin de combatir el aumento de las desigualdades. La OCDE destaca que esas desigualdades son una amenaza para el crecimiento econ\u00f3mico y alienta a sus miembros para que mejoren la calidad del empleo y afronten la desigualdad. La OIT insta a los responsables pol\u00edticos a que extiendan los derechos laborales y la seguridad social a los trabajadores con formas menos seguras de empleo.<\/p><p>Los patrones de empleo han cambiado considerablemente en la \u00faltima d\u00e9cada. Los contratos de empleo estable, a tiempo completo, representan menos de uno de cada cuatro puestos de trabajo, y esa estad\u00edstica no mejora notablemente. [&hellip;] Adem\u00e1s, el incremento del empleo informal, las modalidades de trabajo no declaradas y de car\u00e1cter temporal, as\u00ed como el trabajo a tiempo parcial involuntario, han contribuido a la ampliaci\u00f3n de las desigualdades de ingresos, que se han registrado en la mayor\u00eda de los pa\u00edses en los dos \u00faltimos decenios&rdquo;, Guy Ryder, Dirtector General de la OIT.<\/p><p>En ambos informes se afirma que la desigualdad de ingresos ha aumentado desde 2000. Y esta tendencia se ha agravado por la expansi\u00f3n del trabajo precario.<\/p><p>El informe de la OCDE muestra que hoy el trabajo no est\u00e1ndar (temporal, a tiempo parcial y por cuenta propia) representa un tercio del empleo en los pa\u00edses de la OCDE. Desde mediados del decenio de 1990, m\u00e1s de la mitad de todos los empleos creados en los Estados miembros de la OCDE han sido de trabajo no est\u00e1ndar. M\u00e1s alarmante es la cifra presentada en Perspectivas sociales y del empleo en el mundo de la OIT: menos del 40 por ciento de los trabajadores asalariados est\u00e1n empleados a tiempo completo, de manera permanente, y hasta esa proporci\u00f3n parece que disminuye. M\u00e1s de seis de cada diez asalariados en todo el mundo trabajan a tiempo parcial y tienen formas temporales de empleo. Las mujeres y los j\u00f3venes representan una gran parte de estos trabajadores precarios.<\/p><p>Adem\u00e1s de la inseguridad laboral, los trabajadores precarios tienen salarios m\u00e1s bajos y oportunidades de formaci\u00f3n limitadas. Las tasas de pobreza son m\u00e1s altas entre los trabajadores temporeros y por cuenta propia y cada vez es mayor el n\u00famero de trabajadores con empleos de baja calidad. El informe de la OCDE muestra que el trabajo precario puede convertirse en una trampa sobre todo para los trabajadores a tiempo parcial y por cuenta propia. El informe contradice&nbsp; la afirmaci\u00f3n de las agencias de empleo temporal de que este tipo de trabajo es un trampol\u00edn para el empleo permanente. Afirma, en cambio, que en muchos pa\u00edses los trabajadores m\u00e1s j\u00f3venes, en particular los que tienen contratos de trabajo temporal, tienen menos probabilidades de pasar a empleos m\u00e1s estables.<\/p>","protected":false},"featured_media":0,"template":"","issues":[423,415],"companies":[],"regions":[],"sectors":[],"article_tags":[],"class_list":["post-169664","article","type-article","status-publish","hentry","issues-ilo-watch","issues-stop-precarious-work"],"acf":[],"yoast_head":"<!-- This site is optimized with the Yoast SEO Premium plugin v27.1 (Yoast SEO v27.1) - https:\/\/yoast.com\/product\/yoast-seo-premium-wordpress\/ -->\n<title>\u201cEl trabajo precario aumenta la desigualdad y la pobreza\u201d - industriall-union<\/title>\n<meta name=\"description\" content=\"Tanto en el informe de la Organizaci\u00f3n para la Cooperaci\u00f3n y el Desarrollo Econ\u00f3micos (OCDE) en Todos juntos: Por qu\u00e9 reducir la desigualdad nos beneficia\" \/>\n<meta name=\"robots\" content=\"index, follow, max-snippet:-1, max-image-preview:large, max-video-preview:-1\" \/>\n<link rel=\"canonical\" href=\"https:\/\/admin.industriall-union.org\/es\/el-trabajo-precario-aumenta-la-desigualdad-y-la-pobreza\/\" \/>\n<meta property=\"og:locale\" content=\"es_ES\" \/>\n<meta property=\"og:type\" content=\"article\" \/>\n<meta property=\"og:title\" content=\"\u201cEl trabajo precario aumenta la desigualdad y la pobreza\u201d\" \/>\n<meta property=\"og:description\" content=\"Tanto en el informe de la Organizaci\u00f3n para la Cooperaci\u00f3n y el Desarrollo Econ\u00f3micos (OCDE) en Todos juntos: Por qu\u00e9 reducir la desigualdad nos beneficia\" \/>\n<meta property=\"og:url\" content=\"https:\/\/admin.industriall-union.org\/es\/el-trabajo-precario-aumenta-la-desigualdad-y-la-pobreza\/\" \/>\n<meta property=\"og:site_name\" content=\"industriall-union\" \/>\n<meta property=\"article:modified_time\" content=\"2025-02-07T13:23:27+00:00\" \/>\n<meta name=\"twitter:card\" content=\"summary_large_image\" \/>\n<meta name=\"twitter:label1\" content=\"Est. reading time\" \/>\n\t<meta name=\"twitter:data1\" content=\"3 minutes\" \/>\n<script type=\"application\/ld+json\" class=\"yoast-schema-graph\">{\"@context\":\"https:\/\/schema.org\",\"@graph\":[{\"@type\":\"WebPage\",\"@id\":\"https:\/\/admin.industriall-union.org\/es\/el-trabajo-precario-aumenta-la-desigualdad-y-la-pobreza\/\",\"url\":\"https:\/\/admin.industriall-union.org\/es\/el-trabajo-precario-aumenta-la-desigualdad-y-la-pobreza\/\",\"name\":\"\u201cEl trabajo precario aumenta la desigualdad y la pobreza\u201d - industriall-union\",\"isPartOf\":{\"@id\":\"https:\/\/admin.industriall-union.org\/ru\/#website\"},\"datePublished\":\"2015-05-29T21:24:00+00:00\",\"dateModified\":\"2025-02-07T13:23:27+00:00\",\"description\":\"Tanto en el informe de la Organizaci\u00f3n para la Cooperaci\u00f3n y el Desarrollo Econ\u00f3micos (OCDE) en Todos juntos: Por qu\u00e9 reducir la desigualdad nos beneficia\",\"breadcrumb\":{\"@id\":\"https:\/\/admin.industriall-union.org\/es\/el-trabajo-precario-aumenta-la-desigualdad-y-la-pobreza\/#breadcrumb\"},\"inLanguage\":\"es-ES\",\"potentialAction\":[{\"@type\":\"ReadAction\",\"target\":[\"https:\/\/admin.industriall-union.org\/es\/el-trabajo-precario-aumenta-la-desigualdad-y-la-pobreza\/\"]}]},{\"@type\":\"BreadcrumbList\",\"@id\":\"https:\/\/admin.industriall-union.org\/es\/el-trabajo-precario-aumenta-la-desigualdad-y-la-pobreza\/#breadcrumb\",\"itemListElement\":[{\"@type\":\"ListItem\",\"position\":1,\"name\":\"Home\",\"item\":\"https:\/\/admin.industriall-union.org\/ru\/\"},{\"@type\":\"ListItem\",\"position\":2,\"name\":\"Articles\",\"item\":\"https:\/\/admin.industriall-union.org\/ru\/article\/\"},{\"@type\":\"ListItem\",\"position\":3,\"name\":\"\u201cEl trabajo precario aumenta la desigualdad y la pobreza\u201d\"}]},{\"@type\":\"WebSite\",\"@id\":\"https:\/\/admin.industriall-union.org\/ru\/#website\",\"url\":\"https:\/\/admin.industriall-union.org\/ru\/\",\"name\":\"industriall-union\",\"description\":\"\",\"potentialAction\":[{\"@type\":\"SearchAction\",\"target\":{\"@type\":\"EntryPoint\",\"urlTemplate\":\"https:\/\/admin.industriall-union.org\/ru\/?s={search_term_string}\"},\"query-input\":{\"@type\":\"PropertyValueSpecification\",\"valueRequired\":true,\"valueName\":\"search_term_string\"}}],\"inLanguage\":\"es-ES\"}]}<\/script>\n<!-- \/ Yoast SEO Premium plugin. -->","yoast_head_json":{"title":"\u201cEl trabajo precario aumenta la desigualdad y la pobreza\u201d - industriall-union","description":"Tanto en el informe de la Organizaci\u00f3n para la Cooperaci\u00f3n y el Desarrollo Econ\u00f3micos (OCDE) en Todos juntos: Por qu\u00e9 reducir la desigualdad nos beneficia","robots":{"index":"index","follow":"follow","max-snippet":"max-snippet:-1","max-image-preview":"max-image-preview:large","max-video-preview":"max-video-preview:-1"},"canonical":"https:\/\/admin.industriall-union.org\/es\/el-trabajo-precario-aumenta-la-desigualdad-y-la-pobreza\/","og_locale":"es_ES","og_type":"article","og_title":"\u201cEl trabajo precario aumenta la desigualdad y la pobreza\u201d","og_description":"Tanto en el informe de la Organizaci\u00f3n para la Cooperaci\u00f3n y el Desarrollo Econ\u00f3micos (OCDE) en Todos juntos: Por qu\u00e9 reducir la desigualdad nos beneficia","og_url":"https:\/\/admin.industriall-union.org\/es\/el-trabajo-precario-aumenta-la-desigualdad-y-la-pobreza\/","og_site_name":"industriall-union","article_modified_time":"2025-02-07T13:23:27+00:00","twitter_card":"summary_large_image","twitter_misc":{"Est. reading time":"3 minutes"},"schema":{"@context":"https:\/\/schema.org","@graph":[{"@type":"WebPage","@id":"https:\/\/admin.industriall-union.org\/es\/el-trabajo-precario-aumenta-la-desigualdad-y-la-pobreza\/","url":"https:\/\/admin.industriall-union.org\/es\/el-trabajo-precario-aumenta-la-desigualdad-y-la-pobreza\/","name":"\u201cEl trabajo precario aumenta la desigualdad y la pobreza\u201d - industriall-union","isPartOf":{"@id":"https:\/\/admin.industriall-union.org\/ru\/#website"},"datePublished":"2015-05-29T21:24:00+00:00","dateModified":"2025-02-07T13:23:27+00:00","description":"Tanto en el informe de la Organizaci\u00f3n para la Cooperaci\u00f3n y el Desarrollo Econ\u00f3micos (OCDE) en Todos juntos: Por qu\u00e9 reducir la desigualdad nos beneficia","breadcrumb":{"@id":"https:\/\/admin.industriall-union.org\/es\/el-trabajo-precario-aumenta-la-desigualdad-y-la-pobreza\/#breadcrumb"},"inLanguage":"es-ES","potentialAction":[{"@type":"ReadAction","target":["https:\/\/admin.industriall-union.org\/es\/el-trabajo-precario-aumenta-la-desigualdad-y-la-pobreza\/"]}]},{"@type":"BreadcrumbList","@id":"https:\/\/admin.industriall-union.org\/es\/el-trabajo-precario-aumenta-la-desigualdad-y-la-pobreza\/#breadcrumb","itemListElement":[{"@type":"ListItem","position":1,"name":"Home","item":"https:\/\/admin.industriall-union.org\/ru\/"},{"@type":"ListItem","position":2,"name":"Articles","item":"https:\/\/admin.industriall-union.org\/ru\/article\/"},{"@type":"ListItem","position":3,"name":"\u201cEl trabajo precario aumenta la desigualdad y la pobreza\u201d"}]},{"@type":"WebSite","@id":"https:\/\/admin.industriall-union.org\/ru\/#website","url":"https:\/\/admin.industriall-union.org\/ru\/","name":"industriall-union","description":"","potentialAction":[{"@type":"SearchAction","target":{"@type":"EntryPoint","urlTemplate":"https:\/\/admin.industriall-union.org\/ru\/?s={search_term_string}"},"query-input":{"@type":"PropertyValueSpecification","valueRequired":true,"valueName":"search_term_string"}}],"inLanguage":"es-ES"}]}},"_links":{"self":[{"href":"https:\/\/admin.industriall-union.org\/es\/wp-json\/wp\/v2\/article\/169664","targetHints":{"allow":["GET"]}}],"collection":[{"href":"https:\/\/admin.industriall-union.org\/es\/wp-json\/wp\/v2\/article"}],"about":[{"href":"https:\/\/admin.industriall-union.org\/es\/wp-json\/wp\/v2\/types\/article"}],"wp:attachment":[{"href":"https:\/\/admin.industriall-union.org\/es\/wp-json\/wp\/v2\/media?parent=169664"}],"wp:term":[{"taxonomy":"issues","embeddable":true,"href":"https:\/\/admin.industriall-union.org\/es\/wp-json\/wp\/v2\/issues?post=169664"},{"taxonomy":"companies","embeddable":true,"href":"https:\/\/admin.industriall-union.org\/es\/wp-json\/wp\/v2\/companies?post=169664"},{"taxonomy":"regions","embeddable":true,"href":"https:\/\/admin.industriall-union.org\/es\/wp-json\/wp\/v2\/regions?post=169664"},{"taxonomy":"sectors","embeddable":true,"href":"https:\/\/admin.industriall-union.org\/es\/wp-json\/wp\/v2\/sectors?post=169664"},{"taxonomy":"article_tags","embeddable":true,"href":"https:\/\/admin.industriall-union.org\/es\/wp-json\/wp\/v2\/article_tags?post=169664"}],"curies":[{"name":"wp","href":"https:\/\/api.w.org\/{rel}","templated":true}]}}