{"id":169656,"date":"2015-06-02T12:22:11","date_gmt":"2015-06-02T12:22:11","guid":{"rendered":"https:\/\/admin.industriall-union.org\/muchos-y-de-diversos-niveles-de-responsabilidad-son-los-culpables-de-la-tragedia-de-rana-plaza\/"},"modified":"2025-02-07T13:19:02","modified_gmt":"2025-02-07T13:19:02","slug":"muchos-y-de-diversos-niveles-de-responsabilidad-son-los-culpables-de-la-tragedia-de-rana-plaza","status":"publish","type":"article","link":"https:\/\/admin.industriall-union.org\/es\/muchos-y-de-diversos-niveles-de-responsabilidad-son-los-culpables-de-la-tragedia-de-rana-plaza\/","title":{"rendered":"Muchos y de diversos niveles de responsabilidad son los culpables de la tragedia de Rana Plaza"},"content":{"rendered":"<p>Se han presentado <a href=\"http:\/\/www.bbc.com\/news\/world-asia-32956705\">cargos de asesinato<\/a> contra los due\u00f1os de las f\u00e1bricas de prendas de vestir que ten\u00edan operaciones en ese edificio, y contra m\u00e1s de una docena de funcionarios del gobierno, a quienes se acusa de no haber atendido las advertencias de no entrar en el edificio que se hab\u00edan hecho el d\u00eda anterior del derrumbe que se produjo el 24 de abril de 2013.<\/p><p>Jyrki Raina, Secretario General de IndustriALL, que representa a los trabajadores de la confecci\u00f3n en Bangladesh, afirm\u00f3 lo siguiente:<\/p><blockquote><p>Las v\u00edctimas de Rana Plaza y sus familias merecen justicia. Son muchos, y de diversos niveles de responsabilidad, los culpables de la peor tragedia industrial de la historia de Bangladesh. El derrumbe del edificio de Rana Plaza fue la culminaci\u00f3n de un sistema insostenible de producci\u00f3n que exige a las empresas proveedoras una producci\u00f3n cada vez mayor, por un costo menor. Ese sistema depende de mano de obra barata y bajos costos sin importar las consecuencias.<\/p><\/blockquote><p>Ahora, gracias a las inspecciones de f\u00e1bricas llevadas a cabo por el Acuerdo de Bangladesh, las marcas responsables ya no conf\u00edan en los sistemas de auditor\u00eda autocontrolados, por haber fracasado en el pasado, con consecuencias tan terribles.<\/p><blockquote><p>Sin embargo, despu\u00e9s de dos a\u00f1os, las v\u00edctimas de Rana Plaza siguen esperando una compensaci\u00f3n completa y adecuada. Instamos a que las marcas que se abastecen de este pa\u00eds, as\u00ed como el gobierno de Bangladesh, cumplan con sus obligaciones, entregando los US$ 2,3 millones que se necesita para completar los pagos de compensaci\u00f3n a las v\u00edctimas.<\/p><\/blockquote>","protected":false},"featured_media":0,"template":"","issues":[414,402],"companies":[],"regions":[159],"sectors":[464],"article_tags":[],"class_list":["post-169656","article","type-article","status-publish","hentry","issues-action-on-bangladesh","issues-health-and-safety","regions-bangladesh","sectors-textile-leather-garment-shoes-and-textile-services"],"acf":[],"yoast_head":"<!-- This site is optimized with the Yoast SEO Premium plugin v27.1 (Yoast SEO v27.1) - https:\/\/yoast.com\/product\/yoast-seo-premium-wordpress\/ -->\n<title>Muchos y de diversos niveles de responsabilidad son los culpables de la tragedia de Rana Plaza - industriall-union<\/title>\n<meta name=\"description\" content=\"Se han presentado cargos de asesinato contra los due\u00f1os de las f\u00e1bricas de prendas de vestir que ten\u00edan operaciones en ese edificio, y contra m\u00e1s de una\" \/>\n<meta name=\"robots\" content=\"index, follow, max-snippet:-1, max-image-preview:large, max-video-preview:-1\" \/>\n<link rel=\"canonical\" href=\"https:\/\/admin.industriall-union.org\/es\/muchos-y-de-diversos-niveles-de-responsabilidad-son-los-culpables-de-la-tragedia-de-rana-plaza\/\" \/>\n<meta property=\"og:locale\" content=\"es_ES\" \/>\n<meta property=\"og:type\" content=\"article\" \/>\n<meta property=\"og:title\" content=\"Muchos y de diversos niveles de responsabilidad son los culpables de la tragedia de Rana Plaza\" \/>\n<meta property=\"og:description\" content=\"Se han presentado cargos de asesinato contra los due\u00f1os de las f\u00e1bricas de prendas de vestir que ten\u00edan operaciones en ese edificio, y contra m\u00e1s de una\" \/>\n<meta property=\"og:url\" content=\"https:\/\/admin.industriall-union.org\/es\/muchos-y-de-diversos-niveles-de-responsabilidad-son-los-culpables-de-la-tragedia-de-rana-plaza\/\" \/>\n<meta property=\"og:site_name\" content=\"industriall-union\" \/>\n<meta property=\"article:modified_time\" content=\"2025-02-07T13:19:02+00:00\" \/>\n<meta name=\"twitter:card\" content=\"summary_large_image\" \/>\n<meta name=\"twitter:label1\" content=\"Est. reading time\" \/>\n\t<meta name=\"twitter:data1\" content=\"1 minute\" \/>\n<script type=\"application\/ld+json\" class=\"yoast-schema-graph\">{\"@context\":\"https:\/\/schema.org\",\"@graph\":[{\"@type\":\"WebPage\",\"@id\":\"https:\/\/admin.industriall-union.org\/es\/muchos-y-de-diversos-niveles-de-responsabilidad-son-los-culpables-de-la-tragedia-de-rana-plaza\/\",\"url\":\"https:\/\/admin.industriall-union.org\/es\/muchos-y-de-diversos-niveles-de-responsabilidad-son-los-culpables-de-la-tragedia-de-rana-plaza\/\",\"name\":\"Muchos y de diversos niveles de responsabilidad son los culpables de la tragedia de Rana Plaza - industriall-union\",\"isPartOf\":{\"@id\":\"https:\/\/admin.industriall-union.org\/#website\"},\"datePublished\":\"2015-06-02T12:22:11+00:00\",\"dateModified\":\"2025-02-07T13:19:02+00:00\",\"description\":\"Se han presentado cargos de asesinato contra los due\u00f1os de las f\u00e1bricas de prendas de vestir que ten\u00edan operaciones en ese edificio, y contra m\u00e1s de una\",\"breadcrumb\":{\"@id\":\"https:\/\/admin.industriall-union.org\/es\/muchos-y-de-diversos-niveles-de-responsabilidad-son-los-culpables-de-la-tragedia-de-rana-plaza\/#breadcrumb\"},\"inLanguage\":\"es-ES\",\"potentialAction\":[{\"@type\":\"ReadAction\",\"target\":[\"https:\/\/admin.industriall-union.org\/es\/muchos-y-de-diversos-niveles-de-responsabilidad-son-los-culpables-de-la-tragedia-de-rana-plaza\/\"]}]},{\"@type\":\"BreadcrumbList\",\"@id\":\"https:\/\/admin.industriall-union.org\/es\/muchos-y-de-diversos-niveles-de-responsabilidad-son-los-culpables-de-la-tragedia-de-rana-plaza\/#breadcrumb\",\"itemListElement\":[{\"@type\":\"ListItem\",\"position\":1,\"name\":\"Home\",\"item\":\"https:\/\/admin.industriall-union.org\/\"},{\"@type\":\"ListItem\",\"position\":2,\"name\":\"Articles\",\"item\":\"https:\/\/admin.industriall-union.org\/article\/\"},{\"@type\":\"ListItem\",\"position\":3,\"name\":\"Muchos y de diversos niveles de responsabilidad son los culpables de la tragedia de Rana Plaza\"}]},{\"@type\":\"WebSite\",\"@id\":\"https:\/\/admin.industriall-union.org\/#website\",\"url\":\"https:\/\/admin.industriall-union.org\/\",\"name\":\"industriall-union\",\"description\":\"\",\"potentialAction\":[{\"@type\":\"SearchAction\",\"target\":{\"@type\":\"EntryPoint\",\"urlTemplate\":\"https:\/\/admin.industriall-union.org\/?s={search_term_string}\"},\"query-input\":{\"@type\":\"PropertyValueSpecification\",\"valueRequired\":true,\"valueName\":\"search_term_string\"}}],\"inLanguage\":\"es-ES\"}]}<\/script>\n<!-- \/ Yoast SEO Premium plugin. -->","yoast_head_json":{"title":"Muchos y de diversos niveles de responsabilidad son los culpables de la tragedia de Rana Plaza - industriall-union","description":"Se han presentado cargos de asesinato contra los due\u00f1os de las f\u00e1bricas de prendas de vestir que ten\u00edan operaciones en ese edificio, y contra m\u00e1s de una","robots":{"index":"index","follow":"follow","max-snippet":"max-snippet:-1","max-image-preview":"max-image-preview:large","max-video-preview":"max-video-preview:-1"},"canonical":"https:\/\/admin.industriall-union.org\/es\/muchos-y-de-diversos-niveles-de-responsabilidad-son-los-culpables-de-la-tragedia-de-rana-plaza\/","og_locale":"es_ES","og_type":"article","og_title":"Muchos y de diversos niveles de responsabilidad son los culpables de la tragedia de Rana Plaza","og_description":"Se han presentado cargos de asesinato contra los due\u00f1os de las f\u00e1bricas de prendas de vestir que ten\u00edan operaciones en ese edificio, y contra m\u00e1s de una","og_url":"https:\/\/admin.industriall-union.org\/es\/muchos-y-de-diversos-niveles-de-responsabilidad-son-los-culpables-de-la-tragedia-de-rana-plaza\/","og_site_name":"industriall-union","article_modified_time":"2025-02-07T13:19:02+00:00","twitter_card":"summary_large_image","twitter_misc":{"Est. reading time":"1 minute"},"schema":{"@context":"https:\/\/schema.org","@graph":[{"@type":"WebPage","@id":"https:\/\/admin.industriall-union.org\/es\/muchos-y-de-diversos-niveles-de-responsabilidad-son-los-culpables-de-la-tragedia-de-rana-plaza\/","url":"https:\/\/admin.industriall-union.org\/es\/muchos-y-de-diversos-niveles-de-responsabilidad-son-los-culpables-de-la-tragedia-de-rana-plaza\/","name":"Muchos y de diversos niveles de responsabilidad son los culpables de la tragedia de Rana Plaza - industriall-union","isPartOf":{"@id":"https:\/\/admin.industriall-union.org\/#website"},"datePublished":"2015-06-02T12:22:11+00:00","dateModified":"2025-02-07T13:19:02+00:00","description":"Se han presentado cargos de asesinato contra los due\u00f1os de las f\u00e1bricas de prendas de vestir que ten\u00edan operaciones en ese edificio, y contra m\u00e1s de una","breadcrumb":{"@id":"https:\/\/admin.industriall-union.org\/es\/muchos-y-de-diversos-niveles-de-responsabilidad-son-los-culpables-de-la-tragedia-de-rana-plaza\/#breadcrumb"},"inLanguage":"es-ES","potentialAction":[{"@type":"ReadAction","target":["https:\/\/admin.industriall-union.org\/es\/muchos-y-de-diversos-niveles-de-responsabilidad-son-los-culpables-de-la-tragedia-de-rana-plaza\/"]}]},{"@type":"BreadcrumbList","@id":"https:\/\/admin.industriall-union.org\/es\/muchos-y-de-diversos-niveles-de-responsabilidad-son-los-culpables-de-la-tragedia-de-rana-plaza\/#breadcrumb","itemListElement":[{"@type":"ListItem","position":1,"name":"Home","item":"https:\/\/admin.industriall-union.org\/"},{"@type":"ListItem","position":2,"name":"Articles","item":"https:\/\/admin.industriall-union.org\/article\/"},{"@type":"ListItem","position":3,"name":"Muchos y de diversos niveles de responsabilidad son los culpables de la tragedia de Rana Plaza"}]},{"@type":"WebSite","@id":"https:\/\/admin.industriall-union.org\/#website","url":"https:\/\/admin.industriall-union.org\/","name":"industriall-union","description":"","potentialAction":[{"@type":"SearchAction","target":{"@type":"EntryPoint","urlTemplate":"https:\/\/admin.industriall-union.org\/?s={search_term_string}"},"query-input":{"@type":"PropertyValueSpecification","valueRequired":true,"valueName":"search_term_string"}}],"inLanguage":"es-ES"}]}},"_links":{"self":[{"href":"https:\/\/admin.industriall-union.org\/es\/wp-json\/wp\/v2\/article\/169656","targetHints":{"allow":["GET"]}}],"collection":[{"href":"https:\/\/admin.industriall-union.org\/es\/wp-json\/wp\/v2\/article"}],"about":[{"href":"https:\/\/admin.industriall-union.org\/es\/wp-json\/wp\/v2\/types\/article"}],"wp:attachment":[{"href":"https:\/\/admin.industriall-union.org\/es\/wp-json\/wp\/v2\/media?parent=169656"}],"wp:term":[{"taxonomy":"issues","embeddable":true,"href":"https:\/\/admin.industriall-union.org\/es\/wp-json\/wp\/v2\/issues?post=169656"},{"taxonomy":"companies","embeddable":true,"href":"https:\/\/admin.industriall-union.org\/es\/wp-json\/wp\/v2\/companies?post=169656"},{"taxonomy":"regions","embeddable":true,"href":"https:\/\/admin.industriall-union.org\/es\/wp-json\/wp\/v2\/regions?post=169656"},{"taxonomy":"sectors","embeddable":true,"href":"https:\/\/admin.industriall-union.org\/es\/wp-json\/wp\/v2\/sectors?post=169656"},{"taxonomy":"article_tags","embeddable":true,"href":"https:\/\/admin.industriall-union.org\/es\/wp-json\/wp\/v2\/article_tags?post=169656"}],"curies":[{"name":"wp","href":"https:\/\/api.w.org\/{rel}","templated":true}]}}