{"id":169514,"date":"2015-06-18T16:08:46","date_gmt":"2015-06-18T16:08:46","guid":{"rendered":"https:\/\/admin.industriall-union.org\/trabajadores-aprueban-el-acuerdo-alcanzado-en-tenaris-italia\/"},"modified":"2025-02-07T12:43:30","modified_gmt":"2025-02-07T12:43:30","slug":"trabajadores-aprueban-el-acuerdo-alcanzado-en-tenaris-italia","status":"publish","type":"article","link":"https:\/\/admin.industriall-union.org\/es\/trabajadores-aprueban-el-acuerdo-alcanzado-en-tenaris-italia\/","title":{"rendered":"Trabajadores aprueban el acuerdo alcanzado en Tenaris, Italia"},"content":{"rendered":"<p>El acuerdo con Tenaris Dalmine fue aprobado en una votaci\u00f3n que se realiz\u00f3 los d\u00edas 11 y 12 de junio.<\/p><p>Seg\u00fan el convenio mencionado, se reducir\u00e1 a 301 el n\u00famero de despidos, en vez de <a href=\"http:\/\/www.industriall-union.org\/metalworkers-mobilize-against-redundancies-at-tenaris-dalmine-in-italy\">los 406 que se hab\u00edan se\u00f1alado anteriormente.<\/a> Se ha logrado esta cifra m\u00e1s baja usando contratos de solidaridad, que permiten que los trabajadores mantengan sus puestos de trabajo, pero con reducci\u00f3n de la jornada de trabajo. Uno de los temas m\u00e1s importantes que fueron abordados en las negociaciones fue el porvenir de 120 aprendices. Ahora recibir\u00e1n confirmaci\u00f3n de su empleo, gracias al acuerdo que se estableci\u00f3 en las negociaciones. Anteriormente, la compa\u00f1\u00eda hab\u00eda afirmado que no se iban a renovar sus contratos temporales.<\/p><p>De los 301 despidos, 261 corresponder\u00e1n a trabajadores que laboran en las instalaciones de Dalmine, en tanto otros 40 puestos se van a eliminar en plantas de afuera. Se aplicar\u00e1n contratos de solidaridad durante 12 a 24 meses, y se ofrecer\u00e1 la opci\u00f3n de traslado voluntario con apoyo hasta la edad de jubilaci\u00f3n a todos los trabajadores que acuerden acceder el programa antes de 2020.<\/p><p>La delegaci\u00f3n sindical, encabezada por Emanuele Fantini (FIM-CISL), Eugenio Borella, (FIOM-CGIL) y Angelo Nozza (UILM), calific\u00f3 como positivo el convenio que se hab\u00eda logrado, a pesar de no haber alcanzado todas las reivindicaciones a que aspiraban los trabajadores.<\/p><p>Entre sus logros, los dirigentes sindicales citaron la disminuci\u00f3n del n\u00famero de despidos y la confirmaci\u00f3n de la contrataci\u00f3n de aprendices, lo que demuestra que la empresa est\u00e1 dispuesta a invertir en recursos humanos. Tambi\u00e9n se consider\u00f3 positiva la oferta de la opci\u00f3n de jubilaci\u00f3n voluntaria y el acuerdo sobre contratos de solidaridad.<\/p>","protected":false},"featured_media":0,"template":"","issues":[],"companies":[135],"regions":[224],"sectors":[481],"article_tags":[505],"class_list":["post-169514","article","type-article","status-publish","hentry","companies-tenaris","regions-italy","sectors-base-metals","article_tags-collective-bargaining"],"acf":[],"yoast_head":"<!-- This site is optimized with the Yoast SEO Premium plugin v27.1 (Yoast SEO v27.1) - https:\/\/yoast.com\/product\/yoast-seo-premium-wordpress\/ -->\n<title>Trabajadores aprueban el acuerdo alcanzado en Tenaris, Italia - industriall-union<\/title>\n<meta name=\"description\" content=\"El acuerdo con Tenaris Dalmine fue aprobado en una votaci\u00f3n que se realiz\u00f3 los d\u00edas 11 y 12 de junio.Seg\u00fan el convenio mencionado, se reducir\u00e1 a 301 el\" \/>\n<meta name=\"robots\" content=\"index, follow, max-snippet:-1, max-image-preview:large, max-video-preview:-1\" \/>\n<link rel=\"canonical\" href=\"https:\/\/admin.industriall-union.org\/es\/trabajadores-aprueban-el-acuerdo-alcanzado-en-tenaris-italia\/\" \/>\n<meta property=\"og:locale\" content=\"es_ES\" \/>\n<meta property=\"og:type\" content=\"article\" \/>\n<meta property=\"og:title\" content=\"Trabajadores aprueban el acuerdo alcanzado en Tenaris, Italia\" \/>\n<meta property=\"og:description\" content=\"El acuerdo con Tenaris Dalmine fue aprobado en una votaci\u00f3n que se realiz\u00f3 los d\u00edas 11 y 12 de junio.Seg\u00fan el convenio mencionado, se reducir\u00e1 a 301 el\" \/>\n<meta property=\"og:url\" content=\"https:\/\/admin.industriall-union.org\/es\/trabajadores-aprueban-el-acuerdo-alcanzado-en-tenaris-italia\/\" \/>\n<meta property=\"og:site_name\" content=\"industriall-union\" \/>\n<meta property=\"article:modified_time\" content=\"2025-02-07T12:43:30+00:00\" \/>\n<meta name=\"twitter:card\" content=\"summary_large_image\" \/>\n<meta name=\"twitter:label1\" content=\"Est. reading time\" \/>\n\t<meta name=\"twitter:data1\" content=\"1 minute\" \/>\n<script type=\"application\/ld+json\" class=\"yoast-schema-graph\">{\"@context\":\"https:\/\/schema.org\",\"@graph\":[{\"@type\":\"WebPage\",\"@id\":\"https:\/\/admin.industriall-union.org\/es\/trabajadores-aprueban-el-acuerdo-alcanzado-en-tenaris-italia\/\",\"url\":\"https:\/\/admin.industriall-union.org\/es\/trabajadores-aprueban-el-acuerdo-alcanzado-en-tenaris-italia\/\",\"name\":\"Trabajadores aprueban el acuerdo alcanzado en Tenaris, Italia - industriall-union\",\"isPartOf\":{\"@id\":\"https:\/\/admin.industriall-union.org\/#website\"},\"datePublished\":\"2015-06-18T16:08:46+00:00\",\"dateModified\":\"2025-02-07T12:43:30+00:00\",\"description\":\"El acuerdo con Tenaris Dalmine fue aprobado en una votaci\u00f3n que se realiz\u00f3 los d\u00edas 11 y 12 de junio.Seg\u00fan el convenio mencionado, se reducir\u00e1 a 301 el\",\"breadcrumb\":{\"@id\":\"https:\/\/admin.industriall-union.org\/es\/trabajadores-aprueban-el-acuerdo-alcanzado-en-tenaris-italia\/#breadcrumb\"},\"inLanguage\":\"es-ES\",\"potentialAction\":[{\"@type\":\"ReadAction\",\"target\":[\"https:\/\/admin.industriall-union.org\/es\/trabajadores-aprueban-el-acuerdo-alcanzado-en-tenaris-italia\/\"]}]},{\"@type\":\"BreadcrumbList\",\"@id\":\"https:\/\/admin.industriall-union.org\/es\/trabajadores-aprueban-el-acuerdo-alcanzado-en-tenaris-italia\/#breadcrumb\",\"itemListElement\":[{\"@type\":\"ListItem\",\"position\":1,\"name\":\"Home\",\"item\":\"https:\/\/admin.industriall-union.org\/\"},{\"@type\":\"ListItem\",\"position\":2,\"name\":\"Articles\",\"item\":\"https:\/\/admin.industriall-union.org\/article\/\"},{\"@type\":\"ListItem\",\"position\":3,\"name\":\"Trabajadores aprueban el acuerdo alcanzado en Tenaris, Italia\"}]},{\"@type\":\"WebSite\",\"@id\":\"https:\/\/admin.industriall-union.org\/#website\",\"url\":\"https:\/\/admin.industriall-union.org\/\",\"name\":\"industriall-union\",\"description\":\"\",\"potentialAction\":[{\"@type\":\"SearchAction\",\"target\":{\"@type\":\"EntryPoint\",\"urlTemplate\":\"https:\/\/admin.industriall-union.org\/?s={search_term_string}\"},\"query-input\":{\"@type\":\"PropertyValueSpecification\",\"valueRequired\":true,\"valueName\":\"search_term_string\"}}],\"inLanguage\":\"es-ES\"}]}<\/script>\n<!-- \/ Yoast SEO Premium plugin. -->","yoast_head_json":{"title":"Trabajadores aprueban el acuerdo alcanzado en Tenaris, Italia - industriall-union","description":"El acuerdo con Tenaris Dalmine fue aprobado en una votaci\u00f3n que se realiz\u00f3 los d\u00edas 11 y 12 de junio.Seg\u00fan el convenio mencionado, se reducir\u00e1 a 301 el","robots":{"index":"index","follow":"follow","max-snippet":"max-snippet:-1","max-image-preview":"max-image-preview:large","max-video-preview":"max-video-preview:-1"},"canonical":"https:\/\/admin.industriall-union.org\/es\/trabajadores-aprueban-el-acuerdo-alcanzado-en-tenaris-italia\/","og_locale":"es_ES","og_type":"article","og_title":"Trabajadores aprueban el acuerdo alcanzado en Tenaris, Italia","og_description":"El acuerdo con Tenaris Dalmine fue aprobado en una votaci\u00f3n que se realiz\u00f3 los d\u00edas 11 y 12 de junio.Seg\u00fan el convenio mencionado, se reducir\u00e1 a 301 el","og_url":"https:\/\/admin.industriall-union.org\/es\/trabajadores-aprueban-el-acuerdo-alcanzado-en-tenaris-italia\/","og_site_name":"industriall-union","article_modified_time":"2025-02-07T12:43:30+00:00","twitter_card":"summary_large_image","twitter_misc":{"Est. reading time":"1 minute"},"schema":{"@context":"https:\/\/schema.org","@graph":[{"@type":"WebPage","@id":"https:\/\/admin.industriall-union.org\/es\/trabajadores-aprueban-el-acuerdo-alcanzado-en-tenaris-italia\/","url":"https:\/\/admin.industriall-union.org\/es\/trabajadores-aprueban-el-acuerdo-alcanzado-en-tenaris-italia\/","name":"Trabajadores aprueban el acuerdo alcanzado en Tenaris, Italia - industriall-union","isPartOf":{"@id":"https:\/\/admin.industriall-union.org\/#website"},"datePublished":"2015-06-18T16:08:46+00:00","dateModified":"2025-02-07T12:43:30+00:00","description":"El acuerdo con Tenaris Dalmine fue aprobado en una votaci\u00f3n que se realiz\u00f3 los d\u00edas 11 y 12 de junio.Seg\u00fan el convenio mencionado, se reducir\u00e1 a 301 el","breadcrumb":{"@id":"https:\/\/admin.industriall-union.org\/es\/trabajadores-aprueban-el-acuerdo-alcanzado-en-tenaris-italia\/#breadcrumb"},"inLanguage":"es-ES","potentialAction":[{"@type":"ReadAction","target":["https:\/\/admin.industriall-union.org\/es\/trabajadores-aprueban-el-acuerdo-alcanzado-en-tenaris-italia\/"]}]},{"@type":"BreadcrumbList","@id":"https:\/\/admin.industriall-union.org\/es\/trabajadores-aprueban-el-acuerdo-alcanzado-en-tenaris-italia\/#breadcrumb","itemListElement":[{"@type":"ListItem","position":1,"name":"Home","item":"https:\/\/admin.industriall-union.org\/"},{"@type":"ListItem","position":2,"name":"Articles","item":"https:\/\/admin.industriall-union.org\/article\/"},{"@type":"ListItem","position":3,"name":"Trabajadores aprueban el acuerdo alcanzado en Tenaris, Italia"}]},{"@type":"WebSite","@id":"https:\/\/admin.industriall-union.org\/#website","url":"https:\/\/admin.industriall-union.org\/","name":"industriall-union","description":"","potentialAction":[{"@type":"SearchAction","target":{"@type":"EntryPoint","urlTemplate":"https:\/\/admin.industriall-union.org\/?s={search_term_string}"},"query-input":{"@type":"PropertyValueSpecification","valueRequired":true,"valueName":"search_term_string"}}],"inLanguage":"es-ES"}]}},"_links":{"self":[{"href":"https:\/\/admin.industriall-union.org\/es\/wp-json\/wp\/v2\/article\/169514","targetHints":{"allow":["GET"]}}],"collection":[{"href":"https:\/\/admin.industriall-union.org\/es\/wp-json\/wp\/v2\/article"}],"about":[{"href":"https:\/\/admin.industriall-union.org\/es\/wp-json\/wp\/v2\/types\/article"}],"wp:attachment":[{"href":"https:\/\/admin.industriall-union.org\/es\/wp-json\/wp\/v2\/media?parent=169514"}],"wp:term":[{"taxonomy":"issues","embeddable":true,"href":"https:\/\/admin.industriall-union.org\/es\/wp-json\/wp\/v2\/issues?post=169514"},{"taxonomy":"companies","embeddable":true,"href":"https:\/\/admin.industriall-union.org\/es\/wp-json\/wp\/v2\/companies?post=169514"},{"taxonomy":"regions","embeddable":true,"href":"https:\/\/admin.industriall-union.org\/es\/wp-json\/wp\/v2\/regions?post=169514"},{"taxonomy":"sectors","embeddable":true,"href":"https:\/\/admin.industriall-union.org\/es\/wp-json\/wp\/v2\/sectors?post=169514"},{"taxonomy":"article_tags","embeddable":true,"href":"https:\/\/admin.industriall-union.org\/es\/wp-json\/wp\/v2\/article_tags?post=169514"}],"curies":[{"name":"wp","href":"https:\/\/api.w.org\/{rel}","templated":true}]}}