{"id":169475,"date":"2015-06-25T14:26:30","date_gmt":"2015-06-25T14:26:30","guid":{"rendered":"https:\/\/admin.industriall-union.org\/los-sindicatos-se-dirigen-a-suiza-sobre-la-cuestion-de-glencore\/"},"modified":"2025-02-07T12:31:11","modified_gmt":"2025-02-07T12:31:11","slug":"los-sindicatos-se-dirigen-a-suiza-sobre-la-cuestion-de-glencore","status":"publish","type":"article","link":"https:\/\/admin.industriall-union.org\/es\/los-sindicatos-se-dirigen-a-suiza-sobre-la-cuestion-de-glencore\/","title":{"rendered":"Los sindicatos se dirigen a Suiza sobre la cuesti\u00f3n de Glencore"},"content":{"rendered":"<p>La semana de acci\u00f3n de la Red Sindical Mundial de Glencore, del 29 de junio al 3 de julio,&nbsp; coincide con la nueva Iniciativa Popular lanzada en Suiza, que realiza una campa\u00f1a en favor de cambiar la legislaci\u00f3n para hacer que empresas multinacionales con sede en Suiza, como Glencore, rindan cuentas por las violaciones que cometen en el extranjero contra los derechos humanos y el medio ambiente.<\/p><p>Si la Iniciativa Popular consigue 100.000 firmas, los ciudadanos suizos podr\u00e1n votar en favor dcl reconocimiento legal, o no, de sus denuncias ante la Constituci\u00f3n Federal.<\/p><p>Si la votaci\u00f3n tiene \u00e9xito, significa que las v\u00edctimas de violaciones ambientales o de los derechos humanos cometidas por multinacionales suizas en el extranjero podr\u00edan demandar a una determinada compa\u00f1\u00eda ante los tribunales de Suiza y pedir indemnizaci\u00f3n.<\/p><p>De esta manera, las empresas suizas tendr\u00edan responsabilidad por violaci\u00f3n de los derechos cometida por sus filiales o por las empresas que controlan en los pa\u00edses donde operan.<\/p><p>Durante la semana de acci\u00f3n mundial, afiliados de IndustriALL de \u00c1frica, Australia, Am\u00e9rica Latina y los EE.UU., que constituyen la Red Sindical Mundial de Glencore, entregar\u00e1n una carta de protesta a las embajadas y consulados de Suiza.<\/p><p>La carta exhorta al gobierno suizo para que vigile que Glencore cumpla con las normas internacionales y ponga fin a los abusos de los derechos de las personas y contra el medio ambiente en el extranjero.<\/p><p>Glen Mpufane, Director de Miner\u00eda de IndustriALL, se\u00f1al\u00f3 al respecto: &quot;Suiza tiene buena reputaci\u00f3n en cuanto a respetar los derechos de los trabajadores y la negociaci\u00f3n colectiva. Sin embargo, las pol\u00edticas que aplica Glencore en el extranjero le dan mala fama al pa\u00eds; esta conducta no se permitir\u00eda en Suiza&quot;.<\/p><p>IndustriALL critica a Glencore, empresa que ha sido objeto de acusaciones de los sindicatos afiliados. Los trabajadores se\u00f1alan a esta multinacional como culpable de actividades antisindicales, violaciones de la salud y seguridad, y evasi\u00f3n de impuestos, entre otras trasgresiones.<\/p><p>&nbsp;La&nbsp;<a href=\"http:\/\/www.industriall-union.org\/es\/la-industriall-acusa-a-glencore-de-comportamiento-antisindical\" target=\"_blank\">Red Sindical Mundial de Glencore<\/a>&nbsp;cuenta con representantes de catorce pa\u00edses, a saber: Argentina, Australia, Botsuana, Brasil, Canad\u00e1, Chile, Colombia, Estados Unidos, M\u00e9xico, Namibia, Per\u00fa, la Rep\u00fablica Democr\u00e1tica del Congo, Sud\u00e1frica y Zambia.<\/p><p>Para mayor informaci\u00f3n sobre la Iniciativa en cuesti\u00f3n, ver:&nbsp;<a href=\"http:\/\/konzern-initiative.ch\/?lang=fr\">http:\/\/konzern-initiative.ch\/?lang=fr<\/a><\/p>","protected":false},"featured_media":0,"template":"","issues":[406],"companies":[60],"regions":[],"sectors":[494],"article_tags":[],"class_list":["post-169475","article","type-article","status-publish","hentry","issues-confronting-global-capital","companies-glencore","sectors-mining-and-dgojp"],"acf":[],"yoast_head":"<!-- This site is optimized with the Yoast SEO Premium plugin v27.1 (Yoast SEO v27.1) - https:\/\/yoast.com\/product\/yoast-seo-premium-wordpress\/ -->\n<title>Los sindicatos se dirigen a Suiza sobre la cuesti\u00f3n de Glencore - industriall-union<\/title>\n<meta name=\"description\" content=\"La semana de acci\u00f3n de la Red Sindical Mundial de Glencore, del 29 de junio al 3 de julio,&nbsp; coincide con la nueva Iniciativa Popular lanzada en\" \/>\n<meta name=\"robots\" content=\"index, follow, max-snippet:-1, max-image-preview:large, max-video-preview:-1\" \/>\n<link rel=\"canonical\" href=\"https:\/\/admin.industriall-union.org\/es\/los-sindicatos-se-dirigen-a-suiza-sobre-la-cuestion-de-glencore\/\" \/>\n<meta property=\"og:locale\" content=\"es_ES\" \/>\n<meta property=\"og:type\" content=\"article\" \/>\n<meta property=\"og:title\" content=\"Los sindicatos se dirigen a Suiza sobre la cuesti\u00f3n de Glencore\" \/>\n<meta property=\"og:description\" content=\"La semana de acci\u00f3n de la Red Sindical Mundial de Glencore, del 29 de junio al 3 de julio,&nbsp; coincide con la nueva Iniciativa Popular lanzada en\" \/>\n<meta property=\"og:url\" content=\"https:\/\/admin.industriall-union.org\/es\/los-sindicatos-se-dirigen-a-suiza-sobre-la-cuestion-de-glencore\/\" \/>\n<meta property=\"og:site_name\" content=\"industriall-union\" \/>\n<meta property=\"article:modified_time\" content=\"2025-02-07T12:31:11+00:00\" \/>\n<meta name=\"twitter:card\" content=\"summary_large_image\" \/>\n<meta name=\"twitter:label1\" content=\"Est. reading time\" \/>\n\t<meta name=\"twitter:data1\" content=\"2 minutes\" \/>\n<script type=\"application\/ld+json\" class=\"yoast-schema-graph\">{\"@context\":\"https:\/\/schema.org\",\"@graph\":[{\"@type\":\"WebPage\",\"@id\":\"https:\/\/admin.industriall-union.org\/es\/los-sindicatos-se-dirigen-a-suiza-sobre-la-cuestion-de-glencore\/\",\"url\":\"https:\/\/admin.industriall-union.org\/es\/los-sindicatos-se-dirigen-a-suiza-sobre-la-cuestion-de-glencore\/\",\"name\":\"Los sindicatos se dirigen a Suiza sobre la cuesti\u00f3n de Glencore - industriall-union\",\"isPartOf\":{\"@id\":\"https:\/\/admin.industriall-union.org\/#website\"},\"datePublished\":\"2015-06-25T14:26:30+00:00\",\"dateModified\":\"2025-02-07T12:31:11+00:00\",\"description\":\"La semana de acci\u00f3n de la Red Sindical Mundial de Glencore, del 29 de junio al 3 de julio,&nbsp; coincide con la nueva Iniciativa Popular lanzada en\",\"breadcrumb\":{\"@id\":\"https:\/\/admin.industriall-union.org\/es\/los-sindicatos-se-dirigen-a-suiza-sobre-la-cuestion-de-glencore\/#breadcrumb\"},\"inLanguage\":\"es-ES\",\"potentialAction\":[{\"@type\":\"ReadAction\",\"target\":[\"https:\/\/admin.industriall-union.org\/es\/los-sindicatos-se-dirigen-a-suiza-sobre-la-cuestion-de-glencore\/\"]}]},{\"@type\":\"BreadcrumbList\",\"@id\":\"https:\/\/admin.industriall-union.org\/es\/los-sindicatos-se-dirigen-a-suiza-sobre-la-cuestion-de-glencore\/#breadcrumb\",\"itemListElement\":[{\"@type\":\"ListItem\",\"position\":1,\"name\":\"Home\",\"item\":\"https:\/\/admin.industriall-union.org\/\"},{\"@type\":\"ListItem\",\"position\":2,\"name\":\"Articles\",\"item\":\"https:\/\/admin.industriall-union.org\/article\/\"},{\"@type\":\"ListItem\",\"position\":3,\"name\":\"Los sindicatos se dirigen a Suiza sobre la cuesti\u00f3n de Glencore\"}]},{\"@type\":\"WebSite\",\"@id\":\"https:\/\/admin.industriall-union.org\/#website\",\"url\":\"https:\/\/admin.industriall-union.org\/\",\"name\":\"industriall-union\",\"description\":\"\",\"potentialAction\":[{\"@type\":\"SearchAction\",\"target\":{\"@type\":\"EntryPoint\",\"urlTemplate\":\"https:\/\/admin.industriall-union.org\/?s={search_term_string}\"},\"query-input\":{\"@type\":\"PropertyValueSpecification\",\"valueRequired\":true,\"valueName\":\"search_term_string\"}}],\"inLanguage\":\"es-ES\"}]}<\/script>\n<!-- \/ Yoast SEO Premium plugin. -->","yoast_head_json":{"title":"Los sindicatos se dirigen a Suiza sobre la cuesti\u00f3n de Glencore - industriall-union","description":"La semana de acci\u00f3n de la Red Sindical Mundial de Glencore, del 29 de junio al 3 de julio,&nbsp; coincide con la nueva Iniciativa Popular lanzada en","robots":{"index":"index","follow":"follow","max-snippet":"max-snippet:-1","max-image-preview":"max-image-preview:large","max-video-preview":"max-video-preview:-1"},"canonical":"https:\/\/admin.industriall-union.org\/es\/los-sindicatos-se-dirigen-a-suiza-sobre-la-cuestion-de-glencore\/","og_locale":"es_ES","og_type":"article","og_title":"Los sindicatos se dirigen a Suiza sobre la cuesti\u00f3n de Glencore","og_description":"La semana de acci\u00f3n de la Red Sindical Mundial de Glencore, del 29 de junio al 3 de julio,&nbsp; coincide con la nueva Iniciativa Popular lanzada en","og_url":"https:\/\/admin.industriall-union.org\/es\/los-sindicatos-se-dirigen-a-suiza-sobre-la-cuestion-de-glencore\/","og_site_name":"industriall-union","article_modified_time":"2025-02-07T12:31:11+00:00","twitter_card":"summary_large_image","twitter_misc":{"Est. reading time":"2 minutes"},"schema":{"@context":"https:\/\/schema.org","@graph":[{"@type":"WebPage","@id":"https:\/\/admin.industriall-union.org\/es\/los-sindicatos-se-dirigen-a-suiza-sobre-la-cuestion-de-glencore\/","url":"https:\/\/admin.industriall-union.org\/es\/los-sindicatos-se-dirigen-a-suiza-sobre-la-cuestion-de-glencore\/","name":"Los sindicatos se dirigen a Suiza sobre la cuesti\u00f3n de Glencore - industriall-union","isPartOf":{"@id":"https:\/\/admin.industriall-union.org\/#website"},"datePublished":"2015-06-25T14:26:30+00:00","dateModified":"2025-02-07T12:31:11+00:00","description":"La semana de acci\u00f3n de la Red Sindical Mundial de Glencore, del 29 de junio al 3 de julio,&nbsp; coincide con la nueva Iniciativa Popular lanzada en","breadcrumb":{"@id":"https:\/\/admin.industriall-union.org\/es\/los-sindicatos-se-dirigen-a-suiza-sobre-la-cuestion-de-glencore\/#breadcrumb"},"inLanguage":"es-ES","potentialAction":[{"@type":"ReadAction","target":["https:\/\/admin.industriall-union.org\/es\/los-sindicatos-se-dirigen-a-suiza-sobre-la-cuestion-de-glencore\/"]}]},{"@type":"BreadcrumbList","@id":"https:\/\/admin.industriall-union.org\/es\/los-sindicatos-se-dirigen-a-suiza-sobre-la-cuestion-de-glencore\/#breadcrumb","itemListElement":[{"@type":"ListItem","position":1,"name":"Home","item":"https:\/\/admin.industriall-union.org\/"},{"@type":"ListItem","position":2,"name":"Articles","item":"https:\/\/admin.industriall-union.org\/article\/"},{"@type":"ListItem","position":3,"name":"Los sindicatos se dirigen a Suiza sobre la cuesti\u00f3n de Glencore"}]},{"@type":"WebSite","@id":"https:\/\/admin.industriall-union.org\/#website","url":"https:\/\/admin.industriall-union.org\/","name":"industriall-union","description":"","potentialAction":[{"@type":"SearchAction","target":{"@type":"EntryPoint","urlTemplate":"https:\/\/admin.industriall-union.org\/?s={search_term_string}"},"query-input":{"@type":"PropertyValueSpecification","valueRequired":true,"valueName":"search_term_string"}}],"inLanguage":"es-ES"}]}},"_links":{"self":[{"href":"https:\/\/admin.industriall-union.org\/es\/wp-json\/wp\/v2\/article\/169475","targetHints":{"allow":["GET"]}}],"collection":[{"href":"https:\/\/admin.industriall-union.org\/es\/wp-json\/wp\/v2\/article"}],"about":[{"href":"https:\/\/admin.industriall-union.org\/es\/wp-json\/wp\/v2\/types\/article"}],"wp:attachment":[{"href":"https:\/\/admin.industriall-union.org\/es\/wp-json\/wp\/v2\/media?parent=169475"}],"wp:term":[{"taxonomy":"issues","embeddable":true,"href":"https:\/\/admin.industriall-union.org\/es\/wp-json\/wp\/v2\/issues?post=169475"},{"taxonomy":"companies","embeddable":true,"href":"https:\/\/admin.industriall-union.org\/es\/wp-json\/wp\/v2\/companies?post=169475"},{"taxonomy":"regions","embeddable":true,"href":"https:\/\/admin.industriall-union.org\/es\/wp-json\/wp\/v2\/regions?post=169475"},{"taxonomy":"sectors","embeddable":true,"href":"https:\/\/admin.industriall-union.org\/es\/wp-json\/wp\/v2\/sectors?post=169475"},{"taxonomy":"article_tags","embeddable":true,"href":"https:\/\/admin.industriall-union.org\/es\/wp-json\/wp\/v2\/article_tags?post=169475"}],"curies":[{"name":"wp","href":"https:\/\/api.w.org\/{rel}","templated":true}]}}