{"id":169438,"date":"2015-07-02T14:30:35","date_gmt":"2015-07-02T14:30:35","guid":{"rendered":"https:\/\/admin.industriall-union.org\/industriall-clama-para-que-se-alcance-una-solucion-justa-y-sostenible-para-la-deuda-griega\/"},"modified":"2025-02-07T12:16:56","modified_gmt":"2025-02-07T12:16:56","slug":"industriall-clama-para-que-se-alcance-una-solucion-justa-y-sostenible-para-la-deuda-griega","status":"publish","type":"article","link":"https:\/\/admin.industriall-union.org\/es\/industriall-clama-para-que-se-alcance-una-solucion-justa-y-sostenible-para-la-deuda-griega\/","title":{"rendered":"IndustriALL clama para que se alcance una soluci\u00f3n justa y sostenible para la deuda griega"},"content":{"rendered":"<p>Los griegos van a las urnas el domingo 5 de julio para decidir si aceptan o no las propuestas del Banco Central Europeo, el FMI y la Comisi\u00f3n Europea, lo que implicar\u00eda reformas econ\u00f3micas estrictas a cambio de m\u00e1s cr\u00e9dito.<\/p><p>Grecia tiene una deuda de m\u00e1s de &euro;300 mil millones, que equivale, aproximadamente, a un 180% del PIB. En lugar de recuperaci\u00f3n econ\u00f3mica de Grecia, las medidas de austeridad impuestas por las tres instituciones financieras conocidas como la Troika han causado muchos a\u00f1os de deterioro econ\u00f3mico y social e incertidumbre, con un aumento de la pobreza en ese pa\u00eds.<\/p><p>Refiri\u00e9ndose a esta grave situaci\u00f3n, Jyrki Raina, Secretario General de IndustriALL, manifest\u00f3 lo siguiente:<\/p><p>&ldquo;Los acreedores no deber\u00edan chantajear a Grecia. Se puede lograr la recuperaci\u00f3n econ\u00f3mica del pa\u00eds s\u00f3lo a trav\u00e9s de una soluci\u00f3n justa, y, sobre todo, sostenible, para reestructurar su deuda.<\/p><p>&ldquo;Los cinco a\u00f1os de austeridad que ha vivido Grecia han sido un fracaso. Es hora de seguir adelante y establecer un camino econ\u00f3mico realista para el pa\u00eds. Las instituciones de la Troika deben o\u00edr lo que dice el pueblo griego y no interferir con el gobierno democr\u00e1ticamente elegido&rdquo;.<\/p>","protected":false},"featured_media":0,"template":"","issues":[],"companies":[],"regions":[220],"sectors":[],"article_tags":[],"class_list":["post-169438","article","type-article","status-publish","hentry","regions-greece"],"acf":[],"yoast_head":"<!-- This site is optimized with the Yoast SEO Premium plugin v27.1 (Yoast SEO v27.1) - https:\/\/yoast.com\/product\/yoast-seo-premium-wordpress\/ -->\n<title>IndustriALL clama para que se alcance una soluci\u00f3n justa y sostenible para la deuda griega - industriall-union<\/title>\n<meta name=\"description\" content=\"Los griegos van a las urnas el domingo 5 de julio para decidir si aceptan o no las propuestas del Banco Central Europeo, el FMI y la Comisi\u00f3n Europea, lo\" \/>\n<meta name=\"robots\" content=\"index, follow, max-snippet:-1, max-image-preview:large, max-video-preview:-1\" \/>\n<link rel=\"canonical\" href=\"https:\/\/admin.industriall-union.org\/es\/industriall-clama-para-que-se-alcance-una-solucion-justa-y-sostenible-para-la-deuda-griega\/\" \/>\n<meta property=\"og:locale\" content=\"es_ES\" \/>\n<meta property=\"og:type\" content=\"article\" \/>\n<meta property=\"og:title\" content=\"IndustriALL clama para que se alcance una soluci\u00f3n justa y sostenible para la deuda griega\" \/>\n<meta property=\"og:description\" content=\"Los griegos van a las urnas el domingo 5 de julio para decidir si aceptan o no las propuestas del Banco Central Europeo, el FMI y la Comisi\u00f3n Europea, lo\" \/>\n<meta property=\"og:url\" content=\"https:\/\/admin.industriall-union.org\/es\/industriall-clama-para-que-se-alcance-una-solucion-justa-y-sostenible-para-la-deuda-griega\/\" \/>\n<meta property=\"og:site_name\" content=\"industriall-union\" \/>\n<meta property=\"article:modified_time\" content=\"2025-02-07T12:16:56+00:00\" \/>\n<meta name=\"twitter:card\" content=\"summary_large_image\" \/>\n<meta name=\"twitter:label1\" content=\"Est. reading time\" \/>\n\t<meta name=\"twitter:data1\" content=\"1 minute\" \/>\n<script type=\"application\/ld+json\" class=\"yoast-schema-graph\">{\"@context\":\"https:\/\/schema.org\",\"@graph\":[{\"@type\":\"WebPage\",\"@id\":\"https:\/\/admin.industriall-union.org\/es\/industriall-clama-para-que-se-alcance-una-solucion-justa-y-sostenible-para-la-deuda-griega\/\",\"url\":\"https:\/\/admin.industriall-union.org\/es\/industriall-clama-para-que-se-alcance-una-solucion-justa-y-sostenible-para-la-deuda-griega\/\",\"name\":\"IndustriALL clama para que se alcance una soluci\u00f3n justa y sostenible para la deuda griega - industriall-union\",\"isPartOf\":{\"@id\":\"https:\/\/admin.industriall-union.org\/ru\/#website\"},\"datePublished\":\"2015-07-02T14:30:35+00:00\",\"dateModified\":\"2025-02-07T12:16:56+00:00\",\"description\":\"Los griegos van a las urnas el domingo 5 de julio para decidir si aceptan o no las propuestas del Banco Central Europeo, el FMI y la Comisi\u00f3n Europea, lo\",\"breadcrumb\":{\"@id\":\"https:\/\/admin.industriall-union.org\/es\/industriall-clama-para-que-se-alcance-una-solucion-justa-y-sostenible-para-la-deuda-griega\/#breadcrumb\"},\"inLanguage\":\"es-ES\",\"potentialAction\":[{\"@type\":\"ReadAction\",\"target\":[\"https:\/\/admin.industriall-union.org\/es\/industriall-clama-para-que-se-alcance-una-solucion-justa-y-sostenible-para-la-deuda-griega\/\"]}]},{\"@type\":\"BreadcrumbList\",\"@id\":\"https:\/\/admin.industriall-union.org\/es\/industriall-clama-para-que-se-alcance-una-solucion-justa-y-sostenible-para-la-deuda-griega\/#breadcrumb\",\"itemListElement\":[{\"@type\":\"ListItem\",\"position\":1,\"name\":\"Home\",\"item\":\"https:\/\/admin.industriall-union.org\/ru\/\"},{\"@type\":\"ListItem\",\"position\":2,\"name\":\"Articles\",\"item\":\"https:\/\/admin.industriall-union.org\/ru\/article\/\"},{\"@type\":\"ListItem\",\"position\":3,\"name\":\"IndustriALL clama para que se alcance una soluci\u00f3n justa y sostenible para la deuda griega\"}]},{\"@type\":\"WebSite\",\"@id\":\"https:\/\/admin.industriall-union.org\/ru\/#website\",\"url\":\"https:\/\/admin.industriall-union.org\/ru\/\",\"name\":\"industriall-union\",\"description\":\"\",\"potentialAction\":[{\"@type\":\"SearchAction\",\"target\":{\"@type\":\"EntryPoint\",\"urlTemplate\":\"https:\/\/admin.industriall-union.org\/ru\/?s={search_term_string}\"},\"query-input\":{\"@type\":\"PropertyValueSpecification\",\"valueRequired\":true,\"valueName\":\"search_term_string\"}}],\"inLanguage\":\"es-ES\"}]}<\/script>\n<!-- \/ Yoast SEO Premium plugin. -->","yoast_head_json":{"title":"IndustriALL clama para que se alcance una soluci\u00f3n justa y sostenible para la deuda griega - industriall-union","description":"Los griegos van a las urnas el domingo 5 de julio para decidir si aceptan o no las propuestas del Banco Central Europeo, el FMI y la Comisi\u00f3n Europea, lo","robots":{"index":"index","follow":"follow","max-snippet":"max-snippet:-1","max-image-preview":"max-image-preview:large","max-video-preview":"max-video-preview:-1"},"canonical":"https:\/\/admin.industriall-union.org\/es\/industriall-clama-para-que-se-alcance-una-solucion-justa-y-sostenible-para-la-deuda-griega\/","og_locale":"es_ES","og_type":"article","og_title":"IndustriALL clama para que se alcance una soluci\u00f3n justa y sostenible para la deuda griega","og_description":"Los griegos van a las urnas el domingo 5 de julio para decidir si aceptan o no las propuestas del Banco Central Europeo, el FMI y la Comisi\u00f3n Europea, lo","og_url":"https:\/\/admin.industriall-union.org\/es\/industriall-clama-para-que-se-alcance-una-solucion-justa-y-sostenible-para-la-deuda-griega\/","og_site_name":"industriall-union","article_modified_time":"2025-02-07T12:16:56+00:00","twitter_card":"summary_large_image","twitter_misc":{"Est. reading time":"1 minute"},"schema":{"@context":"https:\/\/schema.org","@graph":[{"@type":"WebPage","@id":"https:\/\/admin.industriall-union.org\/es\/industriall-clama-para-que-se-alcance-una-solucion-justa-y-sostenible-para-la-deuda-griega\/","url":"https:\/\/admin.industriall-union.org\/es\/industriall-clama-para-que-se-alcance-una-solucion-justa-y-sostenible-para-la-deuda-griega\/","name":"IndustriALL clama para que se alcance una soluci\u00f3n justa y sostenible para la deuda griega - industriall-union","isPartOf":{"@id":"https:\/\/admin.industriall-union.org\/ru\/#website"},"datePublished":"2015-07-02T14:30:35+00:00","dateModified":"2025-02-07T12:16:56+00:00","description":"Los griegos van a las urnas el domingo 5 de julio para decidir si aceptan o no las propuestas del Banco Central Europeo, el FMI y la Comisi\u00f3n Europea, lo","breadcrumb":{"@id":"https:\/\/admin.industriall-union.org\/es\/industriall-clama-para-que-se-alcance-una-solucion-justa-y-sostenible-para-la-deuda-griega\/#breadcrumb"},"inLanguage":"es-ES","potentialAction":[{"@type":"ReadAction","target":["https:\/\/admin.industriall-union.org\/es\/industriall-clama-para-que-se-alcance-una-solucion-justa-y-sostenible-para-la-deuda-griega\/"]}]},{"@type":"BreadcrumbList","@id":"https:\/\/admin.industriall-union.org\/es\/industriall-clama-para-que-se-alcance-una-solucion-justa-y-sostenible-para-la-deuda-griega\/#breadcrumb","itemListElement":[{"@type":"ListItem","position":1,"name":"Home","item":"https:\/\/admin.industriall-union.org\/ru\/"},{"@type":"ListItem","position":2,"name":"Articles","item":"https:\/\/admin.industriall-union.org\/ru\/article\/"},{"@type":"ListItem","position":3,"name":"IndustriALL clama para que se alcance una soluci\u00f3n justa y sostenible para la deuda griega"}]},{"@type":"WebSite","@id":"https:\/\/admin.industriall-union.org\/ru\/#website","url":"https:\/\/admin.industriall-union.org\/ru\/","name":"industriall-union","description":"","potentialAction":[{"@type":"SearchAction","target":{"@type":"EntryPoint","urlTemplate":"https:\/\/admin.industriall-union.org\/ru\/?s={search_term_string}"},"query-input":{"@type":"PropertyValueSpecification","valueRequired":true,"valueName":"search_term_string"}}],"inLanguage":"es-ES"}]}},"_links":{"self":[{"href":"https:\/\/admin.industriall-union.org\/es\/wp-json\/wp\/v2\/article\/169438","targetHints":{"allow":["GET"]}}],"collection":[{"href":"https:\/\/admin.industriall-union.org\/es\/wp-json\/wp\/v2\/article"}],"about":[{"href":"https:\/\/admin.industriall-union.org\/es\/wp-json\/wp\/v2\/types\/article"}],"wp:attachment":[{"href":"https:\/\/admin.industriall-union.org\/es\/wp-json\/wp\/v2\/media?parent=169438"}],"wp:term":[{"taxonomy":"issues","embeddable":true,"href":"https:\/\/admin.industriall-union.org\/es\/wp-json\/wp\/v2\/issues?post=169438"},{"taxonomy":"companies","embeddable":true,"href":"https:\/\/admin.industriall-union.org\/es\/wp-json\/wp\/v2\/companies?post=169438"},{"taxonomy":"regions","embeddable":true,"href":"https:\/\/admin.industriall-union.org\/es\/wp-json\/wp\/v2\/regions?post=169438"},{"taxonomy":"sectors","embeddable":true,"href":"https:\/\/admin.industriall-union.org\/es\/wp-json\/wp\/v2\/sectors?post=169438"},{"taxonomy":"article_tags","embeddable":true,"href":"https:\/\/admin.industriall-union.org\/es\/wp-json\/wp\/v2\/article_tags?post=169438"}],"curies":[{"name":"wp","href":"https:\/\/api.w.org\/{rel}","templated":true}]}}