{"id":169423,"date":"2015-07-02T15:44:03","date_gmt":"2015-07-02T15:44:03","guid":{"rendered":"https:\/\/admin.industriall-union.org\/despega-la-fuerza-sindical-en-la-industria-aeroespacial\/"},"modified":"2025-02-07T12:15:29","modified_gmt":"2025-02-07T12:15:29","slug":"despega-la-fuerza-sindical-en-la-industria-aeroespacial","status":"publish","type":"article","link":"https:\/\/admin.industriall-union.org\/es\/despega-la-fuerza-sindical-en-la-industria-aeroespacial\/","title":{"rendered":"Despega la fuerza sindical en la industria aeroespacial"},"content":{"rendered":"<p>Cerca de 100 delegados de 16 pa\u00edses, en representaci\u00f3n de 25 sindicatos, se re\u00fanen en la Conferencia Mundial de la Industria Aeroespacial celebrada en Berl\u00edn los dos primeros d\u00edas de julio, con el tema: construcci\u00f3n de sindicatos m\u00e1s fuertes y c\u00f3mo hacer frente al capital global en la industria en crecimiento.<\/p><p>J\u00fcrgen Kerner, tesorero de IG Metall, dio la bienvenida a los delegados a Alemania y expres\u00f3 su solidaridad con la familia mundial de trabajadores del sector aeroespacial.<\/p><p>Como parte de la ceremonia inaugural, Holger Schilenkamp, del Ministerio de Asuntos Econ\u00f3micos y Energ\u00eda de Alemania Federal, resalt\u00f3 la importancia de lo que en Alemania se denomina codeterminaci\u00f3n, diciendo que reviste inter\u00e9s para los trabajadores y los empleadores.<\/p><p>En su discurso de apertura, Tom Buffenbarger, vicepresidente de la IndustriALL, presidente de IAMAW, y director del sector aeroespacial de la IndustriALL, dijo que la industrial global est\u00e1 en una encrucijada y tiene que elegir entre dos caminos:<\/p><p>&ldquo;Uno en el que los trabajadores est\u00e1n obligados a renunciar al derecho fundamental a la huelga y en el que se culpa a los trabajadores de los fracasos de la direcci\u00f3n.&rdquo;<\/p><p>&ldquo;El otro abarca a los sindicatos de la industria aeroespacial, donde la direcci\u00f3n reconoce el valor de una fuerza de trabajo sindicada capaz de intervenir libremente en la negociaci\u00f3n colectiva.&rdquo;<\/p><p>Tal s\u00f3lo en Estados Unidos y Canad\u00e1 han desaparecido en los \u00faltimos 20 a\u00f1os m\u00e1s de 600.000 empleos en el sector, cerca del 50 por ciento de la fuerza de trabajo. Como en muchas otras industrias, las empresas aeroespaciales emplean cada vez m\u00e1s a trabajadores con contrato.<\/p><p>Durante los dos d\u00edas de debate en grupos, los participantes discutieron las formas de defender los derechos de los trabajadores y la manera de contrarrestar las actividades antisindicales. Se reconoci\u00f3 que los Acuerdos Marco Globales (AMG) son un importante instrumento para fortalecer los derechos laborales en el sector.<\/p><p>&quot;Tenemos que pedir que las empresas aeroespaciales concierten acuerdos mundiales que cumplan las normas internacionales del trabajo&rdquo;, dijo Tom Buffenbarger.<\/p><p><strong><u>Plan de acci\u00f3n<\/u><\/strong><\/p><p>Los participantes acordaron poner en marcha una serie de redes de empresa, para intercambiar informaci\u00f3n, pero tambi\u00e9n para crear solidaridad&nbsp; de los trabajadores en el sector.<\/p><p>Se adopt\u00f3 un <a href=\"\/wp-content\/uploads\/documents\/2015\/Germany\/AerospaceConference-Berlin-July-2015\/action_plan_world_aerospace_conference_v4.pdf\">plan de acci\u00f3n<\/a> con medidas concretas para hacer frente al capital global, defender los derechos de los trabajadores, luchar contra el trabajo precario y garantizar el empleo industrial sostenible.<\/p><p>La conferencia mundial tambi\u00e9n aprob\u00f3 una <a href=\"\/wp-content\/uploads\/documents\/2015\/Germany\/AerospaceConference-Berlin-July-2015\/resolution_spain.pdf\">resoluci\u00f3n<\/a> reiterando la actitud de solidaridad de la IndustriALL con los trabajadores de sindicatos afiliados que pueden ser condenados a penas de prisi\u00f3n por declararse en huelga en 2010.<\/p><p>El secretario general adjunto de la IndustriALL Kemal \u00d6zkan dijo:<\/p><p>&ldquo;Seguiremos organizando a los trabajadores y apoyando a nuestros sindicatos en el sector aeroespacial. En una industria global, combatimos la austeridad, al tiempo que defendemos y promovemos los derechos de los trabajadores.&rdquo;<\/p><p>&ldquo;Los derechos de los trabajadores no son negociables y debemos encontrar soluciones para proteger a todos los trabajadores en todas las partes de la cadena de suministro global.&rdquo;<\/p><p>La conferencia eligi\u00f3 a Tom Buffenbarger para dirigir la secci\u00f3n junto con un grupo de acci\u00f3n que desempe\u00f1ar\u00e1 un importante papel en la aplicaci\u00f3n del plan de acci\u00f3n con el Secretariado.<\/p>","protected":false},"featured_media":0,"template":"","issues":[406,407],"companies":[],"regions":[219],"sectors":[488],"article_tags":[],"class_list":["post-169423","article","type-article","status-publish","hentry","issues-confronting-global-capital","issues-global-framework-agreements","regions-germany","sectors-aerospace"],"acf":[],"yoast_head":"<!-- This site is optimized with the Yoast SEO Premium plugin v27.1 (Yoast SEO v27.1) - https:\/\/yoast.com\/product\/yoast-seo-premium-wordpress\/ -->\n<title>Despega la fuerza sindical en la industria aeroespacial - industriall-union<\/title>\n<meta name=\"description\" content=\"Cerca de 100 delegados de 16 pa\u00edses, en representaci\u00f3n de 25 sindicatos, se re\u00fanen en la Conferencia Mundial de la Industria Aeroespacial celebrada en\" \/>\n<meta name=\"robots\" content=\"index, follow, max-snippet:-1, max-image-preview:large, max-video-preview:-1\" \/>\n<link rel=\"canonical\" href=\"https:\/\/admin.industriall-union.org\/es\/despega-la-fuerza-sindical-en-la-industria-aeroespacial\/\" \/>\n<meta property=\"og:locale\" content=\"es_ES\" \/>\n<meta property=\"og:type\" content=\"article\" \/>\n<meta property=\"og:title\" content=\"Despega la fuerza sindical en la industria aeroespacial\" \/>\n<meta property=\"og:description\" content=\"Cerca de 100 delegados de 16 pa\u00edses, en representaci\u00f3n de 25 sindicatos, se re\u00fanen en la Conferencia Mundial de la Industria Aeroespacial celebrada en\" \/>\n<meta property=\"og:url\" content=\"https:\/\/admin.industriall-union.org\/es\/despega-la-fuerza-sindical-en-la-industria-aeroespacial\/\" \/>\n<meta property=\"og:site_name\" content=\"industriall-union\" \/>\n<meta property=\"article:modified_time\" content=\"2025-02-07T12:15:29+00:00\" \/>\n<meta name=\"twitter:card\" content=\"summary_large_image\" \/>\n<meta name=\"twitter:label1\" content=\"Est. reading time\" \/>\n\t<meta name=\"twitter:data1\" content=\"3 minutes\" \/>\n<script type=\"application\/ld+json\" class=\"yoast-schema-graph\">{\"@context\":\"https:\/\/schema.org\",\"@graph\":[{\"@type\":\"WebPage\",\"@id\":\"https:\/\/admin.industriall-union.org\/es\/despega-la-fuerza-sindical-en-la-industria-aeroespacial\/\",\"url\":\"https:\/\/admin.industriall-union.org\/es\/despega-la-fuerza-sindical-en-la-industria-aeroespacial\/\",\"name\":\"Despega la fuerza sindical en la industria aeroespacial - industriall-union\",\"isPartOf\":{\"@id\":\"https:\/\/admin.industriall-union.org\/#website\"},\"datePublished\":\"2015-07-02T15:44:03+00:00\",\"dateModified\":\"2025-02-07T12:15:29+00:00\",\"description\":\"Cerca de 100 delegados de 16 pa\u00edses, en representaci\u00f3n de 25 sindicatos, se re\u00fanen en la Conferencia Mundial de la Industria Aeroespacial celebrada en\",\"breadcrumb\":{\"@id\":\"https:\/\/admin.industriall-union.org\/es\/despega-la-fuerza-sindical-en-la-industria-aeroespacial\/#breadcrumb\"},\"inLanguage\":\"es-ES\",\"potentialAction\":[{\"@type\":\"ReadAction\",\"target\":[\"https:\/\/admin.industriall-union.org\/es\/despega-la-fuerza-sindical-en-la-industria-aeroespacial\/\"]}]},{\"@type\":\"BreadcrumbList\",\"@id\":\"https:\/\/admin.industriall-union.org\/es\/despega-la-fuerza-sindical-en-la-industria-aeroespacial\/#breadcrumb\",\"itemListElement\":[{\"@type\":\"ListItem\",\"position\":1,\"name\":\"Home\",\"item\":\"https:\/\/admin.industriall-union.org\/\"},{\"@type\":\"ListItem\",\"position\":2,\"name\":\"Articles\",\"item\":\"https:\/\/admin.industriall-union.org\/article\/\"},{\"@type\":\"ListItem\",\"position\":3,\"name\":\"Despega la fuerza sindical en la industria aeroespacial\"}]},{\"@type\":\"WebSite\",\"@id\":\"https:\/\/admin.industriall-union.org\/#website\",\"url\":\"https:\/\/admin.industriall-union.org\/\",\"name\":\"industriall-union\",\"description\":\"\",\"potentialAction\":[{\"@type\":\"SearchAction\",\"target\":{\"@type\":\"EntryPoint\",\"urlTemplate\":\"https:\/\/admin.industriall-union.org\/?s={search_term_string}\"},\"query-input\":{\"@type\":\"PropertyValueSpecification\",\"valueRequired\":true,\"valueName\":\"search_term_string\"}}],\"inLanguage\":\"es-ES\"}]}<\/script>\n<!-- \/ Yoast SEO Premium plugin. -->","yoast_head_json":{"title":"Despega la fuerza sindical en la industria aeroespacial - industriall-union","description":"Cerca de 100 delegados de 16 pa\u00edses, en representaci\u00f3n de 25 sindicatos, se re\u00fanen en la Conferencia Mundial de la Industria Aeroespacial celebrada en","robots":{"index":"index","follow":"follow","max-snippet":"max-snippet:-1","max-image-preview":"max-image-preview:large","max-video-preview":"max-video-preview:-1"},"canonical":"https:\/\/admin.industriall-union.org\/es\/despega-la-fuerza-sindical-en-la-industria-aeroespacial\/","og_locale":"es_ES","og_type":"article","og_title":"Despega la fuerza sindical en la industria aeroespacial","og_description":"Cerca de 100 delegados de 16 pa\u00edses, en representaci\u00f3n de 25 sindicatos, se re\u00fanen en la Conferencia Mundial de la Industria Aeroespacial celebrada en","og_url":"https:\/\/admin.industriall-union.org\/es\/despega-la-fuerza-sindical-en-la-industria-aeroespacial\/","og_site_name":"industriall-union","article_modified_time":"2025-02-07T12:15:29+00:00","twitter_card":"summary_large_image","twitter_misc":{"Est. reading time":"3 minutes"},"schema":{"@context":"https:\/\/schema.org","@graph":[{"@type":"WebPage","@id":"https:\/\/admin.industriall-union.org\/es\/despega-la-fuerza-sindical-en-la-industria-aeroespacial\/","url":"https:\/\/admin.industriall-union.org\/es\/despega-la-fuerza-sindical-en-la-industria-aeroespacial\/","name":"Despega la fuerza sindical en la industria aeroespacial - industriall-union","isPartOf":{"@id":"https:\/\/admin.industriall-union.org\/#website"},"datePublished":"2015-07-02T15:44:03+00:00","dateModified":"2025-02-07T12:15:29+00:00","description":"Cerca de 100 delegados de 16 pa\u00edses, en representaci\u00f3n de 25 sindicatos, se re\u00fanen en la Conferencia Mundial de la Industria Aeroespacial celebrada en","breadcrumb":{"@id":"https:\/\/admin.industriall-union.org\/es\/despega-la-fuerza-sindical-en-la-industria-aeroespacial\/#breadcrumb"},"inLanguage":"es-ES","potentialAction":[{"@type":"ReadAction","target":["https:\/\/admin.industriall-union.org\/es\/despega-la-fuerza-sindical-en-la-industria-aeroespacial\/"]}]},{"@type":"BreadcrumbList","@id":"https:\/\/admin.industriall-union.org\/es\/despega-la-fuerza-sindical-en-la-industria-aeroespacial\/#breadcrumb","itemListElement":[{"@type":"ListItem","position":1,"name":"Home","item":"https:\/\/admin.industriall-union.org\/"},{"@type":"ListItem","position":2,"name":"Articles","item":"https:\/\/admin.industriall-union.org\/article\/"},{"@type":"ListItem","position":3,"name":"Despega la fuerza sindical en la industria aeroespacial"}]},{"@type":"WebSite","@id":"https:\/\/admin.industriall-union.org\/#website","url":"https:\/\/admin.industriall-union.org\/","name":"industriall-union","description":"","potentialAction":[{"@type":"SearchAction","target":{"@type":"EntryPoint","urlTemplate":"https:\/\/admin.industriall-union.org\/?s={search_term_string}"},"query-input":{"@type":"PropertyValueSpecification","valueRequired":true,"valueName":"search_term_string"}}],"inLanguage":"es-ES"}]}},"_links":{"self":[{"href":"https:\/\/admin.industriall-union.org\/es\/wp-json\/wp\/v2\/article\/169423","targetHints":{"allow":["GET"]}}],"collection":[{"href":"https:\/\/admin.industriall-union.org\/es\/wp-json\/wp\/v2\/article"}],"about":[{"href":"https:\/\/admin.industriall-union.org\/es\/wp-json\/wp\/v2\/types\/article"}],"wp:attachment":[{"href":"https:\/\/admin.industriall-union.org\/es\/wp-json\/wp\/v2\/media?parent=169423"}],"wp:term":[{"taxonomy":"issues","embeddable":true,"href":"https:\/\/admin.industriall-union.org\/es\/wp-json\/wp\/v2\/issues?post=169423"},{"taxonomy":"companies","embeddable":true,"href":"https:\/\/admin.industriall-union.org\/es\/wp-json\/wp\/v2\/companies?post=169423"},{"taxonomy":"regions","embeddable":true,"href":"https:\/\/admin.industriall-union.org\/es\/wp-json\/wp\/v2\/regions?post=169423"},{"taxonomy":"sectors","embeddable":true,"href":"https:\/\/admin.industriall-union.org\/es\/wp-json\/wp\/v2\/sectors?post=169423"},{"taxonomy":"article_tags","embeddable":true,"href":"https:\/\/admin.industriall-union.org\/es\/wp-json\/wp\/v2\/article_tags?post=169423"}],"curies":[{"name":"wp","href":"https:\/\/api.w.org\/{rel}","templated":true}]}}