{"id":169300,"date":"2015-07-20T15:19:41","date_gmt":"2015-07-20T15:19:41","guid":{"rendered":"https:\/\/admin.industriall-union.org\/semana-decisiva-para-los-trabajadores-de-glencore-en-peru\/"},"modified":"2025-02-07T11:45:36","modified_gmt":"2025-02-07T11:45:36","slug":"semana-decisiva-para-los-trabajadores-de-glencore-en-peru","status":"publish","type":"article","link":"https:\/\/admin.industriall-union.org\/es\/semana-decisiva-para-los-trabajadores-de-glencore-en-peru\/","title":{"rendered":"Semana decisiva para los trabajadores de Glencore en Per\u00fa"},"content":{"rendered":"<p>SUTRACOMASA, el sindicato \u00fanico de trabajadores de la compa\u00f1\u00eda Antamina S.A, quien forma parte de la Federaci\u00f3n Nacional Minera de Per\u00fa (FNTMMSRP), a su vez afiliada a IndustriALL Global Union, comenzar\u00e1 el 21 de julio una negociaci\u00f3n colectiva con la empresa minera (una &lsquo;joint venture&rsquo; entre Glencore, BHP, Teck y Mitsubishi).&nbsp; <strong>Los trabajadores ven en esta instancia una oportunidad para encontrar una soluci\u00f3n a su pliego de reclamos despues de haber tenido que recurrir a denuncias ante las autoridades.<\/strong><\/p><p>Por otro lado, el d\u00eda 24 de julio el sindicato SITRAMINA (tambi\u00e9n afiliado a la FNTMMSRP y a IndustriALL) quien representa a los trabajadores profesionales de la subsidiaria de Glencore, Antapaccay, <strong>se reunir\u00e1n con la empresa en extraproceso luego de ser convocada por el Ministerio del Trabajo para abordar el problema de pr\u00e1cticas antisindicales.<\/strong><\/p><p>Los trabajadores de SITRAMINA van a reunirse con Antapaccay S.A para dialogar sobre la situaci\u00f3n de <strong>los dirigentes sindicales que fueron injustamente despedidos<\/strong> en diciembre de 2013, y que si bien consiguieron ser restablecidos a sus puestos de trabajo un a\u00f1o despu\u00e9s, su permanencia sigue siendo inestable. La empresa contin\u00faa buscando su despido a trav\u00e9s de los tribunales, en medio de alegaciones de corrupci\u00f3n y nepotismo.<\/p><p><strong><a href=\"http:\/\/www.industriall-union.org\/es\/la-industriall-acusa-a-glencore-de-comportamiento-antisindical\" target=\"_self\">La red global de sindicatos de Glencore<\/a><\/strong> esta moviliz\u00e1ndose en solidaridad a los compa\u00f1eros y compa\u00f1eras de Altamina y Atapaccay.&nbsp;<\/p><p>IndustriALL Global Union brinda su completo apoyo y solidaridad a los trabajadores de SUTRACOMASA y SITRAMINA. El Secret\u00e1rio General de IndustriALL Jyrki Raina envi\u00f3 cartas a cada empresa y al CEO de Glencore Ivan Glasenberg en las que demand\u00f3 una negociaci\u00f3n en buena fe en Altamina y una soluci\u00f3n negociada para el caso de Antapaccay S.A.<\/p><blockquote><p>&ldquo;Le agradecer\u00eda si pudiera dar seguimiento a estas dos empresas de la manera m\u00e1s apropiada&nbsp; para asegurar el establecimiento de buenas relaciones laborales, el respeto al derecho a sindicalizase y la promoci\u00f3n de la negociaci\u00f3n colectiva de buena fe&rdquo; pidi\u00f3 Jyrki Raina<\/p><\/blockquote>","protected":false},"featured_media":0,"template":"","issues":[402,420,425],"companies":[60],"regions":[254,279],"sectors":[495],"article_tags":[505,511,527],"class_list":["post-169300","article","type-article","status-publish","hentry","issues-health-and-safety","issues-solidarity","issues-workers-rights","companies-glencore","regions-latin-america-and-the-caribbean","regions-peru","sectors-mining","article_tags-collective-bargaining","article_tags-industriall","article_tags-social-protection"],"acf":[],"yoast_head":"<!-- This site is optimized with the Yoast SEO Premium plugin v27.1 (Yoast SEO v27.1) - https:\/\/yoast.com\/product\/yoast-seo-premium-wordpress\/ -->\n<title>Semana decisiva para los trabajadores de Glencore en Per\u00fa - industriall-union<\/title>\n<meta name=\"description\" content=\"SUTRACOMASA, el sindicato \u00fanico de trabajadores de la compa\u00f1\u00eda Antamina S.A, quien forma parte de la Federaci\u00f3n Nacional Minera de Per\u00fa (FNTMMSRP), a su\" \/>\n<meta name=\"robots\" content=\"index, follow, max-snippet:-1, max-image-preview:large, max-video-preview:-1\" \/>\n<link rel=\"canonical\" href=\"https:\/\/admin.industriall-union.org\/es\/semana-decisiva-para-los-trabajadores-de-glencore-en-peru\/\" \/>\n<meta property=\"og:locale\" content=\"es_ES\" \/>\n<meta property=\"og:type\" content=\"article\" \/>\n<meta property=\"og:title\" content=\"Semana decisiva para los trabajadores de Glencore en Per\u00fa\" \/>\n<meta property=\"og:description\" content=\"SUTRACOMASA, el sindicato \u00fanico de trabajadores de la compa\u00f1\u00eda Antamina S.A, quien forma parte de la Federaci\u00f3n Nacional Minera de Per\u00fa (FNTMMSRP), a su\" \/>\n<meta property=\"og:url\" content=\"https:\/\/admin.industriall-union.org\/es\/semana-decisiva-para-los-trabajadores-de-glencore-en-peru\/\" \/>\n<meta property=\"og:site_name\" content=\"industriall-union\" \/>\n<meta property=\"article:modified_time\" content=\"2025-02-07T11:45:36+00:00\" \/>\n<meta name=\"twitter:card\" content=\"summary_large_image\" \/>\n<meta name=\"twitter:label1\" content=\"Est. reading time\" \/>\n\t<meta name=\"twitter:data1\" content=\"2 minutes\" \/>\n<script type=\"application\/ld+json\" class=\"yoast-schema-graph\">{\"@context\":\"https:\/\/schema.org\",\"@graph\":[{\"@type\":\"WebPage\",\"@id\":\"https:\/\/admin.industriall-union.org\/es\/semana-decisiva-para-los-trabajadores-de-glencore-en-peru\/\",\"url\":\"https:\/\/admin.industriall-union.org\/es\/semana-decisiva-para-los-trabajadores-de-glencore-en-peru\/\",\"name\":\"Semana decisiva para los trabajadores de Glencore en Per\u00fa - industriall-union\",\"isPartOf\":{\"@id\":\"https:\/\/admin.industriall-union.org\/#website\"},\"datePublished\":\"2015-07-20T15:19:41+00:00\",\"dateModified\":\"2025-02-07T11:45:36+00:00\",\"description\":\"SUTRACOMASA, el sindicato \u00fanico de trabajadores de la compa\u00f1\u00eda Antamina S.A, quien forma parte de la Federaci\u00f3n Nacional Minera de Per\u00fa (FNTMMSRP), a su\",\"breadcrumb\":{\"@id\":\"https:\/\/admin.industriall-union.org\/es\/semana-decisiva-para-los-trabajadores-de-glencore-en-peru\/#breadcrumb\"},\"inLanguage\":\"es-ES\",\"potentialAction\":[{\"@type\":\"ReadAction\",\"target\":[\"https:\/\/admin.industriall-union.org\/es\/semana-decisiva-para-los-trabajadores-de-glencore-en-peru\/\"]}]},{\"@type\":\"BreadcrumbList\",\"@id\":\"https:\/\/admin.industriall-union.org\/es\/semana-decisiva-para-los-trabajadores-de-glencore-en-peru\/#breadcrumb\",\"itemListElement\":[{\"@type\":\"ListItem\",\"position\":1,\"name\":\"Home\",\"item\":\"https:\/\/admin.industriall-union.org\/\"},{\"@type\":\"ListItem\",\"position\":2,\"name\":\"Articles\",\"item\":\"https:\/\/admin.industriall-union.org\/article\/\"},{\"@type\":\"ListItem\",\"position\":3,\"name\":\"Semana decisiva para los trabajadores de Glencore en Per\u00fa\"}]},{\"@type\":\"WebSite\",\"@id\":\"https:\/\/admin.industriall-union.org\/#website\",\"url\":\"https:\/\/admin.industriall-union.org\/\",\"name\":\"industriall-union\",\"description\":\"\",\"potentialAction\":[{\"@type\":\"SearchAction\",\"target\":{\"@type\":\"EntryPoint\",\"urlTemplate\":\"https:\/\/admin.industriall-union.org\/?s={search_term_string}\"},\"query-input\":{\"@type\":\"PropertyValueSpecification\",\"valueRequired\":true,\"valueName\":\"search_term_string\"}}],\"inLanguage\":\"es-ES\"}]}<\/script>\n<!-- \/ Yoast SEO Premium plugin. -->","yoast_head_json":{"title":"Semana decisiva para los trabajadores de Glencore en Per\u00fa - industriall-union","description":"SUTRACOMASA, el sindicato \u00fanico de trabajadores de la compa\u00f1\u00eda Antamina S.A, quien forma parte de la Federaci\u00f3n Nacional Minera de Per\u00fa (FNTMMSRP), a su","robots":{"index":"index","follow":"follow","max-snippet":"max-snippet:-1","max-image-preview":"max-image-preview:large","max-video-preview":"max-video-preview:-1"},"canonical":"https:\/\/admin.industriall-union.org\/es\/semana-decisiva-para-los-trabajadores-de-glencore-en-peru\/","og_locale":"es_ES","og_type":"article","og_title":"Semana decisiva para los trabajadores de Glencore en Per\u00fa","og_description":"SUTRACOMASA, el sindicato \u00fanico de trabajadores de la compa\u00f1\u00eda Antamina S.A, quien forma parte de la Federaci\u00f3n Nacional Minera de Per\u00fa (FNTMMSRP), a su","og_url":"https:\/\/admin.industriall-union.org\/es\/semana-decisiva-para-los-trabajadores-de-glencore-en-peru\/","og_site_name":"industriall-union","article_modified_time":"2025-02-07T11:45:36+00:00","twitter_card":"summary_large_image","twitter_misc":{"Est. reading time":"2 minutes"},"schema":{"@context":"https:\/\/schema.org","@graph":[{"@type":"WebPage","@id":"https:\/\/admin.industriall-union.org\/es\/semana-decisiva-para-los-trabajadores-de-glencore-en-peru\/","url":"https:\/\/admin.industriall-union.org\/es\/semana-decisiva-para-los-trabajadores-de-glencore-en-peru\/","name":"Semana decisiva para los trabajadores de Glencore en Per\u00fa - industriall-union","isPartOf":{"@id":"https:\/\/admin.industriall-union.org\/#website"},"datePublished":"2015-07-20T15:19:41+00:00","dateModified":"2025-02-07T11:45:36+00:00","description":"SUTRACOMASA, el sindicato \u00fanico de trabajadores de la compa\u00f1\u00eda Antamina S.A, quien forma parte de la Federaci\u00f3n Nacional Minera de Per\u00fa (FNTMMSRP), a su","breadcrumb":{"@id":"https:\/\/admin.industriall-union.org\/es\/semana-decisiva-para-los-trabajadores-de-glencore-en-peru\/#breadcrumb"},"inLanguage":"es-ES","potentialAction":[{"@type":"ReadAction","target":["https:\/\/admin.industriall-union.org\/es\/semana-decisiva-para-los-trabajadores-de-glencore-en-peru\/"]}]},{"@type":"BreadcrumbList","@id":"https:\/\/admin.industriall-union.org\/es\/semana-decisiva-para-los-trabajadores-de-glencore-en-peru\/#breadcrumb","itemListElement":[{"@type":"ListItem","position":1,"name":"Home","item":"https:\/\/admin.industriall-union.org\/"},{"@type":"ListItem","position":2,"name":"Articles","item":"https:\/\/admin.industriall-union.org\/article\/"},{"@type":"ListItem","position":3,"name":"Semana decisiva para los trabajadores de Glencore en Per\u00fa"}]},{"@type":"WebSite","@id":"https:\/\/admin.industriall-union.org\/#website","url":"https:\/\/admin.industriall-union.org\/","name":"industriall-union","description":"","potentialAction":[{"@type":"SearchAction","target":{"@type":"EntryPoint","urlTemplate":"https:\/\/admin.industriall-union.org\/?s={search_term_string}"},"query-input":{"@type":"PropertyValueSpecification","valueRequired":true,"valueName":"search_term_string"}}],"inLanguage":"es-ES"}]}},"_links":{"self":[{"href":"https:\/\/admin.industriall-union.org\/es\/wp-json\/wp\/v2\/article\/169300","targetHints":{"allow":["GET"]}}],"collection":[{"href":"https:\/\/admin.industriall-union.org\/es\/wp-json\/wp\/v2\/article"}],"about":[{"href":"https:\/\/admin.industriall-union.org\/es\/wp-json\/wp\/v2\/types\/article"}],"wp:attachment":[{"href":"https:\/\/admin.industriall-union.org\/es\/wp-json\/wp\/v2\/media?parent=169300"}],"wp:term":[{"taxonomy":"issues","embeddable":true,"href":"https:\/\/admin.industriall-union.org\/es\/wp-json\/wp\/v2\/issues?post=169300"},{"taxonomy":"companies","embeddable":true,"href":"https:\/\/admin.industriall-union.org\/es\/wp-json\/wp\/v2\/companies?post=169300"},{"taxonomy":"regions","embeddable":true,"href":"https:\/\/admin.industriall-union.org\/es\/wp-json\/wp\/v2\/regions?post=169300"},{"taxonomy":"sectors","embeddable":true,"href":"https:\/\/admin.industriall-union.org\/es\/wp-json\/wp\/v2\/sectors?post=169300"},{"taxonomy":"article_tags","embeddable":true,"href":"https:\/\/admin.industriall-union.org\/es\/wp-json\/wp\/v2\/article_tags?post=169300"}],"curies":[{"name":"wp","href":"https:\/\/api.w.org\/{rel}","templated":true}]}}