{"id":169097,"date":"2015-08-26T13:20:40","date_gmt":"2015-08-26T13:20:40","guid":{"rendered":"https:\/\/admin.industriall-union.org\/nueva-ley-laboral-debido-a-la-decidida-lucha-de-los-trabajadores-iraquies\/"},"modified":"2025-02-07T10:59:59","modified_gmt":"2025-02-07T10:59:59","slug":"nueva-ley-laboral-debido-a-la-decidida-lucha-de-los-trabajadores-iraquies","status":"publish","type":"article","link":"https:\/\/admin.industriall-union.org\/es\/nueva-ley-laboral-debido-a-la-decidida-lucha-de-los-trabajadores-iraquies\/","title":{"rendered":"Nueva ley laboral debido a la decidida lucha de los trabajadores iraqu\u00edes"},"content":{"rendered":"<p>El 17 de agosto, el Parlamente iraqu\u00ed aprob\u00f3 una nueva ley laboral que permite el derecho de huelga y la negociaci\u00f3n colectiva, proh\u00edbe el trabajo infantil, la discriminaci\u00f3n y el acoso sexual. Tambi\u00e9n incluye mejoras del permiso de maternidad y embarazo, y aborda los derechos de los trabajadores subcontratados y migrantes sin discriminaci\u00f3n.<\/p><p>La nueva ley de Iraq cubre a los trabajadores de los sectores privado, mixto y cooperativo, pero excluye a los trabajadores abarcados por la ley de servicio civil y las fuerzas armadas.<\/p><p>Los trabajadores de Iraq han sufrido graves violaciones y duras condiciones de trabajo debido a la falta de leyes laborales y sindicales justas en consonancia con las normas internacionales. En el \u00faltimo decenio, la IndustriALL Global Union ha defendido incesantemente los derechos fundamentales de los trabajadores iraqu\u00edes a un trabajo justo y moderno, as\u00ed como a leyes sindicales que correspondan a las normas y los convenios de la OIT.<\/p><p>Hassan Juma, presidente del afiliado a la IndustriALL la Federaci\u00f3n Iraqu\u00ed de Sindicatos del Petr\u00f3leo, dice:<\/p><blockquote><p>Los sindicatos han hecho valiosas contribuciones en el proceso de redacci\u00f3n. A lo largo del tiempo, los sindicatos han logrado preparar y presentar sustanciales enmiendas a los proyectos definitivos de la ley.<\/p><\/blockquote><p>Hashmeya Al-Sadawi, presidente de la Uni\u00f3n de Trabajadores de la Electricidad de Basora y miembro del Comit\u00e9 Ejecutivo de la IndustriALL, dice:<\/p><blockquote><p>La IndustriALL y la solidaridad sindical mundial han sido esenciales para la adopci\u00f3n de una ley laboral moderna en consonancia con los convenios de la OIT.<\/p><p>Sin embargo, la prohibici\u00f3n de los sindicatos en el sector p\u00fablico se mantendr\u00e1 hasta la promulgaci\u00f3n de la ley sindical. Instamos al Gobierno iraqu\u00ed a firmar y ratificar el Convenio n\u00fam. 87 de la OIT, que se encuentra ahora en el Parlamento para la ratificaci\u00f3n. Esto allanar\u00e1 el camino para la adopci\u00f3n de la ley sindical.<\/p><\/blockquote><p>La votaci\u00f3n final sobre la ley fue precedida de una sesi\u00f3n de dos d\u00edas en la que los l\u00edderes sindicales, el Ministerio de Trabajo, la Comisi\u00f3n de Trabajo del Parlamento iraqu\u00ed el Centro de Solidaridad de la AFL-CIO, la IndustriALL Global Union y dirigentes de sus afiliados iraqu\u00edes discutieron la \u00faltima versi\u00f3n y las modificaciones del proyecto.<\/p><p>Kemal \u00d6zkan, secretario general adjunto de la IndustriALL, felicita a los trabajadores iraqu\u00edes, a los sindicatos y a sus l\u00edderes por su determinaci\u00f3n e insistencia, que ha sido crucial para ganar la larga lucha.<\/p><blockquote><p>Esperamos verdaderas mejoras de la nueva ley sobre el terreno, con resultados concretos que contribuyan a mejores condiciones de trabajo y de vida de los trabajadores iraqu\u00edes. Instamos firmemente a las autoridades a que adopten medidas similares y aceleren una ley sindical que reconozca el pluralismo sindical y se aplique a todos los trabajadores iraqu\u00edes, incluido el sector p\u00fablico.<\/p><\/blockquote><p>La campa\u00f1a internacional ha recibido el apoyo de la Organizaci\u00f3n Internacional del Trabajo (OIT), la Confederaci\u00f3n Sindical Internacional (CSI) y de sindicatos mundiales hermanos, el Centro de Solidaridad de la AFL-CIO y de una serie de centrales sindicales nacionales y de organizaciones no gubernamentales nacionales e internacionales.<\/p>","protected":false},"featured_media":0,"template":"","issues":[396,422],"companies":[],"regions":[293],"sectors":[],"article_tags":[],"class_list":["post-169097","article","type-article","status-publish","hentry","issues-building-strong-unions","issues-human-trade-union-rights","regions-iraq"],"acf":[],"yoast_head":"<!-- This site is optimized with the Yoast SEO Premium plugin v27.1 (Yoast SEO v27.1) - https:\/\/yoast.com\/product\/yoast-seo-premium-wordpress\/ -->\n<title>Nueva ley laboral debido a la decidida lucha de los trabajadores iraqu\u00edes - industriall-union<\/title>\n<meta name=\"description\" content=\"El 17 de agosto, el Parlamente iraqu\u00ed aprob\u00f3 una nueva ley laboral que permite el derecho de huelga y la negociaci\u00f3n colectiva, proh\u00edbe el trabajo\" \/>\n<meta name=\"robots\" content=\"index, follow, max-snippet:-1, max-image-preview:large, max-video-preview:-1\" \/>\n<link rel=\"canonical\" href=\"https:\/\/admin.industriall-union.org\/es\/nueva-ley-laboral-debido-a-la-decidida-lucha-de-los-trabajadores-iraquies\/\" \/>\n<meta property=\"og:locale\" content=\"es_ES\" \/>\n<meta property=\"og:type\" content=\"article\" \/>\n<meta property=\"og:title\" content=\"Nueva ley laboral debido a la decidida lucha de los trabajadores iraqu\u00edes\" \/>\n<meta property=\"og:description\" content=\"El 17 de agosto, el Parlamente iraqu\u00ed aprob\u00f3 una nueva ley laboral que permite el derecho de huelga y la negociaci\u00f3n colectiva, proh\u00edbe el trabajo\" \/>\n<meta property=\"og:url\" content=\"https:\/\/admin.industriall-union.org\/es\/nueva-ley-laboral-debido-a-la-decidida-lucha-de-los-trabajadores-iraquies\/\" \/>\n<meta property=\"og:site_name\" content=\"industriall-union\" \/>\n<meta property=\"article:modified_time\" content=\"2025-02-07T10:59:59+00:00\" \/>\n<meta name=\"twitter:card\" content=\"summary_large_image\" \/>\n<meta name=\"twitter:label1\" content=\"Est. reading time\" \/>\n\t<meta name=\"twitter:data1\" content=\"3 minutes\" \/>\n<script type=\"application\/ld+json\" class=\"yoast-schema-graph\">{\"@context\":\"https:\/\/schema.org\",\"@graph\":[{\"@type\":\"WebPage\",\"@id\":\"https:\/\/admin.industriall-union.org\/es\/nueva-ley-laboral-debido-a-la-decidida-lucha-de-los-trabajadores-iraquies\/\",\"url\":\"https:\/\/admin.industriall-union.org\/es\/nueva-ley-laboral-debido-a-la-decidida-lucha-de-los-trabajadores-iraquies\/\",\"name\":\"Nueva ley laboral debido a la decidida lucha de los trabajadores iraqu\u00edes - industriall-union\",\"isPartOf\":{\"@id\":\"https:\/\/admin.industriall-union.org\/#website\"},\"datePublished\":\"2015-08-26T13:20:40+00:00\",\"dateModified\":\"2025-02-07T10:59:59+00:00\",\"description\":\"El 17 de agosto, el Parlamente iraqu\u00ed aprob\u00f3 una nueva ley laboral que permite el derecho de huelga y la negociaci\u00f3n colectiva, proh\u00edbe el trabajo\",\"breadcrumb\":{\"@id\":\"https:\/\/admin.industriall-union.org\/es\/nueva-ley-laboral-debido-a-la-decidida-lucha-de-los-trabajadores-iraquies\/#breadcrumb\"},\"inLanguage\":\"es-ES\",\"potentialAction\":[{\"@type\":\"ReadAction\",\"target\":[\"https:\/\/admin.industriall-union.org\/es\/nueva-ley-laboral-debido-a-la-decidida-lucha-de-los-trabajadores-iraquies\/\"]}]},{\"@type\":\"BreadcrumbList\",\"@id\":\"https:\/\/admin.industriall-union.org\/es\/nueva-ley-laboral-debido-a-la-decidida-lucha-de-los-trabajadores-iraquies\/#breadcrumb\",\"itemListElement\":[{\"@type\":\"ListItem\",\"position\":1,\"name\":\"Home\",\"item\":\"https:\/\/admin.industriall-union.org\/\"},{\"@type\":\"ListItem\",\"position\":2,\"name\":\"Articles\",\"item\":\"https:\/\/admin.industriall-union.org\/article\/\"},{\"@type\":\"ListItem\",\"position\":3,\"name\":\"Nueva ley laboral debido a la decidida lucha de los trabajadores iraqu\u00edes\"}]},{\"@type\":\"WebSite\",\"@id\":\"https:\/\/admin.industriall-union.org\/#website\",\"url\":\"https:\/\/admin.industriall-union.org\/\",\"name\":\"industriall-union\",\"description\":\"\",\"potentialAction\":[{\"@type\":\"SearchAction\",\"target\":{\"@type\":\"EntryPoint\",\"urlTemplate\":\"https:\/\/admin.industriall-union.org\/?s={search_term_string}\"},\"query-input\":{\"@type\":\"PropertyValueSpecification\",\"valueRequired\":true,\"valueName\":\"search_term_string\"}}],\"inLanguage\":\"es-ES\"}]}<\/script>\n<!-- \/ Yoast SEO Premium plugin. -->","yoast_head_json":{"title":"Nueva ley laboral debido a la decidida lucha de los trabajadores iraqu\u00edes - industriall-union","description":"El 17 de agosto, el Parlamente iraqu\u00ed aprob\u00f3 una nueva ley laboral que permite el derecho de huelga y la negociaci\u00f3n colectiva, proh\u00edbe el trabajo","robots":{"index":"index","follow":"follow","max-snippet":"max-snippet:-1","max-image-preview":"max-image-preview:large","max-video-preview":"max-video-preview:-1"},"canonical":"https:\/\/admin.industriall-union.org\/es\/nueva-ley-laboral-debido-a-la-decidida-lucha-de-los-trabajadores-iraquies\/","og_locale":"es_ES","og_type":"article","og_title":"Nueva ley laboral debido a la decidida lucha de los trabajadores iraqu\u00edes","og_description":"El 17 de agosto, el Parlamente iraqu\u00ed aprob\u00f3 una nueva ley laboral que permite el derecho de huelga y la negociaci\u00f3n colectiva, proh\u00edbe el trabajo","og_url":"https:\/\/admin.industriall-union.org\/es\/nueva-ley-laboral-debido-a-la-decidida-lucha-de-los-trabajadores-iraquies\/","og_site_name":"industriall-union","article_modified_time":"2025-02-07T10:59:59+00:00","twitter_card":"summary_large_image","twitter_misc":{"Est. reading time":"3 minutes"},"schema":{"@context":"https:\/\/schema.org","@graph":[{"@type":"WebPage","@id":"https:\/\/admin.industriall-union.org\/es\/nueva-ley-laboral-debido-a-la-decidida-lucha-de-los-trabajadores-iraquies\/","url":"https:\/\/admin.industriall-union.org\/es\/nueva-ley-laboral-debido-a-la-decidida-lucha-de-los-trabajadores-iraquies\/","name":"Nueva ley laboral debido a la decidida lucha de los trabajadores iraqu\u00edes - industriall-union","isPartOf":{"@id":"https:\/\/admin.industriall-union.org\/#website"},"datePublished":"2015-08-26T13:20:40+00:00","dateModified":"2025-02-07T10:59:59+00:00","description":"El 17 de agosto, el Parlamente iraqu\u00ed aprob\u00f3 una nueva ley laboral que permite el derecho de huelga y la negociaci\u00f3n colectiva, proh\u00edbe el trabajo","breadcrumb":{"@id":"https:\/\/admin.industriall-union.org\/es\/nueva-ley-laboral-debido-a-la-decidida-lucha-de-los-trabajadores-iraquies\/#breadcrumb"},"inLanguage":"es-ES","potentialAction":[{"@type":"ReadAction","target":["https:\/\/admin.industriall-union.org\/es\/nueva-ley-laboral-debido-a-la-decidida-lucha-de-los-trabajadores-iraquies\/"]}]},{"@type":"BreadcrumbList","@id":"https:\/\/admin.industriall-union.org\/es\/nueva-ley-laboral-debido-a-la-decidida-lucha-de-los-trabajadores-iraquies\/#breadcrumb","itemListElement":[{"@type":"ListItem","position":1,"name":"Home","item":"https:\/\/admin.industriall-union.org\/"},{"@type":"ListItem","position":2,"name":"Articles","item":"https:\/\/admin.industriall-union.org\/article\/"},{"@type":"ListItem","position":3,"name":"Nueva ley laboral debido a la decidida lucha de los trabajadores iraqu\u00edes"}]},{"@type":"WebSite","@id":"https:\/\/admin.industriall-union.org\/#website","url":"https:\/\/admin.industriall-union.org\/","name":"industriall-union","description":"","potentialAction":[{"@type":"SearchAction","target":{"@type":"EntryPoint","urlTemplate":"https:\/\/admin.industriall-union.org\/?s={search_term_string}"},"query-input":{"@type":"PropertyValueSpecification","valueRequired":true,"valueName":"search_term_string"}}],"inLanguage":"es-ES"}]}},"_links":{"self":[{"href":"https:\/\/admin.industriall-union.org\/es\/wp-json\/wp\/v2\/article\/169097","targetHints":{"allow":["GET"]}}],"collection":[{"href":"https:\/\/admin.industriall-union.org\/es\/wp-json\/wp\/v2\/article"}],"about":[{"href":"https:\/\/admin.industriall-union.org\/es\/wp-json\/wp\/v2\/types\/article"}],"wp:attachment":[{"href":"https:\/\/admin.industriall-union.org\/es\/wp-json\/wp\/v2\/media?parent=169097"}],"wp:term":[{"taxonomy":"issues","embeddable":true,"href":"https:\/\/admin.industriall-union.org\/es\/wp-json\/wp\/v2\/issues?post=169097"},{"taxonomy":"companies","embeddable":true,"href":"https:\/\/admin.industriall-union.org\/es\/wp-json\/wp\/v2\/companies?post=169097"},{"taxonomy":"regions","embeddable":true,"href":"https:\/\/admin.industriall-union.org\/es\/wp-json\/wp\/v2\/regions?post=169097"},{"taxonomy":"sectors","embeddable":true,"href":"https:\/\/admin.industriall-union.org\/es\/wp-json\/wp\/v2\/sectors?post=169097"},{"taxonomy":"article_tags","embeddable":true,"href":"https:\/\/admin.industriall-union.org\/es\/wp-json\/wp\/v2\/article_tags?post=169097"}],"curies":[{"name":"wp","href":"https:\/\/api.w.org\/{rel}","templated":true}]}}