{"id":169022,"date":"2015-08-31T14:54:02","date_gmt":"2015-08-31T14:54:02","guid":{"rendered":"https:\/\/admin.industriall-union.org\/la-juventud-de-industriall-en-alc-sigue-en-movimiento-y-avanza\/"},"modified":"2025-02-07T10:53:00","modified_gmt":"2025-02-07T10:53:00","slug":"la-juventud-de-industriall-en-alc-sigue-en-movimiento-y-avanza","status":"publish","type":"article","link":"https:\/\/admin.industriall-union.org\/es\/la-juventud-de-industriall-en-alc-sigue-en-movimiento-y-avanza\/","title":{"rendered":"La juventud de IndustriALL en ALC sigue en movimiento y avanza"},"content":{"rendered":"<p>Los seminarios contaron con el apoyo de IndustriAll Global Union, los sindicatos finlandeses y SASK. Se realiz\u00f3 en 3 pa\u00edses donde se busca fortalecer la participaci\u00f3n y capacidad organizativa de la juventud dentro de las estructuras sindicales, tanto a nivel nacional como regional e internacional.<\/p><p>El primer encuentro se desarroll\u00f3 el 13 y 14 de agosto en <strong>Nicaragua<\/strong> y cont\u00f3 con la participaci\u00f3n de la Federaci\u00f3n Nacional de Sindicatos Textil, Vestuario, Piel y Calzado (FESITEX). Debatieron sobre la Negociaci\u00f3n, Convenci\u00f3n y Contrataci\u00f3n Colectiva en el pa\u00eds,<strong> donde existe la posibilidad de tener m\u00e1s de un sindicato por empresa<\/strong>, y los acuerdos colectivos son por empresa. Luego realizaron una conferencia por Skype con j\u00f3venes de Uruguay y de Argentina sobre c\u00f3mo son las negociaciones, la contrataci\u00f3n colectiva nacional, la estructura sindical por sindicatos nacionales y la organizaci\u00f3n de los j\u00f3venes en los sindicatos de sus pa\u00edses.<\/p><p>Luego los d\u00edas 17 y 18 de agosto se llev\u00f3 a cabo el seminario en <strong>Uruguay<\/strong> donde la tem\u00e1tica gir\u00f3 en torno a los desaf\u00edos que deben enfrentar para coordinar y avanzar en la ejecuci\u00f3n de la Resoluci\u00f3n de los J\u00f3venes de IndustriALL &nbsp;ALC, con la implementaci\u00f3n del Proyecto Potenciaci\u00f3n Sindical en el pa\u00eds. El economista Pablo Henrique da Rocha Porcella de la Escuela Cuesta Duarte &#8211; PIT CNT, expuso sobre <strong>las negociaciones y las contrataciones colectivas nacionales que son por rama de producci\u00f3n<\/strong>, una conquista que los sindicatos lograran desde el 2005 con los gobiernos democr\u00e1ticos. &nbsp;&nbsp;&nbsp;<\/p><p>Los j\u00f3venes tambi\u00e9n intercambiaron novedades sobre sus avances en los planes de acci\u00f3n en la organizaci\u00f3n del trabajo con la juventud &nbsp;en cada afiliada y debatieron sobre qu\u00e9 pueden hacer en conjunto como las afiliadas de la industria&nbsp; en Uruguay para avanzar&nbsp; en las pol\u00edticas para&nbsp; los J\u00f3venes y Mujeres en cada gremio.<\/p><p>Luego el 20 y 21 de agosto se efectu\u00f3 el seminario en <strong>M\u00e9xico<\/strong> donde Isidro M\u00e9ndez Secretario de LOS MINEROS present\u00f3 los desaf\u00edos de la formaci\u00f3n sindical para la juventud del Siglo XXI. Luego discutieron sobre <strong>la Criminalizaci\u00f3n de las Protestas Sociales en M\u00e9xico <\/strong>con una presentaci\u00f3n del joven Jos\u00e9 Mart\u00ednez, que destac\u00f3 el poder y la dictadura tanto del estado como de los medios de comunicaci\u00f3n sobre los movimientos sociales.<\/p><p>Por \u00faltimo los j\u00f3venes de los sindicatos democr\u00e1ticos&nbsp;<strong>elaboraron y concluyeron una propuesta a ser presentada a los dirigentes y sindicatos democr\u00e1ticos de M\u00e9xico<\/strong>. La misma pretende presentar y construir un conjunto de ideas fuerzas de una potencial y posible estructura que contemple espacios de participaci\u00f3n y pol\u00edtica para la juventud dentro de los Sindicatos democr\u00e1ticos en M\u00e9xico.<\/p><p>Finalmente en todos los pa\u00edses concluyeron los encuentros efectuando un seguimiento de los Planes de acci\u00f3n y evaluaron cada actividad para poder dar seguimiento del proyecto en 2016.<\/p><blockquote><p>Marino Vani, Secretario Regional Adjunto de la Oficina para Am\u00e9rica Latina&nbsp; y el Caribe estuvo presente en cada oportunidad y asegur\u00f3 que:<\/p><p>&ldquo;Se viene avanzando mucho en la organizaci\u00f3n y en las pol\u00edticas permanentes con y para los j\u00f3venes de las afiliadas que asisten a los proyectos de IndustriALL para la Juventud. &nbsp;Hemos recibido mucho apoyo, recursos humanos y financieros de los sindicatos para poder efectuar esta estrategia, acci\u00f3n y apuesta de IndustriALL. Dicha inversi\u00f3n ha producido nuevos l\u00edderes y todos estamos aprendiendo todas las generaciones, unos de los otros. &nbsp;Los j\u00f3venes tienen muchas ganas de luchar&nbsp; y comprenden la importancia de unirse a los adultos que tienen mucha experiencia en tiempos de desaf\u00edos.<\/p><p>Este proyecto de j\u00f3venes IndustriALL SASK 2013-2015 se ejecut\u00f3 durante los \u00faltimos tres a\u00f1os, se realizaran m\u00e1s de 30 seminarios nacionales y m\u00e1s de 8 seminarios regionales. Si bien finaliza su ciclo en octubre, &nbsp;se va a evaluar para seguir el trabajo y dar continuidad al proyecto, si posible por tres a\u00f1os m\u00e1s&rdquo;&nbsp;&nbsp;<\/p><\/blockquote>","protected":false},"featured_media":0,"template":"","issues":[396,401,397,425],"companies":[],"regions":[254,275,276,286],"sectors":[],"article_tags":[505,511,536],"class_list":["post-169022","article","type-article","status-publish","hentry","issues-building-strong-unions","issues-projects","issues-women","issues-workers-rights","regions-latin-america-and-the-caribbean","regions-mexico","regions-nicaragua","regions-uruguay","article_tags-collective-bargaining","article_tags-industriall","article_tags-youth"],"acf":[],"yoast_head":"<!-- This site is optimized with the Yoast SEO Premium plugin v27.1 (Yoast SEO v27.1) - https:\/\/yoast.com\/product\/yoast-seo-premium-wordpress\/ -->\n<title>La juventud de IndustriALL en ALC sigue en movimiento y avanza - industriall-union<\/title>\n<meta name=\"description\" content=\"Los seminarios contaron con el apoyo de IndustriAll Global Union, los sindicatos finlandeses y SASK. Se realiz\u00f3 en 3 pa\u00edses donde se busca fortalecer la\" \/>\n<meta name=\"robots\" content=\"index, follow, max-snippet:-1, max-image-preview:large, max-video-preview:-1\" \/>\n<link rel=\"canonical\" href=\"https:\/\/admin.industriall-union.org\/es\/la-juventud-de-industriall-en-alc-sigue-en-movimiento-y-avanza\/\" \/>\n<meta property=\"og:locale\" content=\"es_ES\" \/>\n<meta property=\"og:type\" content=\"article\" \/>\n<meta property=\"og:title\" content=\"La juventud de IndustriALL en ALC sigue en movimiento y avanza\" \/>\n<meta property=\"og:description\" content=\"Los seminarios contaron con el apoyo de IndustriAll Global Union, los sindicatos finlandeses y SASK. Se realiz\u00f3 en 3 pa\u00edses donde se busca fortalecer la\" \/>\n<meta property=\"og:url\" content=\"https:\/\/admin.industriall-union.org\/es\/la-juventud-de-industriall-en-alc-sigue-en-movimiento-y-avanza\/\" \/>\n<meta property=\"og:site_name\" content=\"industriall-union\" \/>\n<meta property=\"article:modified_time\" content=\"2025-02-07T10:53:00+00:00\" \/>\n<meta name=\"twitter:card\" content=\"summary_large_image\" \/>\n<meta name=\"twitter:label1\" content=\"Est. reading time\" \/>\n\t<meta name=\"twitter:data1\" content=\"3 minutes\" \/>\n<script type=\"application\/ld+json\" class=\"yoast-schema-graph\">{\"@context\":\"https:\/\/schema.org\",\"@graph\":[{\"@type\":\"WebPage\",\"@id\":\"https:\/\/admin.industriall-union.org\/es\/la-juventud-de-industriall-en-alc-sigue-en-movimiento-y-avanza\/\",\"url\":\"https:\/\/admin.industriall-union.org\/es\/la-juventud-de-industriall-en-alc-sigue-en-movimiento-y-avanza\/\",\"name\":\"La juventud de IndustriALL en ALC sigue en movimiento y avanza - industriall-union\",\"isPartOf\":{\"@id\":\"https:\/\/admin.industriall-union.org\/#website\"},\"datePublished\":\"2015-08-31T14:54:02+00:00\",\"dateModified\":\"2025-02-07T10:53:00+00:00\",\"description\":\"Los seminarios contaron con el apoyo de IndustriAll Global Union, los sindicatos finlandeses y SASK. Se realiz\u00f3 en 3 pa\u00edses donde se busca fortalecer la\",\"breadcrumb\":{\"@id\":\"https:\/\/admin.industriall-union.org\/es\/la-juventud-de-industriall-en-alc-sigue-en-movimiento-y-avanza\/#breadcrumb\"},\"inLanguage\":\"es-ES\",\"potentialAction\":[{\"@type\":\"ReadAction\",\"target\":[\"https:\/\/admin.industriall-union.org\/es\/la-juventud-de-industriall-en-alc-sigue-en-movimiento-y-avanza\/\"]}]},{\"@type\":\"BreadcrumbList\",\"@id\":\"https:\/\/admin.industriall-union.org\/es\/la-juventud-de-industriall-en-alc-sigue-en-movimiento-y-avanza\/#breadcrumb\",\"itemListElement\":[{\"@type\":\"ListItem\",\"position\":1,\"name\":\"Home\",\"item\":\"https:\/\/admin.industriall-union.org\/\"},{\"@type\":\"ListItem\",\"position\":2,\"name\":\"Articles\",\"item\":\"https:\/\/admin.industriall-union.org\/article\/\"},{\"@type\":\"ListItem\",\"position\":3,\"name\":\"La juventud de IndustriALL en ALC sigue en movimiento y avanza\"}]},{\"@type\":\"WebSite\",\"@id\":\"https:\/\/admin.industriall-union.org\/#website\",\"url\":\"https:\/\/admin.industriall-union.org\/\",\"name\":\"industriall-union\",\"description\":\"\",\"potentialAction\":[{\"@type\":\"SearchAction\",\"target\":{\"@type\":\"EntryPoint\",\"urlTemplate\":\"https:\/\/admin.industriall-union.org\/?s={search_term_string}\"},\"query-input\":{\"@type\":\"PropertyValueSpecification\",\"valueRequired\":true,\"valueName\":\"search_term_string\"}}],\"inLanguage\":\"es-ES\"}]}<\/script>\n<!-- \/ Yoast SEO Premium plugin. -->","yoast_head_json":{"title":"La juventud de IndustriALL en ALC sigue en movimiento y avanza - industriall-union","description":"Los seminarios contaron con el apoyo de IndustriAll Global Union, los sindicatos finlandeses y SASK. Se realiz\u00f3 en 3 pa\u00edses donde se busca fortalecer la","robots":{"index":"index","follow":"follow","max-snippet":"max-snippet:-1","max-image-preview":"max-image-preview:large","max-video-preview":"max-video-preview:-1"},"canonical":"https:\/\/admin.industriall-union.org\/es\/la-juventud-de-industriall-en-alc-sigue-en-movimiento-y-avanza\/","og_locale":"es_ES","og_type":"article","og_title":"La juventud de IndustriALL en ALC sigue en movimiento y avanza","og_description":"Los seminarios contaron con el apoyo de IndustriAll Global Union, los sindicatos finlandeses y SASK. Se realiz\u00f3 en 3 pa\u00edses donde se busca fortalecer la","og_url":"https:\/\/admin.industriall-union.org\/es\/la-juventud-de-industriall-en-alc-sigue-en-movimiento-y-avanza\/","og_site_name":"industriall-union","article_modified_time":"2025-02-07T10:53:00+00:00","twitter_card":"summary_large_image","twitter_misc":{"Est. reading time":"3 minutes"},"schema":{"@context":"https:\/\/schema.org","@graph":[{"@type":"WebPage","@id":"https:\/\/admin.industriall-union.org\/es\/la-juventud-de-industriall-en-alc-sigue-en-movimiento-y-avanza\/","url":"https:\/\/admin.industriall-union.org\/es\/la-juventud-de-industriall-en-alc-sigue-en-movimiento-y-avanza\/","name":"La juventud de IndustriALL en ALC sigue en movimiento y avanza - industriall-union","isPartOf":{"@id":"https:\/\/admin.industriall-union.org\/#website"},"datePublished":"2015-08-31T14:54:02+00:00","dateModified":"2025-02-07T10:53:00+00:00","description":"Los seminarios contaron con el apoyo de IndustriAll Global Union, los sindicatos finlandeses y SASK. Se realiz\u00f3 en 3 pa\u00edses donde se busca fortalecer la","breadcrumb":{"@id":"https:\/\/admin.industriall-union.org\/es\/la-juventud-de-industriall-en-alc-sigue-en-movimiento-y-avanza\/#breadcrumb"},"inLanguage":"es-ES","potentialAction":[{"@type":"ReadAction","target":["https:\/\/admin.industriall-union.org\/es\/la-juventud-de-industriall-en-alc-sigue-en-movimiento-y-avanza\/"]}]},{"@type":"BreadcrumbList","@id":"https:\/\/admin.industriall-union.org\/es\/la-juventud-de-industriall-en-alc-sigue-en-movimiento-y-avanza\/#breadcrumb","itemListElement":[{"@type":"ListItem","position":1,"name":"Home","item":"https:\/\/admin.industriall-union.org\/"},{"@type":"ListItem","position":2,"name":"Articles","item":"https:\/\/admin.industriall-union.org\/article\/"},{"@type":"ListItem","position":3,"name":"La juventud de IndustriALL en ALC sigue en movimiento y avanza"}]},{"@type":"WebSite","@id":"https:\/\/admin.industriall-union.org\/#website","url":"https:\/\/admin.industriall-union.org\/","name":"industriall-union","description":"","potentialAction":[{"@type":"SearchAction","target":{"@type":"EntryPoint","urlTemplate":"https:\/\/admin.industriall-union.org\/?s={search_term_string}"},"query-input":{"@type":"PropertyValueSpecification","valueRequired":true,"valueName":"search_term_string"}}],"inLanguage":"es-ES"}]}},"_links":{"self":[{"href":"https:\/\/admin.industriall-union.org\/es\/wp-json\/wp\/v2\/article\/169022","targetHints":{"allow":["GET"]}}],"collection":[{"href":"https:\/\/admin.industriall-union.org\/es\/wp-json\/wp\/v2\/article"}],"about":[{"href":"https:\/\/admin.industriall-union.org\/es\/wp-json\/wp\/v2\/types\/article"}],"wp:attachment":[{"href":"https:\/\/admin.industriall-union.org\/es\/wp-json\/wp\/v2\/media?parent=169022"}],"wp:term":[{"taxonomy":"issues","embeddable":true,"href":"https:\/\/admin.industriall-union.org\/es\/wp-json\/wp\/v2\/issues?post=169022"},{"taxonomy":"companies","embeddable":true,"href":"https:\/\/admin.industriall-union.org\/es\/wp-json\/wp\/v2\/companies?post=169022"},{"taxonomy":"regions","embeddable":true,"href":"https:\/\/admin.industriall-union.org\/es\/wp-json\/wp\/v2\/regions?post=169022"},{"taxonomy":"sectors","embeddable":true,"href":"https:\/\/admin.industriall-union.org\/es\/wp-json\/wp\/v2\/sectors?post=169022"},{"taxonomy":"article_tags","embeddable":true,"href":"https:\/\/admin.industriall-union.org\/es\/wp-json\/wp\/v2\/article_tags?post=169022"}],"curies":[{"name":"wp","href":"https:\/\/api.w.org\/{rel}","templated":true}]}}