{"id":169015,"date":"2015-09-02T02:23:01","date_gmt":"2015-09-02T02:23:01","guid":{"rendered":"https:\/\/admin.industriall-union.org\/la-lucha-conquista-reincorporan-a-trabajadores-despedidos-de-volkswagen-y-mercedes-benz\/"},"modified":"2025-02-07T10:47:19","modified_gmt":"2025-02-07T10:47:19","slug":"la-lucha-conquista-reincorporan-a-trabajadores-despedidos-de-volkswagen-y-mercedes-benz","status":"publish","type":"article","link":"https:\/\/admin.industriall-union.org\/es\/la-lucha-conquista-reincorporan-a-trabajadores-despedidos-de-volkswagen-y-mercedes-benz\/","title":{"rendered":"La lucha conquista: reincorporan a trabajadores despedidos de Volkswagen y Mercedes Benz"},"content":{"rendered":"<p>Los trabajadores de dos importantes automotrices en Brasil decidieron entrar en huelga por el anuncio de <strong>50 despidos en <u><a href=\"http:\/\/\u2022\thttp:\/\/www.industriall-union.org\/es\/trabajadores-de-volkswagen-brasil-en-huelga-indefinida-ante-el-anuncio-de-100-despidos\" target=\"_self\">Volkswagen<\/a><\/u><\/strong> en Taubat\u00e9 y <strong>1500 en <u><a href=\"http:\/\/\u2022\thttp:\/\/www.industriall-union.org\/es\/la-industria-quimica-y-otras-ramas-se-solidarizan-con-los-trabajadores-de-mercedes-benz\" target=\"_self\">Mercedes-Benz<\/a><\/u><\/strong> en Sao Bernardo do Campo. Luego de la lucha interrumpida de sus compa\u00f1eros, <strong>las empresas decidieron cancelar los despidos<\/strong> anunciados y reintegraron a quienes ya hab\u00edan sido apartados de sus puestos.<\/p><p>La huelga en Volkswagen comenz\u00f3 el 17 de agosto y durante los d\u00edas de movilizaci\u00f3n <strong>los trabajadores recibieron el apoyo y solidaridad <\/strong>de los sindicatos de la rama metal\u00fargica de Brasil y del mundo. Finalmente la firma accedi\u00f3 el d\u00eda 28 a abrir un Programa de Retiro Voluntario e hizo una adici\u00f3n al contrato colectivo de trabajo en la secci\u00f3n de cl\u00e1usulas econ\u00f3micas. Adem\u00e1s acord\u00f3 que la empresa y el sindicato de la CNM-CUT, a su vez afiliado a IndustriALL Global Union, <strong>negociar\u00e1n alternativas de despido si llegara a ser necesario.<\/strong><\/p><p>Por su parte la huelga de los trabajadores de Mercedes Benz comenz\u00f3 el 24 de agosto y tambi\u00e9n cont\u00f3 con el apoyo de decenas de sindicatos de Brasil y del extranjero, y <strong>del Comit\u00e9 Mundial de Trabajadores de Daimler<\/strong>. La empresa decidi\u00f3 cancelar el lunes 31 los 1.500 despidos anunciados y los trabajadores aceptaron adherirse al Plan de Protecci\u00f3n de Empleo (PPE), el cual les asegura la estabilidad de sus empleos durante un a\u00f1o. A su vez la compa\u00f1\u00eda aprob\u00f3 la propuesta de ajuste de las cl\u00e1usulas econ\u00f3micas que hab\u00edan sido negociadas entre la empresa y el sindicato, el cual tambi\u00e9n es afiliado a CNM\/CUT y a IndustriALL<\/p><blockquote><p>Seg\u00fan el Secretario General Adjunto de IndustriALL, Fernando Lopes:<\/p><p>&ldquo;Estas luchas y victorias comprueban que para enfrentar a las multinacionales necesitamos por un lado una fuerte organizaci\u00f3n en los lugares de trabajo, y por otro a las redes de solidaridad tanto nacionales como internacionales. Ellas fuerzan a las empresas a negociar, respetando los derechos de los trabajadores&rdquo;<\/p><\/blockquote>","protected":false},"featured_media":0,"template":"","issues":[420,425],"companies":[93,145],"regions":[261,254],"sectors":[482],"article_tags":[505,511,513,529,533],"class_list":["post-169015","article","type-article","status-publish","hentry","issues-solidarity","issues-workers-rights","companies-mercedes-benz","companies-volkswagen","regions-brazil","regions-latin-america-and-the-caribbean","sectors-automotive","article_tags-collective-bargaining","article_tags-industriall","article_tags-labour-laws","article_tags-strike","article_tags-unemployment"],"acf":[],"yoast_head":"<!-- This site is optimized with the Yoast SEO Premium plugin v27.1 (Yoast SEO v27.1) - https:\/\/yoast.com\/product\/yoast-seo-premium-wordpress\/ -->\n<title>La lucha conquista: reincorporan a trabajadores despedidos de Volkswagen y Mercedes Benz - industriall-union<\/title>\n<meta name=\"description\" content=\"Los trabajadores de dos importantes automotrices en Brasil decidieron entrar en huelga por el anuncio de 50 despidos en Volkswagen en Taubat\u00e9 y 1500 en\" \/>\n<meta name=\"robots\" content=\"index, follow, max-snippet:-1, max-image-preview:large, max-video-preview:-1\" \/>\n<link rel=\"canonical\" href=\"https:\/\/admin.industriall-union.org\/es\/la-lucha-conquista-reincorporan-a-trabajadores-despedidos-de-volkswagen-y-mercedes-benz\/\" \/>\n<meta property=\"og:locale\" content=\"es_ES\" \/>\n<meta property=\"og:type\" content=\"article\" \/>\n<meta property=\"og:title\" content=\"La lucha conquista: reincorporan a trabajadores despedidos de Volkswagen y Mercedes Benz\" \/>\n<meta property=\"og:description\" content=\"Los trabajadores de dos importantes automotrices en Brasil decidieron entrar en huelga por el anuncio de 50 despidos en Volkswagen en Taubat\u00e9 y 1500 en\" \/>\n<meta property=\"og:url\" content=\"https:\/\/admin.industriall-union.org\/es\/la-lucha-conquista-reincorporan-a-trabajadores-despedidos-de-volkswagen-y-mercedes-benz\/\" \/>\n<meta property=\"og:site_name\" content=\"industriall-union\" \/>\n<meta property=\"article:modified_time\" content=\"2025-02-07T10:47:19+00:00\" \/>\n<meta name=\"twitter:card\" content=\"summary_large_image\" \/>\n<meta name=\"twitter:label1\" content=\"Est. reading time\" \/>\n\t<meta name=\"twitter:data1\" content=\"2 minutes\" \/>\n<script type=\"application\/ld+json\" class=\"yoast-schema-graph\">{\"@context\":\"https:\/\/schema.org\",\"@graph\":[{\"@type\":\"WebPage\",\"@id\":\"https:\/\/admin.industriall-union.org\/es\/la-lucha-conquista-reincorporan-a-trabajadores-despedidos-de-volkswagen-y-mercedes-benz\/\",\"url\":\"https:\/\/admin.industriall-union.org\/es\/la-lucha-conquista-reincorporan-a-trabajadores-despedidos-de-volkswagen-y-mercedes-benz\/\",\"name\":\"La lucha conquista: reincorporan a trabajadores despedidos de Volkswagen y Mercedes Benz - industriall-union\",\"isPartOf\":{\"@id\":\"https:\/\/admin.industriall-union.org\/#website\"},\"datePublished\":\"2015-09-02T02:23:01+00:00\",\"dateModified\":\"2025-02-07T10:47:19+00:00\",\"description\":\"Los trabajadores de dos importantes automotrices en Brasil decidieron entrar en huelga por el anuncio de 50 despidos en Volkswagen en Taubat\u00e9 y 1500 en\",\"breadcrumb\":{\"@id\":\"https:\/\/admin.industriall-union.org\/es\/la-lucha-conquista-reincorporan-a-trabajadores-despedidos-de-volkswagen-y-mercedes-benz\/#breadcrumb\"},\"inLanguage\":\"es-ES\",\"potentialAction\":[{\"@type\":\"ReadAction\",\"target\":[\"https:\/\/admin.industriall-union.org\/es\/la-lucha-conquista-reincorporan-a-trabajadores-despedidos-de-volkswagen-y-mercedes-benz\/\"]}]},{\"@type\":\"BreadcrumbList\",\"@id\":\"https:\/\/admin.industriall-union.org\/es\/la-lucha-conquista-reincorporan-a-trabajadores-despedidos-de-volkswagen-y-mercedes-benz\/#breadcrumb\",\"itemListElement\":[{\"@type\":\"ListItem\",\"position\":1,\"name\":\"Home\",\"item\":\"https:\/\/admin.industriall-union.org\/\"},{\"@type\":\"ListItem\",\"position\":2,\"name\":\"Articles\",\"item\":\"https:\/\/admin.industriall-union.org\/article\/\"},{\"@type\":\"ListItem\",\"position\":3,\"name\":\"La lucha conquista: reincorporan a trabajadores despedidos de Volkswagen y Mercedes Benz\"}]},{\"@type\":\"WebSite\",\"@id\":\"https:\/\/admin.industriall-union.org\/#website\",\"url\":\"https:\/\/admin.industriall-union.org\/\",\"name\":\"industriall-union\",\"description\":\"\",\"potentialAction\":[{\"@type\":\"SearchAction\",\"target\":{\"@type\":\"EntryPoint\",\"urlTemplate\":\"https:\/\/admin.industriall-union.org\/?s={search_term_string}\"},\"query-input\":{\"@type\":\"PropertyValueSpecification\",\"valueRequired\":true,\"valueName\":\"search_term_string\"}}],\"inLanguage\":\"es-ES\"}]}<\/script>\n<!-- \/ Yoast SEO Premium plugin. -->","yoast_head_json":{"title":"La lucha conquista: reincorporan a trabajadores despedidos de Volkswagen y Mercedes Benz - industriall-union","description":"Los trabajadores de dos importantes automotrices en Brasil decidieron entrar en huelga por el anuncio de 50 despidos en Volkswagen en Taubat\u00e9 y 1500 en","robots":{"index":"index","follow":"follow","max-snippet":"max-snippet:-1","max-image-preview":"max-image-preview:large","max-video-preview":"max-video-preview:-1"},"canonical":"https:\/\/admin.industriall-union.org\/es\/la-lucha-conquista-reincorporan-a-trabajadores-despedidos-de-volkswagen-y-mercedes-benz\/","og_locale":"es_ES","og_type":"article","og_title":"La lucha conquista: reincorporan a trabajadores despedidos de Volkswagen y Mercedes Benz","og_description":"Los trabajadores de dos importantes automotrices en Brasil decidieron entrar en huelga por el anuncio de 50 despidos en Volkswagen en Taubat\u00e9 y 1500 en","og_url":"https:\/\/admin.industriall-union.org\/es\/la-lucha-conquista-reincorporan-a-trabajadores-despedidos-de-volkswagen-y-mercedes-benz\/","og_site_name":"industriall-union","article_modified_time":"2025-02-07T10:47:19+00:00","twitter_card":"summary_large_image","twitter_misc":{"Est. reading time":"2 minutes"},"schema":{"@context":"https:\/\/schema.org","@graph":[{"@type":"WebPage","@id":"https:\/\/admin.industriall-union.org\/es\/la-lucha-conquista-reincorporan-a-trabajadores-despedidos-de-volkswagen-y-mercedes-benz\/","url":"https:\/\/admin.industriall-union.org\/es\/la-lucha-conquista-reincorporan-a-trabajadores-despedidos-de-volkswagen-y-mercedes-benz\/","name":"La lucha conquista: reincorporan a trabajadores despedidos de Volkswagen y Mercedes Benz - industriall-union","isPartOf":{"@id":"https:\/\/admin.industriall-union.org\/#website"},"datePublished":"2015-09-02T02:23:01+00:00","dateModified":"2025-02-07T10:47:19+00:00","description":"Los trabajadores de dos importantes automotrices en Brasil decidieron entrar en huelga por el anuncio de 50 despidos en Volkswagen en Taubat\u00e9 y 1500 en","breadcrumb":{"@id":"https:\/\/admin.industriall-union.org\/es\/la-lucha-conquista-reincorporan-a-trabajadores-despedidos-de-volkswagen-y-mercedes-benz\/#breadcrumb"},"inLanguage":"es-ES","potentialAction":[{"@type":"ReadAction","target":["https:\/\/admin.industriall-union.org\/es\/la-lucha-conquista-reincorporan-a-trabajadores-despedidos-de-volkswagen-y-mercedes-benz\/"]}]},{"@type":"BreadcrumbList","@id":"https:\/\/admin.industriall-union.org\/es\/la-lucha-conquista-reincorporan-a-trabajadores-despedidos-de-volkswagen-y-mercedes-benz\/#breadcrumb","itemListElement":[{"@type":"ListItem","position":1,"name":"Home","item":"https:\/\/admin.industriall-union.org\/"},{"@type":"ListItem","position":2,"name":"Articles","item":"https:\/\/admin.industriall-union.org\/article\/"},{"@type":"ListItem","position":3,"name":"La lucha conquista: reincorporan a trabajadores despedidos de Volkswagen y Mercedes Benz"}]},{"@type":"WebSite","@id":"https:\/\/admin.industriall-union.org\/#website","url":"https:\/\/admin.industriall-union.org\/","name":"industriall-union","description":"","potentialAction":[{"@type":"SearchAction","target":{"@type":"EntryPoint","urlTemplate":"https:\/\/admin.industriall-union.org\/?s={search_term_string}"},"query-input":{"@type":"PropertyValueSpecification","valueRequired":true,"valueName":"search_term_string"}}],"inLanguage":"es-ES"}]}},"_links":{"self":[{"href":"https:\/\/admin.industriall-union.org\/es\/wp-json\/wp\/v2\/article\/169015","targetHints":{"allow":["GET"]}}],"collection":[{"href":"https:\/\/admin.industriall-union.org\/es\/wp-json\/wp\/v2\/article"}],"about":[{"href":"https:\/\/admin.industriall-union.org\/es\/wp-json\/wp\/v2\/types\/article"}],"wp:attachment":[{"href":"https:\/\/admin.industriall-union.org\/es\/wp-json\/wp\/v2\/media?parent=169015"}],"wp:term":[{"taxonomy":"issues","embeddable":true,"href":"https:\/\/admin.industriall-union.org\/es\/wp-json\/wp\/v2\/issues?post=169015"},{"taxonomy":"companies","embeddable":true,"href":"https:\/\/admin.industriall-union.org\/es\/wp-json\/wp\/v2\/companies?post=169015"},{"taxonomy":"regions","embeddable":true,"href":"https:\/\/admin.industriall-union.org\/es\/wp-json\/wp\/v2\/regions?post=169015"},{"taxonomy":"sectors","embeddable":true,"href":"https:\/\/admin.industriall-union.org\/es\/wp-json\/wp\/v2\/sectors?post=169015"},{"taxonomy":"article_tags","embeddable":true,"href":"https:\/\/admin.industriall-union.org\/es\/wp-json\/wp\/v2\/article_tags?post=169015"}],"curies":[{"name":"wp","href":"https:\/\/api.w.org\/{rel}","templated":true}]}}