{"id":168771,"date":"2015-09-18T07:49:13","date_gmt":"2015-09-18T07:49:13","guid":{"rendered":"https:\/\/admin.industriall-union.org\/senegal-se-movilizan-los-afiliados-para-el-7-de-octubre\/"},"modified":"2025-02-07T10:13:07","modified_gmt":"2025-02-07T10:13:07","slug":"senegal-se-movilizan-los-afiliados-para-el-7-de-octubre","status":"publish","type":"article","link":"https:\/\/admin.industriall-union.org\/es\/senegal-se-movilizan-los-afiliados-para-el-7-de-octubre\/","title":{"rendered":"Senegal: se movilizan los afiliados para el 7 de octubre"},"content":{"rendered":"<p>El 12 de septiembre, el SYNTICS (Syndicat National des Travailleurs des Industries Chimiques et Activit\u00e9s Rattach\u00e9es du S\u00e9n\u00e9gal), SNTIC (Syndicat National des Travailleurs des Industries de la Confection) y SUTIDS (Syndicat Unique des Travailleurs des Industries Diverses du S\u00e9n\u00e9gal) participaron en una manifestaci\u00f3n en Dakar para denunciar la violaci\u00f3n de la legislaci\u00f3n que regula la pr\u00e1ctica de contratos de trabajo por d\u00eda y por temporada.<\/p><p>Los sindicatos lanzaron la campa\u00f1a, organizando asambleas generales en los lugares de trabajo para movilizar a los trabajadores y concientizar sobre el trabajo precario. Tambi\u00e9n extendieron su campa\u00f1a a la televisi\u00f3n, donde los dirigentes sindicales fueron entrevistados, y se transmiti\u00f3 un reportaje sobre el trabajo por d\u00eda y por temporada.<\/p><p>Para el 7 de octubre, el d\u00eda de acci\u00f3n mundial de la campa\u00f1a STOP al trabajo precario, los afiliados de IndustriALL est\u00e1n organizando una conferencia de prensa para denunciar el trabajo precario, junto con una manifestaci\u00f3n que llevar\u00e1n a cabo con otros sindicatos.<\/p><p>El objetivo de la campa\u00f1a es limitar la pr\u00e1ctica del trabajo por d\u00eda y por temporada, de tal manera que se aplique solamente en las condiciones restringidas que permite la legislaci\u00f3n: sustituci\u00f3n de un empleado que est\u00e1 de baja por enfermedad y aumento de la producci\u00f3n.<\/p><p>Sin embargo, seg\u00fan algunos informes, actualmente en la industria manufacturera aproximadamente un 50% de la fuerza de trabajo se contrata como si fuera por d\u00eda o por temporada, pero en forma permanente.<\/p><p>Para realizar el trabajo de producci\u00f3n, estos trabajadores son empleados con contratos precarios. Est\u00e1n excluidos de las disposiciones de seguridad social y protecci\u00f3n de salud y seguridad, y perciben salarios inferiores y peores condiciones de trabajo que aquellos que corresponden a los trabajadores permanentes.<\/p><p>Los afiliados en Senegal cuentan con un largo historial de lucha contra el trabajo precario. Todos los a\u00f1os, los sindicatos logran transformar trabajadores precarios en trabajadores permanentes. Desde comienzos de 2014, los afiliados informan que han mejorado la situaci\u00f3n laboral de m\u00e1s de 450 trabajadores precarios, transform\u00e1ndolos en empleados directos.<\/p><p><strong>El a\u00f1o pasado, los afiliados de m\u00e1s de 56 pa\u00edses realizaron manifestaciones el 7 de octubre.<\/strong><\/p>","protected":false},"featured_media":0,"template":"","issues":[415],"companies":[],"regions":[346],"sectors":[],"article_tags":[],"class_list":["post-168771","article","type-article","status-publish","hentry","issues-stop-precarious-work","regions-senegal"],"acf":[],"yoast_head":"<!-- This site is optimized with the Yoast SEO Premium plugin v27.1 (Yoast SEO v27.1) - https:\/\/yoast.com\/product\/yoast-seo-premium-wordpress\/ -->\n<title>Senegal: se movilizan los afiliados para el 7 de octubre - industriall-union<\/title>\n<meta name=\"description\" content=\"El 12 de septiembre, el SYNTICS (Syndicat National des Travailleurs des Industries Chimiques et Activit\u00e9s Rattach\u00e9es du S\u00e9n\u00e9gal), SNTIC (Syndicat National\" \/>\n<meta name=\"robots\" content=\"index, follow, max-snippet:-1, max-image-preview:large, max-video-preview:-1\" \/>\n<link rel=\"canonical\" href=\"https:\/\/admin.industriall-union.org\/es\/senegal-se-movilizan-los-afiliados-para-el-7-de-octubre\/\" \/>\n<meta property=\"og:locale\" content=\"es_ES\" \/>\n<meta property=\"og:type\" content=\"article\" \/>\n<meta property=\"og:title\" content=\"Senegal: se movilizan los afiliados para el 7 de octubre\" \/>\n<meta property=\"og:description\" content=\"El 12 de septiembre, el SYNTICS (Syndicat National des Travailleurs des Industries Chimiques et Activit\u00e9s Rattach\u00e9es du S\u00e9n\u00e9gal), SNTIC (Syndicat National\" \/>\n<meta property=\"og:url\" content=\"https:\/\/admin.industriall-union.org\/es\/senegal-se-movilizan-los-afiliados-para-el-7-de-octubre\/\" \/>\n<meta property=\"og:site_name\" content=\"industriall-union\" \/>\n<meta property=\"article:modified_time\" content=\"2025-02-07T10:13:07+00:00\" \/>\n<meta name=\"twitter:card\" content=\"summary_large_image\" \/>\n<meta name=\"twitter:label1\" content=\"Est. reading time\" \/>\n\t<meta name=\"twitter:data1\" content=\"2 minutes\" \/>\n<script type=\"application\/ld+json\" class=\"yoast-schema-graph\">{\"@context\":\"https:\/\/schema.org\",\"@graph\":[{\"@type\":\"WebPage\",\"@id\":\"https:\/\/admin.industriall-union.org\/es\/senegal-se-movilizan-los-afiliados-para-el-7-de-octubre\/\",\"url\":\"https:\/\/admin.industriall-union.org\/es\/senegal-se-movilizan-los-afiliados-para-el-7-de-octubre\/\",\"name\":\"Senegal: se movilizan los afiliados para el 7 de octubre - industriall-union\",\"isPartOf\":{\"@id\":\"https:\/\/admin.industriall-union.org\/#website\"},\"datePublished\":\"2015-09-18T07:49:13+00:00\",\"dateModified\":\"2025-02-07T10:13:07+00:00\",\"description\":\"El 12 de septiembre, el SYNTICS (Syndicat National des Travailleurs des Industries Chimiques et Activit\u00e9s Rattach\u00e9es du S\u00e9n\u00e9gal), SNTIC (Syndicat National\",\"breadcrumb\":{\"@id\":\"https:\/\/admin.industriall-union.org\/es\/senegal-se-movilizan-los-afiliados-para-el-7-de-octubre\/#breadcrumb\"},\"inLanguage\":\"es-ES\",\"potentialAction\":[{\"@type\":\"ReadAction\",\"target\":[\"https:\/\/admin.industriall-union.org\/es\/senegal-se-movilizan-los-afiliados-para-el-7-de-octubre\/\"]}]},{\"@type\":\"BreadcrumbList\",\"@id\":\"https:\/\/admin.industriall-union.org\/es\/senegal-se-movilizan-los-afiliados-para-el-7-de-octubre\/#breadcrumb\",\"itemListElement\":[{\"@type\":\"ListItem\",\"position\":1,\"name\":\"Home\",\"item\":\"https:\/\/admin.industriall-union.org\/\"},{\"@type\":\"ListItem\",\"position\":2,\"name\":\"Articles\",\"item\":\"https:\/\/admin.industriall-union.org\/article\/\"},{\"@type\":\"ListItem\",\"position\":3,\"name\":\"Senegal: se movilizan los afiliados para el 7 de octubre\"}]},{\"@type\":\"WebSite\",\"@id\":\"https:\/\/admin.industriall-union.org\/#website\",\"url\":\"https:\/\/admin.industriall-union.org\/\",\"name\":\"industriall-union\",\"description\":\"\",\"potentialAction\":[{\"@type\":\"SearchAction\",\"target\":{\"@type\":\"EntryPoint\",\"urlTemplate\":\"https:\/\/admin.industriall-union.org\/?s={search_term_string}\"},\"query-input\":{\"@type\":\"PropertyValueSpecification\",\"valueRequired\":true,\"valueName\":\"search_term_string\"}}],\"inLanguage\":\"es-ES\"}]}<\/script>\n<!-- \/ Yoast SEO Premium plugin. -->","yoast_head_json":{"title":"Senegal: se movilizan los afiliados para el 7 de octubre - industriall-union","description":"El 12 de septiembre, el SYNTICS (Syndicat National des Travailleurs des Industries Chimiques et Activit\u00e9s Rattach\u00e9es du S\u00e9n\u00e9gal), SNTIC (Syndicat National","robots":{"index":"index","follow":"follow","max-snippet":"max-snippet:-1","max-image-preview":"max-image-preview:large","max-video-preview":"max-video-preview:-1"},"canonical":"https:\/\/admin.industriall-union.org\/es\/senegal-se-movilizan-los-afiliados-para-el-7-de-octubre\/","og_locale":"es_ES","og_type":"article","og_title":"Senegal: se movilizan los afiliados para el 7 de octubre","og_description":"El 12 de septiembre, el SYNTICS (Syndicat National des Travailleurs des Industries Chimiques et Activit\u00e9s Rattach\u00e9es du S\u00e9n\u00e9gal), SNTIC (Syndicat National","og_url":"https:\/\/admin.industriall-union.org\/es\/senegal-se-movilizan-los-afiliados-para-el-7-de-octubre\/","og_site_name":"industriall-union","article_modified_time":"2025-02-07T10:13:07+00:00","twitter_card":"summary_large_image","twitter_misc":{"Est. reading time":"2 minutes"},"schema":{"@context":"https:\/\/schema.org","@graph":[{"@type":"WebPage","@id":"https:\/\/admin.industriall-union.org\/es\/senegal-se-movilizan-los-afiliados-para-el-7-de-octubre\/","url":"https:\/\/admin.industriall-union.org\/es\/senegal-se-movilizan-los-afiliados-para-el-7-de-octubre\/","name":"Senegal: se movilizan los afiliados para el 7 de octubre - industriall-union","isPartOf":{"@id":"https:\/\/admin.industriall-union.org\/#website"},"datePublished":"2015-09-18T07:49:13+00:00","dateModified":"2025-02-07T10:13:07+00:00","description":"El 12 de septiembre, el SYNTICS (Syndicat National des Travailleurs des Industries Chimiques et Activit\u00e9s Rattach\u00e9es du S\u00e9n\u00e9gal), SNTIC (Syndicat National","breadcrumb":{"@id":"https:\/\/admin.industriall-union.org\/es\/senegal-se-movilizan-los-afiliados-para-el-7-de-octubre\/#breadcrumb"},"inLanguage":"es-ES","potentialAction":[{"@type":"ReadAction","target":["https:\/\/admin.industriall-union.org\/es\/senegal-se-movilizan-los-afiliados-para-el-7-de-octubre\/"]}]},{"@type":"BreadcrumbList","@id":"https:\/\/admin.industriall-union.org\/es\/senegal-se-movilizan-los-afiliados-para-el-7-de-octubre\/#breadcrumb","itemListElement":[{"@type":"ListItem","position":1,"name":"Home","item":"https:\/\/admin.industriall-union.org\/"},{"@type":"ListItem","position":2,"name":"Articles","item":"https:\/\/admin.industriall-union.org\/article\/"},{"@type":"ListItem","position":3,"name":"Senegal: se movilizan los afiliados para el 7 de octubre"}]},{"@type":"WebSite","@id":"https:\/\/admin.industriall-union.org\/#website","url":"https:\/\/admin.industriall-union.org\/","name":"industriall-union","description":"","potentialAction":[{"@type":"SearchAction","target":{"@type":"EntryPoint","urlTemplate":"https:\/\/admin.industriall-union.org\/?s={search_term_string}"},"query-input":{"@type":"PropertyValueSpecification","valueRequired":true,"valueName":"search_term_string"}}],"inLanguage":"es-ES"}]}},"_links":{"self":[{"href":"https:\/\/admin.industriall-union.org\/es\/wp-json\/wp\/v2\/article\/168771","targetHints":{"allow":["GET"]}}],"collection":[{"href":"https:\/\/admin.industriall-union.org\/es\/wp-json\/wp\/v2\/article"}],"about":[{"href":"https:\/\/admin.industriall-union.org\/es\/wp-json\/wp\/v2\/types\/article"}],"wp:attachment":[{"href":"https:\/\/admin.industriall-union.org\/es\/wp-json\/wp\/v2\/media?parent=168771"}],"wp:term":[{"taxonomy":"issues","embeddable":true,"href":"https:\/\/admin.industriall-union.org\/es\/wp-json\/wp\/v2\/issues?post=168771"},{"taxonomy":"companies","embeddable":true,"href":"https:\/\/admin.industriall-union.org\/es\/wp-json\/wp\/v2\/companies?post=168771"},{"taxonomy":"regions","embeddable":true,"href":"https:\/\/admin.industriall-union.org\/es\/wp-json\/wp\/v2\/regions?post=168771"},{"taxonomy":"sectors","embeddable":true,"href":"https:\/\/admin.industriall-union.org\/es\/wp-json\/wp\/v2\/sectors?post=168771"},{"taxonomy":"article_tags","embeddable":true,"href":"https:\/\/admin.industriall-union.org\/es\/wp-json\/wp\/v2\/article_tags?post=168771"}],"curies":[{"name":"wp","href":"https:\/\/api.w.org\/{rel}","templated":true}]}}