{"id":168766,"date":"2015-09-18T19:12:24","date_gmt":"2015-09-18T19:12:24","guid":{"rendered":"https:\/\/admin.industriall-union.org\/trabajadores-de-ford-brasil-consiguen-revertir-200-despidos-con-su-lucha\/"},"modified":"2025-02-07T10:12:49","modified_gmt":"2025-02-07T10:12:49","slug":"trabajadores-de-ford-brasil-consiguen-revertir-200-despidos-con-su-lucha","status":"publish","type":"article","link":"https:\/\/admin.industriall-union.org\/es\/trabajadores-de-ford-brasil-consiguen-revertir-200-despidos-con-su-lucha\/","title":{"rendered":"Trabajadores de Ford Brasil consiguen revertir 200 despidos con su lucha"},"content":{"rendered":"<p>El fabricante de autom\u00f3viles <strong>despidi\u00f3 a 200 empleados<\/strong> de su planta en Sao Bernardo do Campo (SP), raz\u00f3n por la cual los trabajadores decidieron comenzar el 9 de septiembre una huelga indefinida que complet\u00f3 7 d\u00edas.<\/p><p>Luego de negociar con la empresa, la misma accedi\u00f3 a negociar con el sindicato para buscar una soluci\u00f3n <strong>para revertir los despidos; finalmente en el d\u00eda de hoy acordaron implementar el PPE<\/strong><\/p><p>&ldquo;Alcanzamos un acuerdo con la negociaci\u00f3n,<strong> los despidos fueron suspendidos <\/strong>y vamos a implementar el PPE, el cual es un acuerdo similar al que existe en Alemania. El programa va a empezar a ejecutarse en enero de 2016 y se va a extender durante 1 a\u00f1o.&nbsp; Adem\u00e1s se va a reducir un 20% la jornada y un 10% el salario&rdquo; explic\u00f3 Joao Cayres, miembro del comit\u00e9 ejecutivo de IndustriALL Global Union y secretario general de la CNM\/CUT, a su vez afiliada a IndustriALL.<\/p><p>Por su parte Fernando Lopes, Secretario General Adjunto de IndustriALL, dijo al respecto:<\/p><blockquote><p>&ldquo;Los trabajadores y trabajadores de <u><strong><a href=\"http:\/\/www.industriall-union.org\/es\/la-lucha-conquista-reincorporan-a-trabajadores-despedidos-de-volkswagen-y-mercedes-benz\" target=\"_self\">Mercedes y VW<\/a><\/strong><\/u> ya demostraran que con la lucha se logran las conquistas; no ten\u00eda dudas de que lo mismo suceder\u00eda &nbsp;en la Ford&rdquo; asegur\u00f3.<\/p><\/blockquote>","protected":false},"featured_media":0,"template":"","issues":[420,425],"companies":[51],"regions":[261,254],"sectors":[482],"article_tags":[505,511,513,529,533],"class_list":["post-168766","article","type-article","status-publish","hentry","issues-solidarity","issues-workers-rights","companies-ford-motor-co","regions-brazil","regions-latin-america-and-the-caribbean","sectors-automotive","article_tags-collective-bargaining","article_tags-industriall","article_tags-labour-laws","article_tags-strike","article_tags-unemployment"],"acf":[],"yoast_head":"<!-- This site is optimized with the Yoast SEO Premium plugin v27.1 (Yoast SEO v27.1) - https:\/\/yoast.com\/product\/yoast-seo-premium-wordpress\/ -->\n<title>Trabajadores de Ford Brasil consiguen revertir 200 despidos con su lucha - industriall-union<\/title>\n<meta name=\"description\" content=\"El fabricante de autom\u00f3viles despidi\u00f3 a 200 empleados de su planta en Sao Bernardo do Campo (SP), raz\u00f3n por la cual los trabajadores decidieron comenzar\" \/>\n<meta name=\"robots\" content=\"index, follow, max-snippet:-1, max-image-preview:large, max-video-preview:-1\" \/>\n<link rel=\"canonical\" href=\"https:\/\/admin.industriall-union.org\/es\/trabajadores-de-ford-brasil-consiguen-revertir-200-despidos-con-su-lucha\/\" \/>\n<meta property=\"og:locale\" content=\"es_ES\" \/>\n<meta property=\"og:type\" content=\"article\" \/>\n<meta property=\"og:title\" content=\"Trabajadores de Ford Brasil consiguen revertir 200 despidos con su lucha\" \/>\n<meta property=\"og:description\" content=\"El fabricante de autom\u00f3viles despidi\u00f3 a 200 empleados de su planta en Sao Bernardo do Campo (SP), raz\u00f3n por la cual los trabajadores decidieron comenzar\" \/>\n<meta property=\"og:url\" content=\"https:\/\/admin.industriall-union.org\/es\/trabajadores-de-ford-brasil-consiguen-revertir-200-despidos-con-su-lucha\/\" \/>\n<meta property=\"og:site_name\" content=\"industriall-union\" \/>\n<meta property=\"article:modified_time\" content=\"2025-02-07T10:12:49+00:00\" \/>\n<meta name=\"twitter:card\" content=\"summary_large_image\" \/>\n<meta name=\"twitter:label1\" content=\"Est. reading time\" \/>\n\t<meta name=\"twitter:data1\" content=\"1 minute\" \/>\n<script type=\"application\/ld+json\" class=\"yoast-schema-graph\">{\"@context\":\"https:\/\/schema.org\",\"@graph\":[{\"@type\":\"WebPage\",\"@id\":\"https:\/\/admin.industriall-union.org\/es\/trabajadores-de-ford-brasil-consiguen-revertir-200-despidos-con-su-lucha\/\",\"url\":\"https:\/\/admin.industriall-union.org\/es\/trabajadores-de-ford-brasil-consiguen-revertir-200-despidos-con-su-lucha\/\",\"name\":\"Trabajadores de Ford Brasil consiguen revertir 200 despidos con su lucha - industriall-union\",\"isPartOf\":{\"@id\":\"https:\/\/admin.industriall-union.org\/#website\"},\"datePublished\":\"2015-09-18T19:12:24+00:00\",\"dateModified\":\"2025-02-07T10:12:49+00:00\",\"description\":\"El fabricante de autom\u00f3viles despidi\u00f3 a 200 empleados de su planta en Sao Bernardo do Campo (SP), raz\u00f3n por la cual los trabajadores decidieron comenzar\",\"breadcrumb\":{\"@id\":\"https:\/\/admin.industriall-union.org\/es\/trabajadores-de-ford-brasil-consiguen-revertir-200-despidos-con-su-lucha\/#breadcrumb\"},\"inLanguage\":\"es-ES\",\"potentialAction\":[{\"@type\":\"ReadAction\",\"target\":[\"https:\/\/admin.industriall-union.org\/es\/trabajadores-de-ford-brasil-consiguen-revertir-200-despidos-con-su-lucha\/\"]}]},{\"@type\":\"BreadcrumbList\",\"@id\":\"https:\/\/admin.industriall-union.org\/es\/trabajadores-de-ford-brasil-consiguen-revertir-200-despidos-con-su-lucha\/#breadcrumb\",\"itemListElement\":[{\"@type\":\"ListItem\",\"position\":1,\"name\":\"Home\",\"item\":\"https:\/\/admin.industriall-union.org\/\"},{\"@type\":\"ListItem\",\"position\":2,\"name\":\"Articles\",\"item\":\"https:\/\/admin.industriall-union.org\/article\/\"},{\"@type\":\"ListItem\",\"position\":3,\"name\":\"Trabajadores de Ford Brasil consiguen revertir 200 despidos con su lucha\"}]},{\"@type\":\"WebSite\",\"@id\":\"https:\/\/admin.industriall-union.org\/#website\",\"url\":\"https:\/\/admin.industriall-union.org\/\",\"name\":\"industriall-union\",\"description\":\"\",\"potentialAction\":[{\"@type\":\"SearchAction\",\"target\":{\"@type\":\"EntryPoint\",\"urlTemplate\":\"https:\/\/admin.industriall-union.org\/?s={search_term_string}\"},\"query-input\":{\"@type\":\"PropertyValueSpecification\",\"valueRequired\":true,\"valueName\":\"search_term_string\"}}],\"inLanguage\":\"es-ES\"}]}<\/script>\n<!-- \/ Yoast SEO Premium plugin. -->","yoast_head_json":{"title":"Trabajadores de Ford Brasil consiguen revertir 200 despidos con su lucha - industriall-union","description":"El fabricante de autom\u00f3viles despidi\u00f3 a 200 empleados de su planta en Sao Bernardo do Campo (SP), raz\u00f3n por la cual los trabajadores decidieron comenzar","robots":{"index":"index","follow":"follow","max-snippet":"max-snippet:-1","max-image-preview":"max-image-preview:large","max-video-preview":"max-video-preview:-1"},"canonical":"https:\/\/admin.industriall-union.org\/es\/trabajadores-de-ford-brasil-consiguen-revertir-200-despidos-con-su-lucha\/","og_locale":"es_ES","og_type":"article","og_title":"Trabajadores de Ford Brasil consiguen revertir 200 despidos con su lucha","og_description":"El fabricante de autom\u00f3viles despidi\u00f3 a 200 empleados de su planta en Sao Bernardo do Campo (SP), raz\u00f3n por la cual los trabajadores decidieron comenzar","og_url":"https:\/\/admin.industriall-union.org\/es\/trabajadores-de-ford-brasil-consiguen-revertir-200-despidos-con-su-lucha\/","og_site_name":"industriall-union","article_modified_time":"2025-02-07T10:12:49+00:00","twitter_card":"summary_large_image","twitter_misc":{"Est. reading time":"1 minute"},"schema":{"@context":"https:\/\/schema.org","@graph":[{"@type":"WebPage","@id":"https:\/\/admin.industriall-union.org\/es\/trabajadores-de-ford-brasil-consiguen-revertir-200-despidos-con-su-lucha\/","url":"https:\/\/admin.industriall-union.org\/es\/trabajadores-de-ford-brasil-consiguen-revertir-200-despidos-con-su-lucha\/","name":"Trabajadores de Ford Brasil consiguen revertir 200 despidos con su lucha - industriall-union","isPartOf":{"@id":"https:\/\/admin.industriall-union.org\/#website"},"datePublished":"2015-09-18T19:12:24+00:00","dateModified":"2025-02-07T10:12:49+00:00","description":"El fabricante de autom\u00f3viles despidi\u00f3 a 200 empleados de su planta en Sao Bernardo do Campo (SP), raz\u00f3n por la cual los trabajadores decidieron comenzar","breadcrumb":{"@id":"https:\/\/admin.industriall-union.org\/es\/trabajadores-de-ford-brasil-consiguen-revertir-200-despidos-con-su-lucha\/#breadcrumb"},"inLanguage":"es-ES","potentialAction":[{"@type":"ReadAction","target":["https:\/\/admin.industriall-union.org\/es\/trabajadores-de-ford-brasil-consiguen-revertir-200-despidos-con-su-lucha\/"]}]},{"@type":"BreadcrumbList","@id":"https:\/\/admin.industriall-union.org\/es\/trabajadores-de-ford-brasil-consiguen-revertir-200-despidos-con-su-lucha\/#breadcrumb","itemListElement":[{"@type":"ListItem","position":1,"name":"Home","item":"https:\/\/admin.industriall-union.org\/"},{"@type":"ListItem","position":2,"name":"Articles","item":"https:\/\/admin.industriall-union.org\/article\/"},{"@type":"ListItem","position":3,"name":"Trabajadores de Ford Brasil consiguen revertir 200 despidos con su lucha"}]},{"@type":"WebSite","@id":"https:\/\/admin.industriall-union.org\/#website","url":"https:\/\/admin.industriall-union.org\/","name":"industriall-union","description":"","potentialAction":[{"@type":"SearchAction","target":{"@type":"EntryPoint","urlTemplate":"https:\/\/admin.industriall-union.org\/?s={search_term_string}"},"query-input":{"@type":"PropertyValueSpecification","valueRequired":true,"valueName":"search_term_string"}}],"inLanguage":"es-ES"}]}},"_links":{"self":[{"href":"https:\/\/admin.industriall-union.org\/es\/wp-json\/wp\/v2\/article\/168766","targetHints":{"allow":["GET"]}}],"collection":[{"href":"https:\/\/admin.industriall-union.org\/es\/wp-json\/wp\/v2\/article"}],"about":[{"href":"https:\/\/admin.industriall-union.org\/es\/wp-json\/wp\/v2\/types\/article"}],"wp:attachment":[{"href":"https:\/\/admin.industriall-union.org\/es\/wp-json\/wp\/v2\/media?parent=168766"}],"wp:term":[{"taxonomy":"issues","embeddable":true,"href":"https:\/\/admin.industriall-union.org\/es\/wp-json\/wp\/v2\/issues?post=168766"},{"taxonomy":"companies","embeddable":true,"href":"https:\/\/admin.industriall-union.org\/es\/wp-json\/wp\/v2\/companies?post=168766"},{"taxonomy":"regions","embeddable":true,"href":"https:\/\/admin.industriall-union.org\/es\/wp-json\/wp\/v2\/regions?post=168766"},{"taxonomy":"sectors","embeddable":true,"href":"https:\/\/admin.industriall-union.org\/es\/wp-json\/wp\/v2\/sectors?post=168766"},{"taxonomy":"article_tags","embeddable":true,"href":"https:\/\/admin.industriall-union.org\/es\/wp-json\/wp\/v2\/article_tags?post=168766"}],"curies":[{"name":"wp","href":"https:\/\/api.w.org\/{rel}","templated":true}]}}