{"id":168721,"date":"2015-10-02T06:04:16","date_gmt":"2015-10-02T06:04:16","guid":{"rendered":"https:\/\/admin.industriall-union.org\/preparaciones-para-el-dia-7-de-octubre\/"},"modified":"2025-02-07T09:56:06","modified_gmt":"2025-02-07T09:56:06","slug":"preparaciones-para-el-dia-7-de-octubre","status":"publish","type":"article","link":"https:\/\/admin.industriall-union.org\/es\/preparaciones-para-el-dia-7-de-octubre\/","title":{"rendered":"Preparaciones para el d\u00eda 7 de octubre"},"content":{"rendered":"<p>El 7 de octubre ser\u00e1 la culminaci\u00f3n de varias campa\u00f1as nacionales en curso contra el trabajo precario. En muchos pa\u00edses, los afiliados van a vincular la campa\u00f1a mundial con su lucha a nivel nacional para lograr una mejor legislaci\u00f3n que controle el trabajo precario.<\/p><p>En <strong>Filipinas<\/strong>, el 7 de octubre se lanzar\u00e1 la campa\u00f1a conjunta de los afiliados de IndustriALL bajo el lema &ldquo;&iexcl;Stop al Trabajo Precario! Puestos de trabajo permanentes para todos&rdquo;. Los afiliados de IndustriALL est\u00e1n organizando una marcha conjunta hacia las oficinas del Departamento de Trabajo y Empleo (DOLE). Creen que participar\u00e1n m\u00e1s de 750 personas, tanto trabajadores fijos como precarios. Despu\u00e9s de esta movilizaci\u00f3n, los representantes de los 15 sindicatos afiliados de IndustriALL se van a reunir con el Ministro del Trabajo. Los sindicalistas presentar\u00e1n un informe conjunto que contendr\u00e1 sus planteamientos respecto al trabajo precario y su campa\u00f1a, que tiene como objetivo principal lograr que se revisen los proyectos de ley actuales relacionados con seguridad de los puestos de trabajo.<\/p><p>En <strong>Sri Lanka<\/strong>, los afiliados tambi\u00e9n organizar\u00e1n manifestaciones conjuntas como parte de su campa\u00f1a actual en favor de modificaci\u00f3n de la legislaci\u00f3n con el fin de establecer l\u00edmites al uso del trabajo precario.<\/p><p>En <strong>Camer\u00fan<\/strong>, los afiliados de IndustriALL est\u00e1n trabajando para lograr que se introduzcan regulaciones espec\u00edficas respecto a la subcontrataci\u00f3n, evitando con esto el uso de subcontratistas en actividades fundamentales y permanentes de las empresas. En el contexto de esta campa\u00f1a, van a organizar para el 7 de octubre una reuni\u00f3n tripartita con representantes del gobierno y de las asociaciones patronales.<\/p><p>En <strong>Brasil<\/strong>, se organizar\u00e1 para el 3 de octubre una manifestaci\u00f3n en la que participar\u00e1n varias centrales sindicales, junto con otras organizaciones del movimiento social brasile\u00f1o. Entre otras reivindicaciones, los sindicatos solicitar\u00e1n que se limite la subcontrataci\u00f3n. En abril de 2015, la C\u00e1mara de Diputados en Brasilia aprob\u00f3 un proyecto de ley a favor de la liberalizaci\u00f3n de la tercerizaci\u00f3n. Desde entonces, los sindicatos vienen realizando una campa\u00f1a activa para atrasar su aprobaci\u00f3n por el Senado.<\/p><p>En <strong>Camboya<\/strong>, los afiliados van a vincular sus protestas a la campa\u00f1a en curso sobre protecci\u00f3n de la maternidad. Realizar\u00e1n protestas frente a las f\u00e1bricas y oficinas, exigiendo &quot;Protecci\u00f3n de la maternidad para todas las mujeres&quot; y &quot;STOP al trabajo precario&quot;. Tambi\u00e9n intercambiar\u00e1n ideas sobre ambas cuestiones en un c\u00edrculo de estudio formado por trabajadores y trabajadoras.<\/p><p>En Europa, los afiliados tambi\u00e9n se van a movilizar. En <strong>B\u00e9lgica<\/strong>, los afiliados de IndustriALL participar\u00e1n en una manifestaci\u00f3n nacional contra las pol\u00edticas antisociales de los gobiernos, presentando proposiciones alternativas.<\/p><p>En <strong>Alemania<\/strong>, IGMetall se movilizar\u00e1 contra los abusos que se cometen al aplicar la pr\u00e1ctica de contratos de obras y servicios (&quot;Werkvertr\u00e4ge&quot;) bajo el lema &quot;No nos dividir\u00e1n&quot;.<\/p><blockquote><p>Nuevamente, el 7 de octubre de este a\u00f1o, los afiliados de IndustriALL enviar\u00e1n un firme mensaje al mundo: &iexcl;STOP al trabajo precario!<\/p><\/blockquote>","protected":false},"featured_media":0,"template":"","issues":[415],"companies":[],"regions":[],"sectors":[],"article_tags":[],"class_list":["post-168721","article","type-article","status-publish","hentry","issues-stop-precarious-work"],"acf":[],"yoast_head":"<!-- This site is optimized with the Yoast SEO Premium plugin v27.1 (Yoast SEO v27.1) - https:\/\/yoast.com\/product\/yoast-seo-premium-wordpress\/ -->\n<title>Preparaciones para el d\u00eda 7 de octubre - industriall-union<\/title>\n<meta name=\"description\" content=\"El 7 de octubre ser\u00e1 la culminaci\u00f3n de varias campa\u00f1as nacionales en curso contra el trabajo precario. En muchos pa\u00edses, los afiliados van a vincular la\" \/>\n<meta name=\"robots\" content=\"index, follow, max-snippet:-1, max-image-preview:large, max-video-preview:-1\" \/>\n<link rel=\"canonical\" href=\"https:\/\/admin.industriall-union.org\/es\/preparaciones-para-el-dia-7-de-octubre\/\" \/>\n<meta property=\"og:locale\" content=\"es_ES\" \/>\n<meta property=\"og:type\" content=\"article\" \/>\n<meta property=\"og:title\" content=\"Preparaciones para el d\u00eda 7 de octubre\" \/>\n<meta property=\"og:description\" content=\"El 7 de octubre ser\u00e1 la culminaci\u00f3n de varias campa\u00f1as nacionales en curso contra el trabajo precario. En muchos pa\u00edses, los afiliados van a vincular la\" \/>\n<meta property=\"og:url\" content=\"https:\/\/admin.industriall-union.org\/es\/preparaciones-para-el-dia-7-de-octubre\/\" \/>\n<meta property=\"og:site_name\" content=\"industriall-union\" \/>\n<meta property=\"article:modified_time\" content=\"2025-02-07T09:56:06+00:00\" \/>\n<meta name=\"twitter:card\" content=\"summary_large_image\" \/>\n<meta name=\"twitter:label1\" content=\"Est. reading time\" \/>\n\t<meta name=\"twitter:data1\" content=\"3 minutes\" \/>\n<script type=\"application\/ld+json\" class=\"yoast-schema-graph\">{\"@context\":\"https:\/\/schema.org\",\"@graph\":[{\"@type\":\"WebPage\",\"@id\":\"https:\/\/admin.industriall-union.org\/es\/preparaciones-para-el-dia-7-de-octubre\/\",\"url\":\"https:\/\/admin.industriall-union.org\/es\/preparaciones-para-el-dia-7-de-octubre\/\",\"name\":\"Preparaciones para el d\u00eda 7 de octubre - industriall-union\",\"isPartOf\":{\"@id\":\"https:\/\/admin.industriall-union.org\/#website\"},\"datePublished\":\"2015-10-02T06:04:16+00:00\",\"dateModified\":\"2025-02-07T09:56:06+00:00\",\"description\":\"El 7 de octubre ser\u00e1 la culminaci\u00f3n de varias campa\u00f1as nacionales en curso contra el trabajo precario. En muchos pa\u00edses, los afiliados van a vincular la\",\"breadcrumb\":{\"@id\":\"https:\/\/admin.industriall-union.org\/es\/preparaciones-para-el-dia-7-de-octubre\/#breadcrumb\"},\"inLanguage\":\"es-ES\",\"potentialAction\":[{\"@type\":\"ReadAction\",\"target\":[\"https:\/\/admin.industriall-union.org\/es\/preparaciones-para-el-dia-7-de-octubre\/\"]}]},{\"@type\":\"BreadcrumbList\",\"@id\":\"https:\/\/admin.industriall-union.org\/es\/preparaciones-para-el-dia-7-de-octubre\/#breadcrumb\",\"itemListElement\":[{\"@type\":\"ListItem\",\"position\":1,\"name\":\"Home\",\"item\":\"https:\/\/admin.industriall-union.org\/\"},{\"@type\":\"ListItem\",\"position\":2,\"name\":\"Articles\",\"item\":\"https:\/\/admin.industriall-union.org\/article\/\"},{\"@type\":\"ListItem\",\"position\":3,\"name\":\"Preparaciones para el d\u00eda 7 de octubre\"}]},{\"@type\":\"WebSite\",\"@id\":\"https:\/\/admin.industriall-union.org\/#website\",\"url\":\"https:\/\/admin.industriall-union.org\/\",\"name\":\"industriall-union\",\"description\":\"\",\"potentialAction\":[{\"@type\":\"SearchAction\",\"target\":{\"@type\":\"EntryPoint\",\"urlTemplate\":\"https:\/\/admin.industriall-union.org\/?s={search_term_string}\"},\"query-input\":{\"@type\":\"PropertyValueSpecification\",\"valueRequired\":true,\"valueName\":\"search_term_string\"}}],\"inLanguage\":\"es-ES\"}]}<\/script>\n<!-- \/ Yoast SEO Premium plugin. -->","yoast_head_json":{"title":"Preparaciones para el d\u00eda 7 de octubre - industriall-union","description":"El 7 de octubre ser\u00e1 la culminaci\u00f3n de varias campa\u00f1as nacionales en curso contra el trabajo precario. En muchos pa\u00edses, los afiliados van a vincular la","robots":{"index":"index","follow":"follow","max-snippet":"max-snippet:-1","max-image-preview":"max-image-preview:large","max-video-preview":"max-video-preview:-1"},"canonical":"https:\/\/admin.industriall-union.org\/es\/preparaciones-para-el-dia-7-de-octubre\/","og_locale":"es_ES","og_type":"article","og_title":"Preparaciones para el d\u00eda 7 de octubre","og_description":"El 7 de octubre ser\u00e1 la culminaci\u00f3n de varias campa\u00f1as nacionales en curso contra el trabajo precario. En muchos pa\u00edses, los afiliados van a vincular la","og_url":"https:\/\/admin.industriall-union.org\/es\/preparaciones-para-el-dia-7-de-octubre\/","og_site_name":"industriall-union","article_modified_time":"2025-02-07T09:56:06+00:00","twitter_card":"summary_large_image","twitter_misc":{"Est. reading time":"3 minutes"},"schema":{"@context":"https:\/\/schema.org","@graph":[{"@type":"WebPage","@id":"https:\/\/admin.industriall-union.org\/es\/preparaciones-para-el-dia-7-de-octubre\/","url":"https:\/\/admin.industriall-union.org\/es\/preparaciones-para-el-dia-7-de-octubre\/","name":"Preparaciones para el d\u00eda 7 de octubre - industriall-union","isPartOf":{"@id":"https:\/\/admin.industriall-union.org\/#website"},"datePublished":"2015-10-02T06:04:16+00:00","dateModified":"2025-02-07T09:56:06+00:00","description":"El 7 de octubre ser\u00e1 la culminaci\u00f3n de varias campa\u00f1as nacionales en curso contra el trabajo precario. En muchos pa\u00edses, los afiliados van a vincular la","breadcrumb":{"@id":"https:\/\/admin.industriall-union.org\/es\/preparaciones-para-el-dia-7-de-octubre\/#breadcrumb"},"inLanguage":"es-ES","potentialAction":[{"@type":"ReadAction","target":["https:\/\/admin.industriall-union.org\/es\/preparaciones-para-el-dia-7-de-octubre\/"]}]},{"@type":"BreadcrumbList","@id":"https:\/\/admin.industriall-union.org\/es\/preparaciones-para-el-dia-7-de-octubre\/#breadcrumb","itemListElement":[{"@type":"ListItem","position":1,"name":"Home","item":"https:\/\/admin.industriall-union.org\/"},{"@type":"ListItem","position":2,"name":"Articles","item":"https:\/\/admin.industriall-union.org\/article\/"},{"@type":"ListItem","position":3,"name":"Preparaciones para el d\u00eda 7 de octubre"}]},{"@type":"WebSite","@id":"https:\/\/admin.industriall-union.org\/#website","url":"https:\/\/admin.industriall-union.org\/","name":"industriall-union","description":"","potentialAction":[{"@type":"SearchAction","target":{"@type":"EntryPoint","urlTemplate":"https:\/\/admin.industriall-union.org\/?s={search_term_string}"},"query-input":{"@type":"PropertyValueSpecification","valueRequired":true,"valueName":"search_term_string"}}],"inLanguage":"es-ES"}]}},"_links":{"self":[{"href":"https:\/\/admin.industriall-union.org\/es\/wp-json\/wp\/v2\/article\/168721","targetHints":{"allow":["GET"]}}],"collection":[{"href":"https:\/\/admin.industriall-union.org\/es\/wp-json\/wp\/v2\/article"}],"about":[{"href":"https:\/\/admin.industriall-union.org\/es\/wp-json\/wp\/v2\/types\/article"}],"wp:attachment":[{"href":"https:\/\/admin.industriall-union.org\/es\/wp-json\/wp\/v2\/media?parent=168721"}],"wp:term":[{"taxonomy":"issues","embeddable":true,"href":"https:\/\/admin.industriall-union.org\/es\/wp-json\/wp\/v2\/issues?post=168721"},{"taxonomy":"companies","embeddable":true,"href":"https:\/\/admin.industriall-union.org\/es\/wp-json\/wp\/v2\/companies?post=168721"},{"taxonomy":"regions","embeddable":true,"href":"https:\/\/admin.industriall-union.org\/es\/wp-json\/wp\/v2\/regions?post=168721"},{"taxonomy":"sectors","embeddable":true,"href":"https:\/\/admin.industriall-union.org\/es\/wp-json\/wp\/v2\/sectors?post=168721"},{"taxonomy":"article_tags","embeddable":true,"href":"https:\/\/admin.industriall-union.org\/es\/wp-json\/wp\/v2\/article_tags?post=168721"}],"curies":[{"name":"wp","href":"https:\/\/api.w.org\/{rel}","templated":true}]}}