{"id":168545,"date":"2015-11-05T10:27:19","date_gmt":"2015-11-05T10:27:19","guid":{"rendered":"https:\/\/admin.industriall-union.org\/energica-declaracion-para-luchar-por-el-sector-de-metales-comunes\/"},"modified":"2025-02-07T08:38:30","modified_gmt":"2025-02-07T08:38:30","slug":"energica-declaracion-para-luchar-por-el-sector-de-metales-comunes","status":"publish","type":"article","link":"https:\/\/admin.industriall-union.org\/es\/energica-declaracion-para-luchar-por-el-sector-de-metales-comunes\/","title":{"rendered":"En\u00e9rgica declaraci\u00f3n para luchar por el sector de metales comunes"},"content":{"rendered":"<p>Diecis\u00e9is sindicatos de productores de acero de diez pa\u00edses se reunieron el 4 de noviembre en Pittsburgh (Estados Unidos) para discutir sobre un plan de acci\u00f3n y objetivos estrat\u00e9gicos en el sector.<br \/><br \/>La siderurgia es la segunda industria m\u00e1s importante del mundo, con un volumen de negocio de 900.000 millones $ EE.UU., y est\u00e1 previsto que aumente un 50 por ciento para 2050. Sin embargo, las condiciones que afronta la industria son las peores en una generaci\u00f3n. A pesar de un incremento en el uso medio de acero en el \u00faltimo decenio, el exceso de capacidad es una seria amenaza para el futuro a largo plazo de la industria.<br \/>&nbsp;<br \/>Los sindicatos participantes pidieron medidas urgentes para proteger los empleos y a las comunidades de la actual oleada de destrucci\u00f3n industrial que est\u00e1 suprimiendo puestos de trabajo en la industria a escala global y erosionando sistem\u00e1ticamente los derechos y las condiciones de trabajo de los trabajadores.<br \/>&nbsp;<br \/>El secretario general adjunto de la IndustriALL Global Union Fernando Lopes dice que la industria sider\u00fargica es un importante contribuyente a las econom\u00edas y a la sociedad en su conjunto:<\/p><blockquote><p>Como sindicatos, tomaremos medidas para salvar la industria sider\u00fargica mundial y los empleos que crea. Vamos a tratar de crear un ambiente que permita el florecimiento de la industria mundial del acero y de los trabajadores sider\u00fargicos.<\/p><\/blockquote><p>El Comit\u00e9 Directivo de metales comunes de la IndustriALL decidi\u00f3 designar a Thomas Conway, del United Steelworkers, y a Sanjyot Vadhavkar, de la Smefi, copresidentes del sector.<br \/>&nbsp;<br \/>La Conferencia Mundial de Metales Comunes se celebrar\u00e1 en Alemania del 15 al 17 de noviembre de 2016.<\/p>","protected":false},"featured_media":0,"template":"","issues":[396,406],"companies":[],"regions":[310],"sectors":[481],"article_tags":[],"class_list":["post-168545","article","type-article","status-publish","hentry","issues-building-strong-unions","issues-confronting-global-capital","regions-usa","sectors-base-metals"],"acf":[],"yoast_head":"<!-- This site is optimized with the Yoast SEO Premium plugin v27.1 (Yoast SEO v27.1) - https:\/\/yoast.com\/product\/yoast-seo-premium-wordpress\/ -->\n<title>En\u00e9rgica declaraci\u00f3n para luchar por el sector de metales comunes - industriall-union<\/title>\n<meta name=\"description\" content=\"Diecis\u00e9is sindicatos de productores de acero de diez pa\u00edses se reunieron el 4 de noviembre en Pittsburgh (Estados Unidos) para discutir sobre un plan de\" \/>\n<meta name=\"robots\" content=\"index, follow, max-snippet:-1, max-image-preview:large, max-video-preview:-1\" \/>\n<link rel=\"canonical\" href=\"https:\/\/admin.industriall-union.org\/es\/energica-declaracion-para-luchar-por-el-sector-de-metales-comunes\/\" \/>\n<meta property=\"og:locale\" content=\"es_ES\" \/>\n<meta property=\"og:type\" content=\"article\" \/>\n<meta property=\"og:title\" content=\"En\u00e9rgica declaraci\u00f3n para luchar por el sector de metales comunes\" \/>\n<meta property=\"og:description\" content=\"Diecis\u00e9is sindicatos de productores de acero de diez pa\u00edses se reunieron el 4 de noviembre en Pittsburgh (Estados Unidos) para discutir sobre un plan de\" \/>\n<meta property=\"og:url\" content=\"https:\/\/admin.industriall-union.org\/es\/energica-declaracion-para-luchar-por-el-sector-de-metales-comunes\/\" \/>\n<meta property=\"og:site_name\" content=\"industriall-union\" \/>\n<meta property=\"article:modified_time\" content=\"2025-02-07T08:38:30+00:00\" \/>\n<meta name=\"twitter:card\" content=\"summary_large_image\" \/>\n<meta name=\"twitter:label1\" content=\"Est. reading time\" \/>\n\t<meta name=\"twitter:data1\" content=\"1 minute\" \/>\n<script type=\"application\/ld+json\" class=\"yoast-schema-graph\">{\"@context\":\"https:\/\/schema.org\",\"@graph\":[{\"@type\":\"WebPage\",\"@id\":\"https:\/\/admin.industriall-union.org\/es\/energica-declaracion-para-luchar-por-el-sector-de-metales-comunes\/\",\"url\":\"https:\/\/admin.industriall-union.org\/es\/energica-declaracion-para-luchar-por-el-sector-de-metales-comunes\/\",\"name\":\"En\u00e9rgica declaraci\u00f3n para luchar por el sector de metales comunes - industriall-union\",\"isPartOf\":{\"@id\":\"https:\/\/admin.industriall-union.org\/es\/#website\"},\"datePublished\":\"2015-11-05T10:27:19+00:00\",\"dateModified\":\"2025-02-07T08:38:30+00:00\",\"description\":\"Diecis\u00e9is sindicatos de productores de acero de diez pa\u00edses se reunieron el 4 de noviembre en Pittsburgh (Estados Unidos) para discutir sobre un plan de\",\"breadcrumb\":{\"@id\":\"https:\/\/admin.industriall-union.org\/es\/energica-declaracion-para-luchar-por-el-sector-de-metales-comunes\/#breadcrumb\"},\"inLanguage\":\"es-ES\",\"potentialAction\":[{\"@type\":\"ReadAction\",\"target\":[\"https:\/\/admin.industriall-union.org\/es\/energica-declaracion-para-luchar-por-el-sector-de-metales-comunes\/\"]}]},{\"@type\":\"BreadcrumbList\",\"@id\":\"https:\/\/admin.industriall-union.org\/es\/energica-declaracion-para-luchar-por-el-sector-de-metales-comunes\/#breadcrumb\",\"itemListElement\":[{\"@type\":\"ListItem\",\"position\":1,\"name\":\"Home\",\"item\":\"https:\/\/admin.industriall-union.org\/es\/\"},{\"@type\":\"ListItem\",\"position\":2,\"name\":\"Articles\",\"item\":\"https:\/\/admin.industriall-union.org\/es\/article\/\"},{\"@type\":\"ListItem\",\"position\":3,\"name\":\"En\u00e9rgica declaraci\u00f3n para luchar por el sector de metales comunes\"}]},{\"@type\":\"WebSite\",\"@id\":\"https:\/\/admin.industriall-union.org\/es\/#website\",\"url\":\"https:\/\/admin.industriall-union.org\/es\/\",\"name\":\"industriall-union\",\"description\":\"\",\"potentialAction\":[{\"@type\":\"SearchAction\",\"target\":{\"@type\":\"EntryPoint\",\"urlTemplate\":\"https:\/\/admin.industriall-union.org\/es\/?s={search_term_string}\"},\"query-input\":{\"@type\":\"PropertyValueSpecification\",\"valueRequired\":true,\"valueName\":\"search_term_string\"}}],\"inLanguage\":\"es-ES\"}]}<\/script>\n<!-- \/ Yoast SEO Premium plugin. -->","yoast_head_json":{"title":"En\u00e9rgica declaraci\u00f3n para luchar por el sector de metales comunes - industriall-union","description":"Diecis\u00e9is sindicatos de productores de acero de diez pa\u00edses se reunieron el 4 de noviembre en Pittsburgh (Estados Unidos) para discutir sobre un plan de","robots":{"index":"index","follow":"follow","max-snippet":"max-snippet:-1","max-image-preview":"max-image-preview:large","max-video-preview":"max-video-preview:-1"},"canonical":"https:\/\/admin.industriall-union.org\/es\/energica-declaracion-para-luchar-por-el-sector-de-metales-comunes\/","og_locale":"es_ES","og_type":"article","og_title":"En\u00e9rgica declaraci\u00f3n para luchar por el sector de metales comunes","og_description":"Diecis\u00e9is sindicatos de productores de acero de diez pa\u00edses se reunieron el 4 de noviembre en Pittsburgh (Estados Unidos) para discutir sobre un plan de","og_url":"https:\/\/admin.industriall-union.org\/es\/energica-declaracion-para-luchar-por-el-sector-de-metales-comunes\/","og_site_name":"industriall-union","article_modified_time":"2025-02-07T08:38:30+00:00","twitter_card":"summary_large_image","twitter_misc":{"Est. reading time":"1 minute"},"schema":{"@context":"https:\/\/schema.org","@graph":[{"@type":"WebPage","@id":"https:\/\/admin.industriall-union.org\/es\/energica-declaracion-para-luchar-por-el-sector-de-metales-comunes\/","url":"https:\/\/admin.industriall-union.org\/es\/energica-declaracion-para-luchar-por-el-sector-de-metales-comunes\/","name":"En\u00e9rgica declaraci\u00f3n para luchar por el sector de metales comunes - industriall-union","isPartOf":{"@id":"https:\/\/admin.industriall-union.org\/es\/#website"},"datePublished":"2015-11-05T10:27:19+00:00","dateModified":"2025-02-07T08:38:30+00:00","description":"Diecis\u00e9is sindicatos de productores de acero de diez pa\u00edses se reunieron el 4 de noviembre en Pittsburgh (Estados Unidos) para discutir sobre un plan de","breadcrumb":{"@id":"https:\/\/admin.industriall-union.org\/es\/energica-declaracion-para-luchar-por-el-sector-de-metales-comunes\/#breadcrumb"},"inLanguage":"es-ES","potentialAction":[{"@type":"ReadAction","target":["https:\/\/admin.industriall-union.org\/es\/energica-declaracion-para-luchar-por-el-sector-de-metales-comunes\/"]}]},{"@type":"BreadcrumbList","@id":"https:\/\/admin.industriall-union.org\/es\/energica-declaracion-para-luchar-por-el-sector-de-metales-comunes\/#breadcrumb","itemListElement":[{"@type":"ListItem","position":1,"name":"Home","item":"https:\/\/admin.industriall-union.org\/es\/"},{"@type":"ListItem","position":2,"name":"Articles","item":"https:\/\/admin.industriall-union.org\/es\/article\/"},{"@type":"ListItem","position":3,"name":"En\u00e9rgica declaraci\u00f3n para luchar por el sector de metales comunes"}]},{"@type":"WebSite","@id":"https:\/\/admin.industriall-union.org\/es\/#website","url":"https:\/\/admin.industriall-union.org\/es\/","name":"industriall-union","description":"","potentialAction":[{"@type":"SearchAction","target":{"@type":"EntryPoint","urlTemplate":"https:\/\/admin.industriall-union.org\/es\/?s={search_term_string}"},"query-input":{"@type":"PropertyValueSpecification","valueRequired":true,"valueName":"search_term_string"}}],"inLanguage":"es-ES"}]}},"_links":{"self":[{"href":"https:\/\/admin.industriall-union.org\/es\/wp-json\/wp\/v2\/article\/168545","targetHints":{"allow":["GET"]}}],"collection":[{"href":"https:\/\/admin.industriall-union.org\/es\/wp-json\/wp\/v2\/article"}],"about":[{"href":"https:\/\/admin.industriall-union.org\/es\/wp-json\/wp\/v2\/types\/article"}],"wp:attachment":[{"href":"https:\/\/admin.industriall-union.org\/es\/wp-json\/wp\/v2\/media?parent=168545"}],"wp:term":[{"taxonomy":"issues","embeddable":true,"href":"https:\/\/admin.industriall-union.org\/es\/wp-json\/wp\/v2\/issues?post=168545"},{"taxonomy":"companies","embeddable":true,"href":"https:\/\/admin.industriall-union.org\/es\/wp-json\/wp\/v2\/companies?post=168545"},{"taxonomy":"regions","embeddable":true,"href":"https:\/\/admin.industriall-union.org\/es\/wp-json\/wp\/v2\/regions?post=168545"},{"taxonomy":"sectors","embeddable":true,"href":"https:\/\/admin.industriall-union.org\/es\/wp-json\/wp\/v2\/sectors?post=168545"},{"taxonomy":"article_tags","embeddable":true,"href":"https:\/\/admin.industriall-union.org\/es\/wp-json\/wp\/v2\/article_tags?post=168545"}],"curies":[{"name":"wp","href":"https:\/\/api.w.org\/{rel}","templated":true}]}}