{"id":168401,"date":"2015-11-27T12:27:24","date_gmt":"2015-11-27T12:27:24","guid":{"rendered":"https:\/\/admin.industriall-union.org\/la-coordinacion-de-la-lucha-contra-el-trabajo-precario-en-marruecos\/"},"modified":"2025-02-07T07:53:37","modified_gmt":"2025-02-07T07:53:37","slug":"la-coordinacion-de-la-lucha-contra-el-trabajo-precario-en-marruecos","status":"publish","type":"article","link":"https:\/\/admin.industriall-union.org\/es\/la-coordinacion-de-la-lucha-contra-el-trabajo-precario-en-marruecos\/","title":{"rendered":"La coordinaci\u00f3n de la lucha contra el trabajo precario en Marruecos"},"content":{"rendered":"<p>Aunque no hay cifras oficiales sobre el n\u00famero de contratos de duraci\u00f3n determinada y del trabajo temporal en Marruecos, los sindicatos informan de una intensificaci\u00f3n de estas formas de empleo. As\u00ed lo confirma tambi\u00e9n el sistema de seguridad social marroqu\u00ed, el cual indica que el n\u00famero de trabajadores temporeros que se benefician de su cobertura se duplic\u00f3 entre 2008 y 2013.<br \/>&nbsp;<br \/>El 17 de noviembre, los afiliados marroqu\u00edes a la IndustriALL se reunieron en Casablanca para discutir las formas de coordinar la lucha contra el trabajo precario. Seg\u00fan el c\u00f3digo de trabajo vigente, el trabajo temporal debe ser una excepci\u00f3n. Pero el uso abusivo del trabajo precario en el pa\u00eds es una clara violaci\u00f3n de esta disposici\u00f3n, y los sindicatos convinieron en la necesidad de recopilar datos para poder denunciar las violaciones.<br \/>&nbsp;<br \/>Esta reuni\u00f3n ofreci\u00f3 asimismo a los afiliados la ocasi\u00f3n de intercambiar experiencias con los sindicatos de Egipto y T\u00fanez que participaron en ella, y que tambi\u00e9n est\u00e1n tratando de poner freno al trabajo precario.<br \/>&nbsp;<br \/>Los afiliados a la IndustriALL Global Union en Marruecos han tomado medidas a nivel de la empresa para limitar el uso de trabajo precario y convertir contratos temporales en permanentes.<br \/>&nbsp;<br \/>Desde 2010, en respuesta al aumento de la producci\u00f3n en el sector de la automoci\u00f3n en Marruecos, las empresas automovil\u00edsticas y sus proveedores radicados en el pa\u00eds han empleado a centenares de trabajadores con contratos de duraci\u00f3n determinada y han recurrido a las agencias de trabajo temporal.<br \/>&nbsp;<br \/>La confederaci\u00f3n UMT (Union Marocaine du Travail) inform\u00f3 de que representantes del personal local en un proveedor de autom\u00f3viles consigui\u00f3, mediante una intensa negociaci\u00f3n colectiva, convertir progresivamente a m\u00e1s de 500 trabajadores con contratos de duraci\u00f3n determinada y trabajadores de agencias en trabajadores permanentes. Esto ha permitido a los trabajadores acceder al seguro de enfermedad y cobrar primas, de lo que carec\u00edan anteriormente. Como trabajadores temporeros, la mayor\u00eda de ellos cobraban s\u00f3lo el salario m\u00ednimo. El proceso de negociaci\u00f3n contin\u00faa, y el sindicato est\u00e1 planeando convertir a otros 220 trabajadores temporeros en permanentes.<br \/>&nbsp;<br \/>Entre 2008 y 2014, el SNTP (Syndicat National des Travailleurs de Phosphate), afiliado a la CDT (Conf\u00e9d\u00e9ration D\u00e9mocratique du Travail), inform\u00f3 de que mediante una negociaci\u00f3n colectiva exitosa se convirti\u00f3 a 2.400 trabajadores por contrato en trabajadores permanentes.<\/p><p>En una mina de Samine, perteneciente al grupo Managem, el sindicato de miner\u00eda y energ\u00eda SNEM\/CDT (Syndicat National d&rsquo;Energie et des Mines) negoci\u00f3 la conversi\u00f3n de 120 trabajadores con contrato de duraci\u00f3n determinada que han sido temporeros durante a\u00f1os.<br \/>&nbsp;<br \/>En la mina de plata de Tinghir, perteneciente tambi\u00e9n al grupo Managem, el mismo sindicato logr\u00f3, en la negociaci\u00f3n colectiva de 2001, prohibir la subcontrataci\u00f3n de todas las actividades vinculadas a la producci\u00f3n.<br \/>&nbsp;<br \/>Los afiliados a la&nbsp; IndustriALL en Marruecos han logrado elaborar estrategias alternativas para proteger mejor a los trabajadores precarios. La FNTE\/UMT (F\u00e9d\u00e9ration Nationale de l&rsquo;Energie), as\u00ed como el SNEM y el SNTP, han conseguido incluir en los contratos comerciales entre el empleador principal y sus subcontratistas disposiciones&nbsp; que protegen los derechos de los empleados de los subcontratistas como el respeto de la libertad de asociaci\u00f3n, el respeto del c\u00f3digo de trabajo y las normas de salud y seguridad, el registro obligatorio de los trabajadores en el sistema de seguridad social, as\u00ed como los salarios, al menos al nivel del salario m\u00ednimo nacional.<br \/>&nbsp;<br \/>Los sindicatos acordaron en la reuni\u00f3n continuar la lucha contra el trabajo precario, y que la cuesti\u00f3n se discuta en el pr\u00f3xima reuni\u00f3n del Consejo marroqu\u00ed de la IndustriALL.<\/p><p>Kemal \u00d6zkan, secretario general adjunto de la IndustriALL, dice:<\/p><blockquote><p>A pesar de los incansables esfuerzos de los empleadores para debilitar el empleo directo y permanente en Marruecos, los afiliados a la IndustriALL han podido limitar la expansi\u00f3n del trabajo precario en muchas empresas mediante la negociaci\u00f3n colectiva. Es un logro notable.<\/p><p>Sin embargo, esta lucha contra el trabajo precario es una dura batalla. Apoyamos firmemente el llamamiento a nuestros afiliados para aplicar mejor la legislaci\u00f3n vigente, restringir el uso de los contratos de duraci\u00f3n determinada y el trabajo por agencias. Tambi\u00e9n acogemos con satisfacci\u00f3n su disposici\u00f3n a seguir coordinando su futura lucha contra el trabajo precario.<\/p><\/blockquote>","protected":false},"featured_media":0,"template":"","issues":[396,415],"companies":[],"regions":[300],"sectors":[],"article_tags":[],"class_list":["post-168401","article","type-article","status-publish","hentry","issues-building-strong-unions","issues-stop-precarious-work","regions-morocco"],"acf":[],"yoast_head":"<!-- This site is optimized with the Yoast SEO Premium plugin v27.1 (Yoast SEO v27.1) - https:\/\/yoast.com\/product\/yoast-seo-premium-wordpress\/ -->\n<title>La coordinaci\u00f3n de la lucha contra el trabajo precario en Marruecos - industriall-union<\/title>\n<meta name=\"description\" content=\"Aunque no hay cifras oficiales sobre el n\u00famero de contratos de duraci\u00f3n determinada y del trabajo temporal en Marruecos, los sindicatos informan de una\" \/>\n<meta name=\"robots\" content=\"index, follow, max-snippet:-1, max-image-preview:large, max-video-preview:-1\" \/>\n<link rel=\"canonical\" href=\"https:\/\/admin.industriall-union.org\/es\/la-coordinacion-de-la-lucha-contra-el-trabajo-precario-en-marruecos\/\" \/>\n<meta property=\"og:locale\" content=\"es_ES\" \/>\n<meta property=\"og:type\" content=\"article\" \/>\n<meta property=\"og:title\" content=\"La coordinaci\u00f3n de la lucha contra el trabajo precario en Marruecos\" \/>\n<meta property=\"og:description\" content=\"Aunque no hay cifras oficiales sobre el n\u00famero de contratos de duraci\u00f3n determinada y del trabajo temporal en Marruecos, los sindicatos informan de una\" \/>\n<meta property=\"og:url\" content=\"https:\/\/admin.industriall-union.org\/es\/la-coordinacion-de-la-lucha-contra-el-trabajo-precario-en-marruecos\/\" \/>\n<meta property=\"og:site_name\" content=\"industriall-union\" \/>\n<meta property=\"article:modified_time\" content=\"2025-02-07T07:53:37+00:00\" \/>\n<meta name=\"twitter:card\" content=\"summary_large_image\" \/>\n<meta name=\"twitter:label1\" content=\"Est. reading time\" \/>\n\t<meta name=\"twitter:data1\" content=\"4 minutes\" \/>\n<script type=\"application\/ld+json\" class=\"yoast-schema-graph\">{\"@context\":\"https:\/\/schema.org\",\"@graph\":[{\"@type\":\"WebPage\",\"@id\":\"https:\/\/admin.industriall-union.org\/es\/la-coordinacion-de-la-lucha-contra-el-trabajo-precario-en-marruecos\/\",\"url\":\"https:\/\/admin.industriall-union.org\/es\/la-coordinacion-de-la-lucha-contra-el-trabajo-precario-en-marruecos\/\",\"name\":\"La coordinaci\u00f3n de la lucha contra el trabajo precario en Marruecos - industriall-union\",\"isPartOf\":{\"@id\":\"https:\/\/admin.industriall-union.org\/#website\"},\"datePublished\":\"2015-11-27T12:27:24+00:00\",\"dateModified\":\"2025-02-07T07:53:37+00:00\",\"description\":\"Aunque no hay cifras oficiales sobre el n\u00famero de contratos de duraci\u00f3n determinada y del trabajo temporal en Marruecos, los sindicatos informan de una\",\"breadcrumb\":{\"@id\":\"https:\/\/admin.industriall-union.org\/es\/la-coordinacion-de-la-lucha-contra-el-trabajo-precario-en-marruecos\/#breadcrumb\"},\"inLanguage\":\"es-ES\",\"potentialAction\":[{\"@type\":\"ReadAction\",\"target\":[\"https:\/\/admin.industriall-union.org\/es\/la-coordinacion-de-la-lucha-contra-el-trabajo-precario-en-marruecos\/\"]}]},{\"@type\":\"BreadcrumbList\",\"@id\":\"https:\/\/admin.industriall-union.org\/es\/la-coordinacion-de-la-lucha-contra-el-trabajo-precario-en-marruecos\/#breadcrumb\",\"itemListElement\":[{\"@type\":\"ListItem\",\"position\":1,\"name\":\"Home\",\"item\":\"https:\/\/admin.industriall-union.org\/\"},{\"@type\":\"ListItem\",\"position\":2,\"name\":\"Articles\",\"item\":\"https:\/\/admin.industriall-union.org\/article\/\"},{\"@type\":\"ListItem\",\"position\":3,\"name\":\"La coordinaci\u00f3n de la lucha contra el trabajo precario en Marruecos\"}]},{\"@type\":\"WebSite\",\"@id\":\"https:\/\/admin.industriall-union.org\/#website\",\"url\":\"https:\/\/admin.industriall-union.org\/\",\"name\":\"industriall-union\",\"description\":\"\",\"potentialAction\":[{\"@type\":\"SearchAction\",\"target\":{\"@type\":\"EntryPoint\",\"urlTemplate\":\"https:\/\/admin.industriall-union.org\/?s={search_term_string}\"},\"query-input\":{\"@type\":\"PropertyValueSpecification\",\"valueRequired\":true,\"valueName\":\"search_term_string\"}}],\"inLanguage\":\"es-ES\"}]}<\/script>\n<!-- \/ Yoast SEO Premium plugin. -->","yoast_head_json":{"title":"La coordinaci\u00f3n de la lucha contra el trabajo precario en Marruecos - industriall-union","description":"Aunque no hay cifras oficiales sobre el n\u00famero de contratos de duraci\u00f3n determinada y del trabajo temporal en Marruecos, los sindicatos informan de una","robots":{"index":"index","follow":"follow","max-snippet":"max-snippet:-1","max-image-preview":"max-image-preview:large","max-video-preview":"max-video-preview:-1"},"canonical":"https:\/\/admin.industriall-union.org\/es\/la-coordinacion-de-la-lucha-contra-el-trabajo-precario-en-marruecos\/","og_locale":"es_ES","og_type":"article","og_title":"La coordinaci\u00f3n de la lucha contra el trabajo precario en Marruecos","og_description":"Aunque no hay cifras oficiales sobre el n\u00famero de contratos de duraci\u00f3n determinada y del trabajo temporal en Marruecos, los sindicatos informan de una","og_url":"https:\/\/admin.industriall-union.org\/es\/la-coordinacion-de-la-lucha-contra-el-trabajo-precario-en-marruecos\/","og_site_name":"industriall-union","article_modified_time":"2025-02-07T07:53:37+00:00","twitter_card":"summary_large_image","twitter_misc":{"Est. reading time":"4 minutes"},"schema":{"@context":"https:\/\/schema.org","@graph":[{"@type":"WebPage","@id":"https:\/\/admin.industriall-union.org\/es\/la-coordinacion-de-la-lucha-contra-el-trabajo-precario-en-marruecos\/","url":"https:\/\/admin.industriall-union.org\/es\/la-coordinacion-de-la-lucha-contra-el-trabajo-precario-en-marruecos\/","name":"La coordinaci\u00f3n de la lucha contra el trabajo precario en Marruecos - industriall-union","isPartOf":{"@id":"https:\/\/admin.industriall-union.org\/#website"},"datePublished":"2015-11-27T12:27:24+00:00","dateModified":"2025-02-07T07:53:37+00:00","description":"Aunque no hay cifras oficiales sobre el n\u00famero de contratos de duraci\u00f3n determinada y del trabajo temporal en Marruecos, los sindicatos informan de una","breadcrumb":{"@id":"https:\/\/admin.industriall-union.org\/es\/la-coordinacion-de-la-lucha-contra-el-trabajo-precario-en-marruecos\/#breadcrumb"},"inLanguage":"es-ES","potentialAction":[{"@type":"ReadAction","target":["https:\/\/admin.industriall-union.org\/es\/la-coordinacion-de-la-lucha-contra-el-trabajo-precario-en-marruecos\/"]}]},{"@type":"BreadcrumbList","@id":"https:\/\/admin.industriall-union.org\/es\/la-coordinacion-de-la-lucha-contra-el-trabajo-precario-en-marruecos\/#breadcrumb","itemListElement":[{"@type":"ListItem","position":1,"name":"Home","item":"https:\/\/admin.industriall-union.org\/"},{"@type":"ListItem","position":2,"name":"Articles","item":"https:\/\/admin.industriall-union.org\/article\/"},{"@type":"ListItem","position":3,"name":"La coordinaci\u00f3n de la lucha contra el trabajo precario en Marruecos"}]},{"@type":"WebSite","@id":"https:\/\/admin.industriall-union.org\/#website","url":"https:\/\/admin.industriall-union.org\/","name":"industriall-union","description":"","potentialAction":[{"@type":"SearchAction","target":{"@type":"EntryPoint","urlTemplate":"https:\/\/admin.industriall-union.org\/?s={search_term_string}"},"query-input":{"@type":"PropertyValueSpecification","valueRequired":true,"valueName":"search_term_string"}}],"inLanguage":"es-ES"}]}},"_links":{"self":[{"href":"https:\/\/admin.industriall-union.org\/es\/wp-json\/wp\/v2\/article\/168401","targetHints":{"allow":["GET"]}}],"collection":[{"href":"https:\/\/admin.industriall-union.org\/es\/wp-json\/wp\/v2\/article"}],"about":[{"href":"https:\/\/admin.industriall-union.org\/es\/wp-json\/wp\/v2\/types\/article"}],"wp:attachment":[{"href":"https:\/\/admin.industriall-union.org\/es\/wp-json\/wp\/v2\/media?parent=168401"}],"wp:term":[{"taxonomy":"issues","embeddable":true,"href":"https:\/\/admin.industriall-union.org\/es\/wp-json\/wp\/v2\/issues?post=168401"},{"taxonomy":"companies","embeddable":true,"href":"https:\/\/admin.industriall-union.org\/es\/wp-json\/wp\/v2\/companies?post=168401"},{"taxonomy":"regions","embeddable":true,"href":"https:\/\/admin.industriall-union.org\/es\/wp-json\/wp\/v2\/regions?post=168401"},{"taxonomy":"sectors","embeddable":true,"href":"https:\/\/admin.industriall-union.org\/es\/wp-json\/wp\/v2\/sectors?post=168401"},{"taxonomy":"article_tags","embeddable":true,"href":"https:\/\/admin.industriall-union.org\/es\/wp-json\/wp\/v2\/article_tags?post=168401"}],"curies":[{"name":"wp","href":"https:\/\/api.w.org\/{rel}","templated":true}]}}