{"id":168346,"date":"2015-12-10T09:54:50","date_gmt":"2015-12-10T09:54:50","guid":{"rendered":"https:\/\/admin.industriall-union.org\/la-industriall-global-union-apoya-a-los-trabajadores-camboyanos-en-el-comite-ejecutivo-en-phnom-penh\/"},"modified":"2025-02-07T07:24:41","modified_gmt":"2025-02-07T07:24:41","slug":"la-industriall-global-union-apoya-a-los-trabajadores-camboyanos-en-el-comite-ejecutivo-en-phnom-penh","status":"publish","type":"article","link":"https:\/\/admin.industriall-union.org\/es\/la-industriall-global-union-apoya-a-los-trabajadores-camboyanos-en-el-comite-ejecutivo-en-phnom-penh\/","title":{"rendered":"La IndustriALL Global Union apoya a los trabajadores camboyanos en el Comit\u00e9 Ejecutivo en Phnom Penh"},"content":{"rendered":"<p>El presidente, Berthold Huber, inaugur\u00f3 el Comit\u00e9 Ejecutivo con un discurso sobre la actual crisis de refugiados. El presidente de la IndustriALL pidi\u00f3 solidaridad con los refugiados.<\/p><p>&ldquo;Nosotros, compa\u00f1eras y compa\u00f1eros, debemos mostrar solidaridad con las personas que buscan protecci\u00f3n. Todas las personas tienen derecho a un futuro. Eso es algo por lo que los sindicalistas tienen que luchar. Tambi\u00e9n debemos crear una alianza con quienes est\u00e1n dispuestos a hacerlo.&rdquo;<\/p><p>El presidente Huber dio la bienvenida a los invitados, entre ellos a Sat Samoth, subsecretario de Estado en el Ministerio de Trabajo y Formaci\u00f3n Profesional camboyano, y a los representantes de H&amp;M, con la que la IndustriALL ha firmado recientemente un Acuerdo Marco Global.<\/p><p>Sat Samoth dijo en su discurso de apertura:<\/p><p>&ldquo;Nuestra principal preocupaci\u00f3n es el empleo y tambi\u00e9n las condiciones de trabajo y la inversi\u00f3n en el pa\u00eds. Espero que esta reuni\u00f3n sea fruct\u00edfera para la armonizaci\u00f3n de las relaciones laborales en Camboya.&rdquo;<\/p><p><strong>Los trabajadores de la confecci\u00f3n en Camboya deben ganar un salario digno<\/strong><\/p><p>La IndustriALL organiz\u00f3 un debate sobre las acciones para un salario digno, la negociaci\u00f3n colectiva y la sindicaci\u00f3n en Camboya y en otros pa\u00edses asi\u00e1ticos, en el que participaron Heng Sour, jefe de gabinete del ministro de Trabajo, Ken Loo, secretario general de GMAC, Jonah Wigerhall, director de sostenibilidad de H&amp;M en el pa\u00eds, y representantes sindicales de Camboya, Myanmar e Indonesia.&nbsp;<\/p><p>El secretario general de la IndustriALL, Jyrki Raina, dijo que la organizaci\u00f3n est\u00e1 librando una lucha mundial por el derecho a afiliarse a un sindicato y a negociar colectivamente.<\/p><p>&ldquo;No siempre es f\u00e1cil, pero los sindicatos en Camboya han desempe\u00f1ado una gran actividad de organizaci\u00f3n, y seg\u00fan algunas fuentes la sindicaci\u00f3n en el sector de la confecci\u00f3n llega al 60 por ciento.<\/p><p>Pero el salario m\u00ednimo en Camboya no es a\u00fan un salario digno, y lo mismo puede decirse de Bangladesh, Myanmar, Vietnam y otros pa\u00edses de la regi\u00f3n. Y mientras sea as\u00ed, nuestra lucha continuar\u00e1.&rdquo;<\/p><p>El jefe de gabinete Heng Sour apoy\u00f3 la necesidad de que los trabajadores tengan salarios m\u00e1s altos, pero dijo:<\/p><p>&ldquo;El Gobierno de Camboya no puede actuar solo. Hemos de trabajar con las marcas y los inversores para tener la seguridad de que no hay explotaci\u00f3n de mano de obra barata en los pa\u00edses asi\u00e1ticos.&rdquo;<\/p><p>Jonah Wigerhall, de H&amp;M, apoy\u00f3 el nuevo enfoque y dijo que H&amp;M est\u00e1 empe\u00f1ada en mejorar los salarios en todo el mundo.<\/p><p>Ocho sindicatos afiliados a la IndustriALL en Camboya est\u00e1n instando al Gobierno a que considere sus demandas y entable un di\u00e1logo.<\/p><p>&ldquo;Necesitamos un salario m\u00ednimo m\u00e1s alto; la investigaci\u00f3n de la IndustriALL muestra que 140 $ EE.UU. no es un salario digno&rdquo;, dijo Rath Minea, secretario general de la NIFTUC, afiliada a la IndustriALL.&rdquo;<\/p><p>Rath Minea tambi\u00e9n habl\u00f3 de las condiciones de vida de los trabajadores de la confecci\u00f3n en el pa\u00eds, que a menudo son sumamente b\u00e1sicas y de hacinamiento, adem\u00e1s de que el acoso es moneda corriente.<\/p><p>&ldquo;Espero que los trabajadores camboyanos tengan alg\u00fan d\u00eda un salario digno y una vida decente.&rdquo;<\/p><p>Jyrki Raina expres\u00f3 el apoyo de la IndustriALL a sus afiliados camboyanos:<\/p><p>&ldquo;Los trabajadores de la confecci\u00f3n en Camboya tienen demandas y se est\u00e1n movilizando por ellas. La IndustriALL apoya su lucha por un salario digno y seguir\u00e1 trabajando con las marcas para disponer de un nuevo mecanismo de negociaci\u00f3n a nivel de la industria. El Gobierno, las marcas y sus proveedores deben asumir todos su parte de responsabilidad.&rdquo;<\/p><p><strong>Organizaci\u00f3n de campa\u00f1as<\/strong><\/p><p>La IndustriALL est\u00e1 dirigiendo varias campa\u00f1as; la de Rio Tinto se centra en la gigantesca empresa minera con un historial de provocaci\u00f3n de conflictos con los sindicatos en el mundo entero. El objetivo de la campa\u00f1a es crear una red sindical fuerte en torno a Rio Tinto, apoyar a los sindicatos para organizar a los trabajadores y aumentar el n\u00famero de miembros.<\/p><p>Aunque todav\u00eda hay desaf\u00edos, en la campa\u00f1a se informa de victorias de la sindicaci\u00f3n en Australia, Indonesia y Madagascar, donde se han reclutado unos 1.000 nuevos miembros. En la campa\u00f1a de Rio Tinto se mantiene un di\u00e1logo continuo con la comunidad inversora, centr\u00e1ndose en el trabajo precario y la salud y seguridad.<\/p><p>En una gran muestra de unidad, los sindicatos de al menos 54 pa\u00edses llevaron a cabo acciones el 7 de octubre en la campa\u00f1a STOP al trabajo precario. Las redes sindicales mundiales de Rio Tinto y LafargeHolcim tambi\u00e9n realizaron acciones.<\/p><p>El secretario general adjunto de la IndustriALL Fernando Lopes inform\u00f3 al Comit\u00e9 Ejecutivo sobre las campa\u00f1as y las acciones en pa\u00edses esenciales como M\u00e9xico y Colombia. Se han logrado avances pol\u00edticos fundamentales con el Gobierno mexicano sometido a presi\u00f3n para aplicar la libertad de asociaci\u00f3n y de negociaci\u00f3n colectiva.<\/p><p>Reaccionando a la presi\u00f3n, el Gobierno de Pe\u00f1a Nieto propone una reforma de la ley laboral, incluida la ratificaci\u00f3n del Convenio n\u00fam. 98 de la OIT. Dos sindicatos, Los Mineros y el SME, tras cinco a\u00f1os de lucha, han logrado tambi\u00e9n victorias para sus miembros. Las campa\u00f1as contin\u00faan en empresas como Honda, PKC y Bata Sandak.<\/p><p>&ldquo;La IndustriALL es el sindicato del cambio clim\u00e1tico&rdquo;, dijo Jyrki Raina, al informar directamente desde la COP21 en Par\u00eds Brian Kohler, director de sostenibilidad de la IndustriALL.<\/p><p>&ldquo;Conf\u00edo en que haya un acuerdo al final de la semana. Pido al Comit\u00e9 Ejecutivo que apoye un movimiento hacia un mundo sostenible y respalde una reuni\u00f3n sobre la manera en que afectar\u00e1 el acuerdo a los sectores de la IndustriALL.&rdquo;<\/p><p>El Comit\u00e9 Ejecutivo de la IndustriALL evalu\u00f3 sus 47 AMG actuales y las negociaciones en curso con la perspectiva de nuevos asociados en AMG. El sindicato mundial hace cada vez m\u00e1s hincapi\u00e9 en la aplicaci\u00f3n de los AMG y en utilizarlos en la sindicaci\u00f3n, en torno a tres temas pol\u00edticos; neutralidad, acceso de los sindicatos a los lugares de trabajo y resoluciones de los conflictos vinculantes.<\/p><p>Monika Kemperle, secretaria general adjunta y directora del departamento de mujeres de la IndustriALL, hizo una rese\u00f1a de la Conferencia Mundial de la Mujer, celebrada en Viena (Austria) en septiembre, en la que se aprob\u00f3 por unanimidad una resoluci\u00f3n en que la que pide una <a href=\"http:\/\/www.industriall-union.org\/achieving-40-per-cent-women-at-industriall\" target=\"_self\">cuota del 40 por ciento de representaci\u00f3n de las mujeres<\/a> en las estructuras y en la direcci\u00f3n de la IndustriALL.<\/p><p><strong>Resoluciones de emergencia para la solidaridad sindical mundial<\/strong><\/p><p>La IndustriALL afirm\u00f3 su compromiso con todos los refugiados, especialmente en el lugar de trabajo, en un debate sobre la regi\u00f3n de Oriente Medio y \u00c1frica del Norte (OMAN).<\/p><p>Hashmeya Alsaadawe, presidenta de la Uni\u00f3n General de Trabajadores Electricistas y T\u00e9cnicos de Iraq, dijo que la IndustriALL se est\u00e1 expandiendo en el pa\u00eds, a pesar del terrorismo, el desempleo juvenil, las malas leyes y la migraci\u00f3n, que han alcanzado niveles sin precedentes, pues la gente huye de situaciones de seguridad graves. Dijo que eso refleja la validez de aplicar pol\u00edticas y programas que persiguen la justicia social, sin la cual no puede haber paz.<\/p><p>Elogi\u00f3 a la IndustriALL por acudir a Iraq y por su labor sobre la nueva ley del trabajo, as\u00ed como por unir a los sindicatos a trav\u00e9s del consejo de la IndustriALL en Iraq.<\/p><p>Mustafa Sahin, de la Uni\u00f3n de Trabajadores de la Energ\u00eda, el Agua y el Gas de Turqu\u00eda, dijo que la crisis de los refugiados est\u00e1 ejerciendo una presi\u00f3n descendente sobre los sueldos y aumentando el trabajo precario en Turqu\u00eda, donde hay 2,5 millones de refugiados. Afirm\u00f3 que los refugiados deben tener los mismos derechos que los trabajadores turcos y pidi\u00f3 que una delegaci\u00f3n de la IndustriALL visite los campos de refugiados en Turqu\u00eda.<\/p><p>Gianni Alioti, del afiliado italiano FIM-CISL, llam\u00f3 la atenci\u00f3n sobre la situaci\u00f3n de los refugiados que trabajan en condiciones de esclavitud en la industria manufacturera en Italia. Hizo un llamamiento para un compromiso coordinado de todos los protagonistas &ndash; tribunales, agentes del orden, empleadores y sindicatos &ndash; para impedir la explotaci\u00f3n.<\/p><p>El Comit\u00e9 Ejecutivo de la IndustriALL ha seguido respaldando a los sindicatos atacados en varios pa\u00edses, entre ellos Finlandia, atacado por su gobierno de derechas. &ldquo;Si esas leyes entran en vigor paralizar\u00e1n nuestro sistema contractual y el derecho de los sindicatos a negociar&rdquo;, dijo el presidente de PRO, Jorma Malinen. &nbsp;<\/p><p>El Gobierno coreano est\u00e1 atacando los derechos sindicales, reprimiendo y asaltado las oficinas de los sindicatos, y vilipendiando vergonzosamente la reuni\u00f3n pac\u00edfica. La IndustriALL expres\u00f3 su solidaridad con los trabajadores coreanos en su lucha.<\/p><p>Ben Richards, de Unite and Workers Uniting, inform\u00f3 sobre las leyes sindicales regresivas en el Reino Unido.<\/p><p>&ldquo;Ya tenemos algunas de las leyes de huelga m\u00e1s restrictivas que en cualquier otra parte. Pero el actual gobierno thatcherita neoliberal ha introducido un Proyecto de ley sindical que impondr\u00e1 restricciones extremas sobre el derecho de huelga, permitir\u00e1 la sustituci\u00f3n de huelguistas por trabajadores de agencia, limitar\u00e1 considerablemente el apoyo financiero del Partido Laborista a los sindicatos, &iexcl;y la \u00fanica manera de resistir es m\u00e1s solidaridad internacional!&rdquo;<\/p><p>El Comit\u00e9 Ejecutivo aprob\u00f3 varias resoluciones de emergencia:<\/p><ul><li>sobre los ataques del Gobierno a los derechos sindicales en Finlandia<\/li><li>contra el Acuerdo de Asociaci\u00f3n Trans-Pac\u00edfico (AATP) en su forma actual<\/li><li>un llamamiento para apoyar a los sindicatos en Corea del Sur que luchan contra la represi\u00f3n gubernamental<\/li><li>una declaraci\u00f3n contra el terrorismo<\/li><li>sobre solidaridad con los trabajadores de la confecci\u00f3n en Camboya<\/li><li>contra Alcoa que socava los derechos de los trabajadores australianos<\/li><\/ul>","protected":false},"featured_media":0,"template":"","issues":[396,407,416,410,415,397],"companies":[],"regions":[162],"sectors":[],"article_tags":[],"class_list":["post-168346","article","type-article","status-publish","hentry","issues-building-strong-unions","issues-global-framework-agreements","issues-living-wage","issues-rio-tinto","issues-stop-precarious-work","issues-women","regions-cambodia"],"acf":[],"yoast_head":"<!-- This site is optimized with the Yoast SEO Premium plugin v27.1 (Yoast SEO v27.1) - https:\/\/yoast.com\/product\/yoast-seo-premium-wordpress\/ -->\n<title>La IndustriALL Global Union apoya a los trabajadores camboyanos en el Comit\u00e9 Ejecutivo en Phnom Penh - industriall-union<\/title>\n<meta name=\"description\" content=\"El presidente, Berthold Huber, inaugur\u00f3 el Comit\u00e9 Ejecutivo con un discurso sobre la actual crisis de refugiados. El presidente de la IndustriALL pidi\u00f3\" \/>\n<meta name=\"robots\" content=\"index, follow, max-snippet:-1, max-image-preview:large, max-video-preview:-1\" \/>\n<link rel=\"canonical\" href=\"https:\/\/admin.industriall-union.org\/es\/la-industriall-global-union-apoya-a-los-trabajadores-camboyanos-en-el-comite-ejecutivo-en-phnom-penh\/\" \/>\n<meta property=\"og:locale\" content=\"es_ES\" \/>\n<meta property=\"og:type\" content=\"article\" \/>\n<meta property=\"og:title\" content=\"La IndustriALL Global Union apoya a los trabajadores camboyanos en el Comit\u00e9 Ejecutivo en Phnom Penh\" \/>\n<meta property=\"og:description\" content=\"El presidente, Berthold Huber, inaugur\u00f3 el Comit\u00e9 Ejecutivo con un discurso sobre la actual crisis de refugiados. El presidente de la IndustriALL pidi\u00f3\" \/>\n<meta property=\"og:url\" content=\"https:\/\/admin.industriall-union.org\/es\/la-industriall-global-union-apoya-a-los-trabajadores-camboyanos-en-el-comite-ejecutivo-en-phnom-penh\/\" \/>\n<meta property=\"og:site_name\" content=\"industriall-union\" \/>\n<meta property=\"article:modified_time\" content=\"2025-02-07T07:24:41+00:00\" \/>\n<meta name=\"twitter:card\" content=\"summary_large_image\" \/>\n<meta name=\"twitter:label1\" content=\"Est. reading time\" \/>\n\t<meta name=\"twitter:data1\" content=\"8 minutes\" \/>\n<script type=\"application\/ld+json\" class=\"yoast-schema-graph\">{\"@context\":\"https:\/\/schema.org\",\"@graph\":[{\"@type\":\"WebPage\",\"@id\":\"https:\/\/admin.industriall-union.org\/es\/la-industriall-global-union-apoya-a-los-trabajadores-camboyanos-en-el-comite-ejecutivo-en-phnom-penh\/\",\"url\":\"https:\/\/admin.industriall-union.org\/es\/la-industriall-global-union-apoya-a-los-trabajadores-camboyanos-en-el-comite-ejecutivo-en-phnom-penh\/\",\"name\":\"La IndustriALL Global Union apoya a los trabajadores camboyanos en el Comit\u00e9 Ejecutivo en Phnom Penh - industriall-union\",\"isPartOf\":{\"@id\":\"https:\/\/admin.industriall-union.org\/#website\"},\"datePublished\":\"2015-12-10T09:54:50+00:00\",\"dateModified\":\"2025-02-07T07:24:41+00:00\",\"description\":\"El presidente, Berthold Huber, inaugur\u00f3 el Comit\u00e9 Ejecutivo con un discurso sobre la actual crisis de refugiados. El presidente de la IndustriALL pidi\u00f3\",\"breadcrumb\":{\"@id\":\"https:\/\/admin.industriall-union.org\/es\/la-industriall-global-union-apoya-a-los-trabajadores-camboyanos-en-el-comite-ejecutivo-en-phnom-penh\/#breadcrumb\"},\"inLanguage\":\"es-ES\",\"potentialAction\":[{\"@type\":\"ReadAction\",\"target\":[\"https:\/\/admin.industriall-union.org\/es\/la-industriall-global-union-apoya-a-los-trabajadores-camboyanos-en-el-comite-ejecutivo-en-phnom-penh\/\"]}]},{\"@type\":\"BreadcrumbList\",\"@id\":\"https:\/\/admin.industriall-union.org\/es\/la-industriall-global-union-apoya-a-los-trabajadores-camboyanos-en-el-comite-ejecutivo-en-phnom-penh\/#breadcrumb\",\"itemListElement\":[{\"@type\":\"ListItem\",\"position\":1,\"name\":\"Home\",\"item\":\"https:\/\/admin.industriall-union.org\/\"},{\"@type\":\"ListItem\",\"position\":2,\"name\":\"Articles\",\"item\":\"https:\/\/admin.industriall-union.org\/article\/\"},{\"@type\":\"ListItem\",\"position\":3,\"name\":\"La IndustriALL Global Union apoya a los trabajadores camboyanos en el Comit\u00e9 Ejecutivo en Phnom Penh\"}]},{\"@type\":\"WebSite\",\"@id\":\"https:\/\/admin.industriall-union.org\/#website\",\"url\":\"https:\/\/admin.industriall-union.org\/\",\"name\":\"industriall-union\",\"description\":\"\",\"potentialAction\":[{\"@type\":\"SearchAction\",\"target\":{\"@type\":\"EntryPoint\",\"urlTemplate\":\"https:\/\/admin.industriall-union.org\/?s={search_term_string}\"},\"query-input\":{\"@type\":\"PropertyValueSpecification\",\"valueRequired\":true,\"valueName\":\"search_term_string\"}}],\"inLanguage\":\"es-ES\"}]}<\/script>\n<!-- \/ Yoast SEO Premium plugin. -->","yoast_head_json":{"title":"La IndustriALL Global Union apoya a los trabajadores camboyanos en el Comit\u00e9 Ejecutivo en Phnom Penh - industriall-union","description":"El presidente, Berthold Huber, inaugur\u00f3 el Comit\u00e9 Ejecutivo con un discurso sobre la actual crisis de refugiados. El presidente de la IndustriALL pidi\u00f3","robots":{"index":"index","follow":"follow","max-snippet":"max-snippet:-1","max-image-preview":"max-image-preview:large","max-video-preview":"max-video-preview:-1"},"canonical":"https:\/\/admin.industriall-union.org\/es\/la-industriall-global-union-apoya-a-los-trabajadores-camboyanos-en-el-comite-ejecutivo-en-phnom-penh\/","og_locale":"es_ES","og_type":"article","og_title":"La IndustriALL Global Union apoya a los trabajadores camboyanos en el Comit\u00e9 Ejecutivo en Phnom Penh","og_description":"El presidente, Berthold Huber, inaugur\u00f3 el Comit\u00e9 Ejecutivo con un discurso sobre la actual crisis de refugiados. El presidente de la IndustriALL pidi\u00f3","og_url":"https:\/\/admin.industriall-union.org\/es\/la-industriall-global-union-apoya-a-los-trabajadores-camboyanos-en-el-comite-ejecutivo-en-phnom-penh\/","og_site_name":"industriall-union","article_modified_time":"2025-02-07T07:24:41+00:00","twitter_card":"summary_large_image","twitter_misc":{"Est. reading time":"8 minutes"},"schema":{"@context":"https:\/\/schema.org","@graph":[{"@type":"WebPage","@id":"https:\/\/admin.industriall-union.org\/es\/la-industriall-global-union-apoya-a-los-trabajadores-camboyanos-en-el-comite-ejecutivo-en-phnom-penh\/","url":"https:\/\/admin.industriall-union.org\/es\/la-industriall-global-union-apoya-a-los-trabajadores-camboyanos-en-el-comite-ejecutivo-en-phnom-penh\/","name":"La IndustriALL Global Union apoya a los trabajadores camboyanos en el Comit\u00e9 Ejecutivo en Phnom Penh - industriall-union","isPartOf":{"@id":"https:\/\/admin.industriall-union.org\/#website"},"datePublished":"2015-12-10T09:54:50+00:00","dateModified":"2025-02-07T07:24:41+00:00","description":"El presidente, Berthold Huber, inaugur\u00f3 el Comit\u00e9 Ejecutivo con un discurso sobre la actual crisis de refugiados. El presidente de la IndustriALL pidi\u00f3","breadcrumb":{"@id":"https:\/\/admin.industriall-union.org\/es\/la-industriall-global-union-apoya-a-los-trabajadores-camboyanos-en-el-comite-ejecutivo-en-phnom-penh\/#breadcrumb"},"inLanguage":"es-ES","potentialAction":[{"@type":"ReadAction","target":["https:\/\/admin.industriall-union.org\/es\/la-industriall-global-union-apoya-a-los-trabajadores-camboyanos-en-el-comite-ejecutivo-en-phnom-penh\/"]}]},{"@type":"BreadcrumbList","@id":"https:\/\/admin.industriall-union.org\/es\/la-industriall-global-union-apoya-a-los-trabajadores-camboyanos-en-el-comite-ejecutivo-en-phnom-penh\/#breadcrumb","itemListElement":[{"@type":"ListItem","position":1,"name":"Home","item":"https:\/\/admin.industriall-union.org\/"},{"@type":"ListItem","position":2,"name":"Articles","item":"https:\/\/admin.industriall-union.org\/article\/"},{"@type":"ListItem","position":3,"name":"La IndustriALL Global Union apoya a los trabajadores camboyanos en el Comit\u00e9 Ejecutivo en Phnom Penh"}]},{"@type":"WebSite","@id":"https:\/\/admin.industriall-union.org\/#website","url":"https:\/\/admin.industriall-union.org\/","name":"industriall-union","description":"","potentialAction":[{"@type":"SearchAction","target":{"@type":"EntryPoint","urlTemplate":"https:\/\/admin.industriall-union.org\/?s={search_term_string}"},"query-input":{"@type":"PropertyValueSpecification","valueRequired":true,"valueName":"search_term_string"}}],"inLanguage":"es-ES"}]}},"_links":{"self":[{"href":"https:\/\/admin.industriall-union.org\/es\/wp-json\/wp\/v2\/article\/168346","targetHints":{"allow":["GET"]}}],"collection":[{"href":"https:\/\/admin.industriall-union.org\/es\/wp-json\/wp\/v2\/article"}],"about":[{"href":"https:\/\/admin.industriall-union.org\/es\/wp-json\/wp\/v2\/types\/article"}],"wp:attachment":[{"href":"https:\/\/admin.industriall-union.org\/es\/wp-json\/wp\/v2\/media?parent=168346"}],"wp:term":[{"taxonomy":"issues","embeddable":true,"href":"https:\/\/admin.industriall-union.org\/es\/wp-json\/wp\/v2\/issues?post=168346"},{"taxonomy":"companies","embeddable":true,"href":"https:\/\/admin.industriall-union.org\/es\/wp-json\/wp\/v2\/companies?post=168346"},{"taxonomy":"regions","embeddable":true,"href":"https:\/\/admin.industriall-union.org\/es\/wp-json\/wp\/v2\/regions?post=168346"},{"taxonomy":"sectors","embeddable":true,"href":"https:\/\/admin.industriall-union.org\/es\/wp-json\/wp\/v2\/sectors?post=168346"},{"taxonomy":"article_tags","embeddable":true,"href":"https:\/\/admin.industriall-union.org\/es\/wp-json\/wp\/v2\/article_tags?post=168346"}],"curies":[{"name":"wp","href":"https:\/\/api.w.org\/{rel}","templated":true}]}}