{"id":168344,"date":"2015-12-11T07:07:38","date_gmt":"2015-12-11T07:07:38","guid":{"rendered":"https:\/\/admin.industriall-union.org\/sindicatos-del-caribe-se-unen-para-pedir-a-sus-respectivos-gobiernos-combatir-la-subcontratacion-laboral\/"},"modified":"2025-02-07T07:19:11","modified_gmt":"2025-02-07T07:19:11","slug":"sindicatos-del-caribe-se-unen-para-pedir-a-sus-respectivos-gobiernos-combatir-la-subcontratacion-laboral","status":"publish","type":"article","link":"https:\/\/admin.industriall-union.org\/es\/sindicatos-del-caribe-se-unen-para-pedir-a-sus-respectivos-gobiernos-combatir-la-subcontratacion-laboral\/","title":{"rendered":"Sindicatos del Caribe se unen para pedir a sus respectivos gobiernos combatir la subcontrataci\u00f3n laboral"},"content":{"rendered":"<p>Los sindicatos de Antigua y Barbuda, Barbados, Surinam, Santa Luc\u00eda, y Trinidad y Tobago entregar\u00e1n una carta de IndustriALL Global Union dirigida a sus respectivos gobiernos, solicitando que dialoguen con el movimiento sindical para reducir el uso de mano de obra subcontratada, que actualmente aumenta constantemente.<\/p><p>Se tom\u00f3 esta iniciativa despu\u00e9s de una reuni\u00f3n de la regi\u00f3n del Caribe de IndustriALL Global Uni\u00f3n en la cual se inform\u00f3 que no s\u00f3lo son las empresas del sector privado culpables de debilitar los derechos de los trabajadores al recurrir con mucha frecuencia a mano de obra subcontratada, sino que los gobiernos de la regi\u00f3n tambi\u00e9n usan, cada vez m\u00e1s, esta forma de empleo.<\/p><p>Los sindicatos de la regi\u00f3n quieren llamar la atenci\u00f3n sobre el papel que desempe\u00f1an el sector p\u00fablico y las empresas de propiedad del Estado en las econom\u00edas de los pa\u00edses del Caribe. Un sector p\u00fablico donde se cambia con frecuencia al personal no puede proporcionar una plataforma para desarrollo econ\u00f3mico sostenible. Todos los involucrados &#8211; los trabajadores y trabajadoras, cada territorio y la regi\u00f3n en su conjunto &#8211; se beneficiar\u00edan de la eliminaci\u00f3n del flagelo que constituye el uso de mano de obra subcontratada.<\/p><p>Refiri\u00e9ndose a este grave problema, Jyrki Raina, Secretario General de IndustriALL, afirm\u00f3 lo siguiente:<\/p><p>&ldquo;Por su naturaleza, la subcontrataci\u00f3n laboral socava la seguridad laboral de los trabajadores, lo que los hace vulnerables. Esto no es s\u00f3lo en el lugar de trabajo: tambi\u00e9n afecta la vida personal, restringiendo sus opciones para su desarrollo. Mayor seguridad en el empleo dar\u00eda lugar a mayor motivaci\u00f3n y productividad de la fuerza de trabajo, constituyendo de esta manera las bases para mayor crecimiento y desarrollo.<\/p><p>&ldquo;El proceso de transici\u00f3n para reemplazar la subcontrataci\u00f3n laboral por trabajos decentes y empleo sostenible no debe ser implementado unilateralmente por los gobiernos de la regi\u00f3n, sino que debe ser ejecutado a trav\u00e9s de un proceso de di\u00e1logo y colaboraci\u00f3n con el movimiento sindical. Los sindicatos de la regi\u00f3n esperan con gran inter\u00e9s trabajar con sus respectivos gobiernos para lograr este objetivo&rdquo;.<\/p>","protected":false},"featured_media":0,"template":"","issues":[415],"companies":[],"regions":[254],"sectors":[],"article_tags":[],"class_list":["post-168344","article","type-article","status-publish","hentry","issues-stop-precarious-work","regions-latin-america-and-the-caribbean"],"acf":[],"yoast_head":"<!-- This site is optimized with the Yoast SEO Premium plugin v27.1 (Yoast SEO v27.1) - https:\/\/yoast.com\/product\/yoast-seo-premium-wordpress\/ -->\n<title>Sindicatos del Caribe se unen para pedir a sus respectivos gobiernos combatir la subcontrataci\u00f3n laboral - industriall-union<\/title>\n<meta name=\"description\" content=\"Los sindicatos de Antigua y Barbuda, Barbados, Surinam, Santa Luc\u00eda, y Trinidad y Tobago entregar\u00e1n una carta de IndustriALL Global Union dirigida a sus\" \/>\n<meta name=\"robots\" content=\"index, follow, max-snippet:-1, max-image-preview:large, max-video-preview:-1\" \/>\n<link rel=\"canonical\" href=\"https:\/\/admin.industriall-union.org\/es\/sindicatos-del-caribe-se-unen-para-pedir-a-sus-respectivos-gobiernos-combatir-la-subcontratacion-laboral\/\" \/>\n<meta property=\"og:locale\" content=\"es_ES\" \/>\n<meta property=\"og:type\" content=\"article\" \/>\n<meta property=\"og:title\" content=\"Sindicatos del Caribe se unen para pedir a sus respectivos gobiernos combatir la subcontrataci\u00f3n laboral\" \/>\n<meta property=\"og:description\" content=\"Los sindicatos de Antigua y Barbuda, Barbados, Surinam, Santa Luc\u00eda, y Trinidad y Tobago entregar\u00e1n una carta de IndustriALL Global Union dirigida a sus\" \/>\n<meta property=\"og:url\" content=\"https:\/\/admin.industriall-union.org\/es\/sindicatos-del-caribe-se-unen-para-pedir-a-sus-respectivos-gobiernos-combatir-la-subcontratacion-laboral\/\" \/>\n<meta property=\"og:site_name\" content=\"industriall-union\" \/>\n<meta property=\"article:modified_time\" content=\"2025-02-07T07:19:11+00:00\" \/>\n<meta name=\"twitter:card\" content=\"summary_large_image\" \/>\n<meta name=\"twitter:label1\" content=\"Est. reading time\" \/>\n\t<meta name=\"twitter:data1\" content=\"2 minutes\" \/>\n<script type=\"application\/ld+json\" class=\"yoast-schema-graph\">{\"@context\":\"https:\/\/schema.org\",\"@graph\":[{\"@type\":\"WebPage\",\"@id\":\"https:\/\/admin.industriall-union.org\/es\/sindicatos-del-caribe-se-unen-para-pedir-a-sus-respectivos-gobiernos-combatir-la-subcontratacion-laboral\/\",\"url\":\"https:\/\/admin.industriall-union.org\/es\/sindicatos-del-caribe-se-unen-para-pedir-a-sus-respectivos-gobiernos-combatir-la-subcontratacion-laboral\/\",\"name\":\"Sindicatos del Caribe se unen para pedir a sus respectivos gobiernos combatir la subcontrataci\u00f3n laboral - industriall-union\",\"isPartOf\":{\"@id\":\"https:\/\/admin.industriall-union.org\/#website\"},\"datePublished\":\"2015-12-11T07:07:38+00:00\",\"dateModified\":\"2025-02-07T07:19:11+00:00\",\"description\":\"Los sindicatos de Antigua y Barbuda, Barbados, Surinam, Santa Luc\u00eda, y Trinidad y Tobago entregar\u00e1n una carta de IndustriALL Global Union dirigida a sus\",\"breadcrumb\":{\"@id\":\"https:\/\/admin.industriall-union.org\/es\/sindicatos-del-caribe-se-unen-para-pedir-a-sus-respectivos-gobiernos-combatir-la-subcontratacion-laboral\/#breadcrumb\"},\"inLanguage\":\"es-ES\",\"potentialAction\":[{\"@type\":\"ReadAction\",\"target\":[\"https:\/\/admin.industriall-union.org\/es\/sindicatos-del-caribe-se-unen-para-pedir-a-sus-respectivos-gobiernos-combatir-la-subcontratacion-laboral\/\"]}]},{\"@type\":\"BreadcrumbList\",\"@id\":\"https:\/\/admin.industriall-union.org\/es\/sindicatos-del-caribe-se-unen-para-pedir-a-sus-respectivos-gobiernos-combatir-la-subcontratacion-laboral\/#breadcrumb\",\"itemListElement\":[{\"@type\":\"ListItem\",\"position\":1,\"name\":\"Home\",\"item\":\"https:\/\/admin.industriall-union.org\/\"},{\"@type\":\"ListItem\",\"position\":2,\"name\":\"Articles\",\"item\":\"https:\/\/admin.industriall-union.org\/article\/\"},{\"@type\":\"ListItem\",\"position\":3,\"name\":\"Sindicatos del Caribe se unen para pedir a sus respectivos gobiernos combatir la subcontrataci\u00f3n laboral\"}]},{\"@type\":\"WebSite\",\"@id\":\"https:\/\/admin.industriall-union.org\/#website\",\"url\":\"https:\/\/admin.industriall-union.org\/\",\"name\":\"industriall-union\",\"description\":\"\",\"potentialAction\":[{\"@type\":\"SearchAction\",\"target\":{\"@type\":\"EntryPoint\",\"urlTemplate\":\"https:\/\/admin.industriall-union.org\/?s={search_term_string}\"},\"query-input\":{\"@type\":\"PropertyValueSpecification\",\"valueRequired\":true,\"valueName\":\"search_term_string\"}}],\"inLanguage\":\"es-ES\"}]}<\/script>\n<!-- \/ Yoast SEO Premium plugin. -->","yoast_head_json":{"title":"Sindicatos del Caribe se unen para pedir a sus respectivos gobiernos combatir la subcontrataci\u00f3n laboral - industriall-union","description":"Los sindicatos de Antigua y Barbuda, Barbados, Surinam, Santa Luc\u00eda, y Trinidad y Tobago entregar\u00e1n una carta de IndustriALL Global Union dirigida a sus","robots":{"index":"index","follow":"follow","max-snippet":"max-snippet:-1","max-image-preview":"max-image-preview:large","max-video-preview":"max-video-preview:-1"},"canonical":"https:\/\/admin.industriall-union.org\/es\/sindicatos-del-caribe-se-unen-para-pedir-a-sus-respectivos-gobiernos-combatir-la-subcontratacion-laboral\/","og_locale":"es_ES","og_type":"article","og_title":"Sindicatos del Caribe se unen para pedir a sus respectivos gobiernos combatir la subcontrataci\u00f3n laboral","og_description":"Los sindicatos de Antigua y Barbuda, Barbados, Surinam, Santa Luc\u00eda, y Trinidad y Tobago entregar\u00e1n una carta de IndustriALL Global Union dirigida a sus","og_url":"https:\/\/admin.industriall-union.org\/es\/sindicatos-del-caribe-se-unen-para-pedir-a-sus-respectivos-gobiernos-combatir-la-subcontratacion-laboral\/","og_site_name":"industriall-union","article_modified_time":"2025-02-07T07:19:11+00:00","twitter_card":"summary_large_image","twitter_misc":{"Est. reading time":"2 minutes"},"schema":{"@context":"https:\/\/schema.org","@graph":[{"@type":"WebPage","@id":"https:\/\/admin.industriall-union.org\/es\/sindicatos-del-caribe-se-unen-para-pedir-a-sus-respectivos-gobiernos-combatir-la-subcontratacion-laboral\/","url":"https:\/\/admin.industriall-union.org\/es\/sindicatos-del-caribe-se-unen-para-pedir-a-sus-respectivos-gobiernos-combatir-la-subcontratacion-laboral\/","name":"Sindicatos del Caribe se unen para pedir a sus respectivos gobiernos combatir la subcontrataci\u00f3n laboral - industriall-union","isPartOf":{"@id":"https:\/\/admin.industriall-union.org\/#website"},"datePublished":"2015-12-11T07:07:38+00:00","dateModified":"2025-02-07T07:19:11+00:00","description":"Los sindicatos de Antigua y Barbuda, Barbados, Surinam, Santa Luc\u00eda, y Trinidad y Tobago entregar\u00e1n una carta de IndustriALL Global Union dirigida a sus","breadcrumb":{"@id":"https:\/\/admin.industriall-union.org\/es\/sindicatos-del-caribe-se-unen-para-pedir-a-sus-respectivos-gobiernos-combatir-la-subcontratacion-laboral\/#breadcrumb"},"inLanguage":"es-ES","potentialAction":[{"@type":"ReadAction","target":["https:\/\/admin.industriall-union.org\/es\/sindicatos-del-caribe-se-unen-para-pedir-a-sus-respectivos-gobiernos-combatir-la-subcontratacion-laboral\/"]}]},{"@type":"BreadcrumbList","@id":"https:\/\/admin.industriall-union.org\/es\/sindicatos-del-caribe-se-unen-para-pedir-a-sus-respectivos-gobiernos-combatir-la-subcontratacion-laboral\/#breadcrumb","itemListElement":[{"@type":"ListItem","position":1,"name":"Home","item":"https:\/\/admin.industriall-union.org\/"},{"@type":"ListItem","position":2,"name":"Articles","item":"https:\/\/admin.industriall-union.org\/article\/"},{"@type":"ListItem","position":3,"name":"Sindicatos del Caribe se unen para pedir a sus respectivos gobiernos combatir la subcontrataci\u00f3n laboral"}]},{"@type":"WebSite","@id":"https:\/\/admin.industriall-union.org\/#website","url":"https:\/\/admin.industriall-union.org\/","name":"industriall-union","description":"","potentialAction":[{"@type":"SearchAction","target":{"@type":"EntryPoint","urlTemplate":"https:\/\/admin.industriall-union.org\/?s={search_term_string}"},"query-input":{"@type":"PropertyValueSpecification","valueRequired":true,"valueName":"search_term_string"}}],"inLanguage":"es-ES"}]}},"_links":{"self":[{"href":"https:\/\/admin.industriall-union.org\/es\/wp-json\/wp\/v2\/article\/168344","targetHints":{"allow":["GET"]}}],"collection":[{"href":"https:\/\/admin.industriall-union.org\/es\/wp-json\/wp\/v2\/article"}],"about":[{"href":"https:\/\/admin.industriall-union.org\/es\/wp-json\/wp\/v2\/types\/article"}],"wp:attachment":[{"href":"https:\/\/admin.industriall-union.org\/es\/wp-json\/wp\/v2\/media?parent=168344"}],"wp:term":[{"taxonomy":"issues","embeddable":true,"href":"https:\/\/admin.industriall-union.org\/es\/wp-json\/wp\/v2\/issues?post=168344"},{"taxonomy":"companies","embeddable":true,"href":"https:\/\/admin.industriall-union.org\/es\/wp-json\/wp\/v2\/companies?post=168344"},{"taxonomy":"regions","embeddable":true,"href":"https:\/\/admin.industriall-union.org\/es\/wp-json\/wp\/v2\/regions?post=168344"},{"taxonomy":"sectors","embeddable":true,"href":"https:\/\/admin.industriall-union.org\/es\/wp-json\/wp\/v2\/sectors?post=168344"},{"taxonomy":"article_tags","embeddable":true,"href":"https:\/\/admin.industriall-union.org\/es\/wp-json\/wp\/v2\/article_tags?post=168344"}],"curies":[{"name":"wp","href":"https:\/\/api.w.org\/{rel}","templated":true}]}}