{"id":168324,"date":"2015-12-17T15:35:30","date_gmt":"2015-12-17T15:35:30","guid":{"rendered":"https:\/\/admin.industriall-union.org\/se-establece-alianza-sindical-en-smurfit-kappa\/"},"modified":"2025-02-07T07:11:28","modified_gmt":"2025-02-07T07:11:28","slug":"se-establece-alianza-sindical-en-smurfit-kappa","status":"publish","type":"article","link":"https:\/\/admin.industriall-union.org\/es\/se-establece-alianza-sindical-en-smurfit-kappa\/","title":{"rendered":"Se establece alianza sindical en Smurfit Kappa"},"content":{"rendered":"<p>Reunidos en Varsovia, Polonia, del 13 al 14 de diciembre, los sindicatos afiliados a UNI Europa, UNI Global e IndustriALL Global Union de 10 pa\u00edses intercambiaron informaci\u00f3n e ideas sobre su experiencia y las estrategias que han venido aplicando. Smurfit Kappa emplea a unos 40.000 trabajadores en todo el mundo y est\u00e1 en constante y agresivo crecimiento.<\/p><p>Las condiciones de trabajo var\u00edan de un pa\u00eds a otro, desde las condiciones bastante buenas que existen en Suecia y Dinamarca, hasta mala conducta del sector patronal en Colombia, donde la empresa aplica &#039;Pactos Colectivos&#039; para ofrecer salarios m\u00e1s altos a aquellos trabajadores que renuncian al sindicato.<\/p><p>En Polonia, la ZZP, organizaci\u00f3n afiliada a UNI, ha establecido sindicatos en las cinco plantas de Smurfit Kappa del pa\u00eds. Aunque el sindicato est\u00e1 creciendo y progresando al establecer un buen di\u00e1logo con la empresa, los trabajadores todav\u00eda se quejan de las horas muy flexibles, de la distribuci\u00f3n punitiva del sobretiempo y discriminaci\u00f3n de g\u00e9nero.<\/p><p>Mientras estuvieron reunidos en Varsovia, el grupo de sindicatos solicit\u00f3 reunirse con la administraci\u00f3n de Smurfit Kappa en Polonia, y realizar una visita a una planta de la empresa. Sin embargo, la empresa se neg\u00f3 a conceder esa solicitud. Luego, IndustriALL y UNI enviaron a la compa\u00f1\u00eda una <a href=\"\/wp-content\/uploads\/documents\/letter_to_sk_management_december_2015.pdf\">carta conjunta<\/a>&nbsp;que dec\u00eda:<\/p><p>&ldquo;En nombre de todos los sindicatos que asistieron a la reuni\u00f3n de Varsovia, por lo tanto, le volvemos a instar en\u00e9rgicamente que establezca un di\u00e1logo con la Alianza Sindical de Trabajadores de Smurfit Kappa&rdquo;.<\/p><p>Por su parte, Simon Dubbins, Presidente de la secci\u00f3n gr\u00e1fica de UNI Europa, dijo en la reuni\u00f3n:<\/p><p>&ldquo;Como sindicatos que representan a este sector industrial, hemos establecido 55 Comit\u00e9s de Empresa Europeos de las 70 empresas involucradas. Utilizamos todas estas plataformas para el intercambio de informaci\u00f3n sindical, sin embargo Smurfit Kappa es parte vital para el di\u00e1logo, ya que establece las normas para el sector&rdquo;.<\/p><p>Por otro lado, Kemal \u00d6zkan, Secretario General Adjunto de IndustriALL Global Union, dijo lo siguiente:<\/p><blockquote><p>&ldquo;Las familias sindicales de IndustriALL y UNI creen firmemente en la importancia de las redes sindicales dentro de las empresas clave. Juntos vamos a exigir que Smurfit Kappa establezca un di\u00e1logo con sus trabajadores, y que los respete en todo el mundo&rdquo;.<\/p><\/blockquote>","protected":false},"featured_media":0,"template":"","issues":[409],"companies":[126],"regions":[],"sectors":[474],"article_tags":[],"class_list":["post-168324","article","type-article","status-publish","hentry","issues-multinational-companies-mncs","companies-smurfit-kappa","sectors-pulp-and-paper"],"acf":[],"yoast_head":"<!-- This site is optimized with the Yoast SEO Premium plugin v27.1 (Yoast SEO v27.1) - https:\/\/yoast.com\/product\/yoast-seo-premium-wordpress\/ -->\n<title>Se establece alianza sindical en Smurfit Kappa - industriall-union<\/title>\n<meta name=\"description\" content=\"Reunidos en Varsovia, Polonia, del 13 al 14 de diciembre, los sindicatos afiliados a UNI Europa, UNI Global e IndustriALL Global Union de 10 pa\u00edses\" \/>\n<meta name=\"robots\" content=\"index, follow, max-snippet:-1, max-image-preview:large, max-video-preview:-1\" \/>\n<link rel=\"canonical\" href=\"https:\/\/admin.industriall-union.org\/es\/se-establece-alianza-sindical-en-smurfit-kappa\/\" \/>\n<meta property=\"og:locale\" content=\"es_ES\" \/>\n<meta property=\"og:type\" content=\"article\" \/>\n<meta property=\"og:title\" content=\"Se establece alianza sindical en Smurfit Kappa\" \/>\n<meta property=\"og:description\" content=\"Reunidos en Varsovia, Polonia, del 13 al 14 de diciembre, los sindicatos afiliados a UNI Europa, UNI Global e IndustriALL Global Union de 10 pa\u00edses\" \/>\n<meta property=\"og:url\" content=\"https:\/\/admin.industriall-union.org\/es\/se-establece-alianza-sindical-en-smurfit-kappa\/\" \/>\n<meta property=\"og:site_name\" content=\"industriall-union\" \/>\n<meta property=\"article:modified_time\" content=\"2025-02-07T07:11:28+00:00\" \/>\n<meta name=\"twitter:card\" content=\"summary_large_image\" \/>\n<meta name=\"twitter:label1\" content=\"Est. reading time\" \/>\n\t<meta name=\"twitter:data1\" content=\"2 minutes\" \/>\n<script type=\"application\/ld+json\" class=\"yoast-schema-graph\">{\"@context\":\"https:\/\/schema.org\",\"@graph\":[{\"@type\":\"WebPage\",\"@id\":\"https:\/\/admin.industriall-union.org\/es\/se-establece-alianza-sindical-en-smurfit-kappa\/\",\"url\":\"https:\/\/admin.industriall-union.org\/es\/se-establece-alianza-sindical-en-smurfit-kappa\/\",\"name\":\"Se establece alianza sindical en Smurfit Kappa - industriall-union\",\"isPartOf\":{\"@id\":\"https:\/\/admin.industriall-union.org\/#website\"},\"datePublished\":\"2015-12-17T15:35:30+00:00\",\"dateModified\":\"2025-02-07T07:11:28+00:00\",\"description\":\"Reunidos en Varsovia, Polonia, del 13 al 14 de diciembre, los sindicatos afiliados a UNI Europa, UNI Global e IndustriALL Global Union de 10 pa\u00edses\",\"breadcrumb\":{\"@id\":\"https:\/\/admin.industriall-union.org\/es\/se-establece-alianza-sindical-en-smurfit-kappa\/#breadcrumb\"},\"inLanguage\":\"es-ES\",\"potentialAction\":[{\"@type\":\"ReadAction\",\"target\":[\"https:\/\/admin.industriall-union.org\/es\/se-establece-alianza-sindical-en-smurfit-kappa\/\"]}]},{\"@type\":\"BreadcrumbList\",\"@id\":\"https:\/\/admin.industriall-union.org\/es\/se-establece-alianza-sindical-en-smurfit-kappa\/#breadcrumb\",\"itemListElement\":[{\"@type\":\"ListItem\",\"position\":1,\"name\":\"Home\",\"item\":\"https:\/\/admin.industriall-union.org\/\"},{\"@type\":\"ListItem\",\"position\":2,\"name\":\"Articles\",\"item\":\"https:\/\/admin.industriall-union.org\/article\/\"},{\"@type\":\"ListItem\",\"position\":3,\"name\":\"Se establece alianza sindical en Smurfit Kappa\"}]},{\"@type\":\"WebSite\",\"@id\":\"https:\/\/admin.industriall-union.org\/#website\",\"url\":\"https:\/\/admin.industriall-union.org\/\",\"name\":\"industriall-union\",\"description\":\"\",\"potentialAction\":[{\"@type\":\"SearchAction\",\"target\":{\"@type\":\"EntryPoint\",\"urlTemplate\":\"https:\/\/admin.industriall-union.org\/?s={search_term_string}\"},\"query-input\":{\"@type\":\"PropertyValueSpecification\",\"valueRequired\":true,\"valueName\":\"search_term_string\"}}],\"inLanguage\":\"es-ES\"}]}<\/script>\n<!-- \/ Yoast SEO Premium plugin. -->","yoast_head_json":{"title":"Se establece alianza sindical en Smurfit Kappa - industriall-union","description":"Reunidos en Varsovia, Polonia, del 13 al 14 de diciembre, los sindicatos afiliados a UNI Europa, UNI Global e IndustriALL Global Union de 10 pa\u00edses","robots":{"index":"index","follow":"follow","max-snippet":"max-snippet:-1","max-image-preview":"max-image-preview:large","max-video-preview":"max-video-preview:-1"},"canonical":"https:\/\/admin.industriall-union.org\/es\/se-establece-alianza-sindical-en-smurfit-kappa\/","og_locale":"es_ES","og_type":"article","og_title":"Se establece alianza sindical en Smurfit Kappa","og_description":"Reunidos en Varsovia, Polonia, del 13 al 14 de diciembre, los sindicatos afiliados a UNI Europa, UNI Global e IndustriALL Global Union de 10 pa\u00edses","og_url":"https:\/\/admin.industriall-union.org\/es\/se-establece-alianza-sindical-en-smurfit-kappa\/","og_site_name":"industriall-union","article_modified_time":"2025-02-07T07:11:28+00:00","twitter_card":"summary_large_image","twitter_misc":{"Est. reading time":"2 minutes"},"schema":{"@context":"https:\/\/schema.org","@graph":[{"@type":"WebPage","@id":"https:\/\/admin.industriall-union.org\/es\/se-establece-alianza-sindical-en-smurfit-kappa\/","url":"https:\/\/admin.industriall-union.org\/es\/se-establece-alianza-sindical-en-smurfit-kappa\/","name":"Se establece alianza sindical en Smurfit Kappa - industriall-union","isPartOf":{"@id":"https:\/\/admin.industriall-union.org\/#website"},"datePublished":"2015-12-17T15:35:30+00:00","dateModified":"2025-02-07T07:11:28+00:00","description":"Reunidos en Varsovia, Polonia, del 13 al 14 de diciembre, los sindicatos afiliados a UNI Europa, UNI Global e IndustriALL Global Union de 10 pa\u00edses","breadcrumb":{"@id":"https:\/\/admin.industriall-union.org\/es\/se-establece-alianza-sindical-en-smurfit-kappa\/#breadcrumb"},"inLanguage":"es-ES","potentialAction":[{"@type":"ReadAction","target":["https:\/\/admin.industriall-union.org\/es\/se-establece-alianza-sindical-en-smurfit-kappa\/"]}]},{"@type":"BreadcrumbList","@id":"https:\/\/admin.industriall-union.org\/es\/se-establece-alianza-sindical-en-smurfit-kappa\/#breadcrumb","itemListElement":[{"@type":"ListItem","position":1,"name":"Home","item":"https:\/\/admin.industriall-union.org\/"},{"@type":"ListItem","position":2,"name":"Articles","item":"https:\/\/admin.industriall-union.org\/article\/"},{"@type":"ListItem","position":3,"name":"Se establece alianza sindical en Smurfit Kappa"}]},{"@type":"WebSite","@id":"https:\/\/admin.industriall-union.org\/#website","url":"https:\/\/admin.industriall-union.org\/","name":"industriall-union","description":"","potentialAction":[{"@type":"SearchAction","target":{"@type":"EntryPoint","urlTemplate":"https:\/\/admin.industriall-union.org\/?s={search_term_string}"},"query-input":{"@type":"PropertyValueSpecification","valueRequired":true,"valueName":"search_term_string"}}],"inLanguage":"es-ES"}]}},"_links":{"self":[{"href":"https:\/\/admin.industriall-union.org\/es\/wp-json\/wp\/v2\/article\/168324","targetHints":{"allow":["GET"]}}],"collection":[{"href":"https:\/\/admin.industriall-union.org\/es\/wp-json\/wp\/v2\/article"}],"about":[{"href":"https:\/\/admin.industriall-union.org\/es\/wp-json\/wp\/v2\/types\/article"}],"wp:attachment":[{"href":"https:\/\/admin.industriall-union.org\/es\/wp-json\/wp\/v2\/media?parent=168324"}],"wp:term":[{"taxonomy":"issues","embeddable":true,"href":"https:\/\/admin.industriall-union.org\/es\/wp-json\/wp\/v2\/issues?post=168324"},{"taxonomy":"companies","embeddable":true,"href":"https:\/\/admin.industriall-union.org\/es\/wp-json\/wp\/v2\/companies?post=168324"},{"taxonomy":"regions","embeddable":true,"href":"https:\/\/admin.industriall-union.org\/es\/wp-json\/wp\/v2\/regions?post=168324"},{"taxonomy":"sectors","embeddable":true,"href":"https:\/\/admin.industriall-union.org\/es\/wp-json\/wp\/v2\/sectors?post=168324"},{"taxonomy":"article_tags","embeddable":true,"href":"https:\/\/admin.industriall-union.org\/es\/wp-json\/wp\/v2\/article_tags?post=168324"}],"curies":[{"name":"wp","href":"https:\/\/api.w.org\/{rel}","templated":true}]}}