{"id":168252,"date":"2016-01-07T13:28:22","date_gmt":"2016-01-07T13:28:22","guid":{"rendered":"https:\/\/admin.industriall-union.org\/la-industriall-condena-la-represion-contra-sindicalistas-tailandeses\/"},"modified":"2025-02-07T06:44:19","modified_gmt":"2025-02-07T06:44:19","slug":"la-industriall-condena-la-represion-contra-sindicalistas-tailandeses","status":"publish","type":"article","link":"https:\/\/admin.industriall-union.org\/es\/la-industriall-condena-la-represion-contra-sindicalistas-tailandeses\/","title":{"rendered":"La IndustriALL condena la represi\u00f3n contra sindicalistas tailandeses"},"content":{"rendered":"<p>Esto ocurri\u00f3 despu\u00e9s de que 500 trabajadores despedidos en el proveedor de partes de autom\u00f3viles japon\u00e9s Sanko Gosei se manifestaran ante el Ministerio de Trabajo el 6 de enero.<\/p><p>A las 19 horas se utilizaron tres unidades de polic\u00eda fuerzas militares para dispersar a los manifestantes, que pensaban pasar la noche all\u00ed. Poco despu\u00e9s, dos l\u00edderes sindicales, Chalee Loysoong, vicepresidente del Comit\u00e9 de Solidaridad Laboral de Tailandia (TLSC) y Amorndech Srimuang, presidente del Sindicato de Trabajadores de Sanko Gosei, que est\u00e1 afiliado a la IndustriALL a trav\u00e9s de la TEAM, fueron interrogados por las autoridades.<\/p><p>Durante ese tiempo, sus tel\u00e9fonos y sus tarjetas de identificaci\u00f3n fueron confiscados temporalmente, y estuvieron vigilados permanentemente, incluso para ir al ba\u00f1o<\/p><p>Los l\u00edderes sindicales hab\u00edan participado en las negociaciones de mediaci\u00f3n con Sanko Gosei y el Ministerio de Trabajo durante el d\u00eda, mientras la manifestaci\u00f3n ten\u00eda lugar en el exterior.<\/p><p>&ldquo;Estamos muy preocupados por que el Gobierno utilice la Ley de reuni\u00f3n p\u00fablica para limitar los leg\u00edtimos derechos de los trabajadores a reunirse pac\u00edficamente&rdquo;, dijo Jyrki Raina, secretario general de la IndustriALL. &ldquo;Esto es contrario a todas las disposiciones y normas internacionales.&rdquo;<\/p><p>Con arreglo a la Ley de reuni\u00f3n p\u00fablica se puede imponer una pena de hasta diez a\u00f1os de prisi\u00f3n por perturbaci\u00f3n o desorden de servicios p\u00fablicos.<\/p><p>&ldquo;La represi\u00f3n es particularmente inquietantes, si se tiene en cuenta nuestra positiva <a href=\"http:\/\/www.industriall-union.org\/es\/el-gobierno-tailandes-se-reune-con-la-industriall-a-raiz-de-la-queja-ante-la-oit\">reuni\u00f3n de diciembre<\/a>, en la que la secretaria permanente del Ministerio de Trabajo dijo que el Gobierno compart\u00eda la voluntad de la IndustriALL de proteger los derechos de los trabajadores&rdquo;, agreg\u00f3 Raina.<\/p><p>En octubre de 2015, la IndustriALL <a href=\"http:\/\/www.industriall-union.org\/es\/industriall-denuncia-al-gobierno-de-tailandia-ante-la-oit\">present\u00f3 una queja oficial<\/a> ante la Organizaci\u00f3n Internacional del Trabajo contra el Gobierno de Tailandia por grave violaci\u00f3n de los derechos sindicales.<\/p><p>M\u00e1s de 600 trabajadores de Sanko Gosei, todos ellos miembros sindicales, han sido despedidos tras fracasar las negociaciones sobre un nuevo convenio colectivo y primas. La empresa afirma que no es rentable. Entre tanto se ha contratado a trabajadores eventuales para sustituir a los trabajadores despedidos.<\/p><p>El Sindicato de Trabajadores de Sanko Gosei acusa a la empresa de utilizar el conflicto para reprimir al sindicato y sustituir a trabajadores permanentes por trabajadores contratados.<\/p><p>Seg\u00fan se informa, el ministro de Trabajo, general Sirichai Distakul, ha prometido asistir a la pr\u00f3xima reuni\u00f3n de mediaci\u00f3n entre el sindicato y la empresa.<\/p><p>Para m\u00e1s informaci\u00f3n, se ruega contactar a: Leonie Guguen, oficial de comunicaciones, IndustriALL Global Union &#8211; <a href=\"mailto:lguguen@industriall-union.org\">lguguen@industriall-union.org<\/a> o tel: +4179 137 5436.<\/p>","protected":false},"featured_media":0,"template":"","issues":[422,423],"companies":[],"regions":[191],"sectors":[482],"article_tags":[521],"class_list":["post-168252","article","type-article","status-publish","hentry","issues-human-trade-union-rights","issues-ilo-watch","regions-thailand","sectors-automotive","article_tags-press-release"],"acf":[],"yoast_head":"<!-- This site is optimized with the Yoast SEO Premium plugin v27.1 (Yoast SEO v27.1) - https:\/\/yoast.com\/product\/yoast-seo-premium-wordpress\/ -->\n<title>La IndustriALL condena la represi\u00f3n contra sindicalistas tailandeses - industriall-union<\/title>\n<meta name=\"description\" content=\"Esto ocurri\u00f3 despu\u00e9s de que 500 trabajadores despedidos en el proveedor de partes de autom\u00f3viles japon\u00e9s Sanko Gosei se manifestaran ante el Ministerio de\" \/>\n<meta name=\"robots\" content=\"index, follow, max-snippet:-1, max-image-preview:large, max-video-preview:-1\" \/>\n<link rel=\"canonical\" href=\"https:\/\/admin.industriall-union.org\/es\/la-industriall-condena-la-represion-contra-sindicalistas-tailandeses\/\" \/>\n<meta property=\"og:locale\" content=\"es_ES\" \/>\n<meta property=\"og:type\" content=\"article\" \/>\n<meta property=\"og:title\" content=\"La IndustriALL condena la represi\u00f3n contra sindicalistas tailandeses\" \/>\n<meta property=\"og:description\" content=\"Esto ocurri\u00f3 despu\u00e9s de que 500 trabajadores despedidos en el proveedor de partes de autom\u00f3viles japon\u00e9s Sanko Gosei se manifestaran ante el Ministerio de\" \/>\n<meta property=\"og:url\" content=\"https:\/\/admin.industriall-union.org\/es\/la-industriall-condena-la-represion-contra-sindicalistas-tailandeses\/\" \/>\n<meta property=\"og:site_name\" content=\"industriall-union\" \/>\n<meta property=\"article:modified_time\" content=\"2025-02-07T06:44:19+00:00\" \/>\n<meta name=\"twitter:card\" content=\"summary_large_image\" \/>\n<meta name=\"twitter:label1\" content=\"Est. reading time\" \/>\n\t<meta name=\"twitter:data1\" content=\"2 minutes\" \/>\n<script type=\"application\/ld+json\" class=\"yoast-schema-graph\">{\"@context\":\"https:\/\/schema.org\",\"@graph\":[{\"@type\":\"WebPage\",\"@id\":\"https:\/\/admin.industriall-union.org\/es\/la-industriall-condena-la-represion-contra-sindicalistas-tailandeses\/\",\"url\":\"https:\/\/admin.industriall-union.org\/es\/la-industriall-condena-la-represion-contra-sindicalistas-tailandeses\/\",\"name\":\"La IndustriALL condena la represi\u00f3n contra sindicalistas tailandeses - industriall-union\",\"isPartOf\":{\"@id\":\"https:\/\/admin.industriall-union.org\/#website\"},\"datePublished\":\"2016-01-07T13:28:22+00:00\",\"dateModified\":\"2025-02-07T06:44:19+00:00\",\"description\":\"Esto ocurri\u00f3 despu\u00e9s de que 500 trabajadores despedidos en el proveedor de partes de autom\u00f3viles japon\u00e9s Sanko Gosei se manifestaran ante el Ministerio de\",\"breadcrumb\":{\"@id\":\"https:\/\/admin.industriall-union.org\/es\/la-industriall-condena-la-represion-contra-sindicalistas-tailandeses\/#breadcrumb\"},\"inLanguage\":\"es-ES\",\"potentialAction\":[{\"@type\":\"ReadAction\",\"target\":[\"https:\/\/admin.industriall-union.org\/es\/la-industriall-condena-la-represion-contra-sindicalistas-tailandeses\/\"]}]},{\"@type\":\"BreadcrumbList\",\"@id\":\"https:\/\/admin.industriall-union.org\/es\/la-industriall-condena-la-represion-contra-sindicalistas-tailandeses\/#breadcrumb\",\"itemListElement\":[{\"@type\":\"ListItem\",\"position\":1,\"name\":\"Home\",\"item\":\"https:\/\/admin.industriall-union.org\/\"},{\"@type\":\"ListItem\",\"position\":2,\"name\":\"Articles\",\"item\":\"https:\/\/admin.industriall-union.org\/article\/\"},{\"@type\":\"ListItem\",\"position\":3,\"name\":\"La IndustriALL condena la represi\u00f3n contra sindicalistas tailandeses\"}]},{\"@type\":\"WebSite\",\"@id\":\"https:\/\/admin.industriall-union.org\/#website\",\"url\":\"https:\/\/admin.industriall-union.org\/\",\"name\":\"industriall-union\",\"description\":\"\",\"potentialAction\":[{\"@type\":\"SearchAction\",\"target\":{\"@type\":\"EntryPoint\",\"urlTemplate\":\"https:\/\/admin.industriall-union.org\/?s={search_term_string}\"},\"query-input\":{\"@type\":\"PropertyValueSpecification\",\"valueRequired\":true,\"valueName\":\"search_term_string\"}}],\"inLanguage\":\"es-ES\"}]}<\/script>\n<!-- \/ Yoast SEO Premium plugin. -->","yoast_head_json":{"title":"La IndustriALL condena la represi\u00f3n contra sindicalistas tailandeses - industriall-union","description":"Esto ocurri\u00f3 despu\u00e9s de que 500 trabajadores despedidos en el proveedor de partes de autom\u00f3viles japon\u00e9s Sanko Gosei se manifestaran ante el Ministerio de","robots":{"index":"index","follow":"follow","max-snippet":"max-snippet:-1","max-image-preview":"max-image-preview:large","max-video-preview":"max-video-preview:-1"},"canonical":"https:\/\/admin.industriall-union.org\/es\/la-industriall-condena-la-represion-contra-sindicalistas-tailandeses\/","og_locale":"es_ES","og_type":"article","og_title":"La IndustriALL condena la represi\u00f3n contra sindicalistas tailandeses","og_description":"Esto ocurri\u00f3 despu\u00e9s de que 500 trabajadores despedidos en el proveedor de partes de autom\u00f3viles japon\u00e9s Sanko Gosei se manifestaran ante el Ministerio de","og_url":"https:\/\/admin.industriall-union.org\/es\/la-industriall-condena-la-represion-contra-sindicalistas-tailandeses\/","og_site_name":"industriall-union","article_modified_time":"2025-02-07T06:44:19+00:00","twitter_card":"summary_large_image","twitter_misc":{"Est. reading time":"2 minutes"},"schema":{"@context":"https:\/\/schema.org","@graph":[{"@type":"WebPage","@id":"https:\/\/admin.industriall-union.org\/es\/la-industriall-condena-la-represion-contra-sindicalistas-tailandeses\/","url":"https:\/\/admin.industriall-union.org\/es\/la-industriall-condena-la-represion-contra-sindicalistas-tailandeses\/","name":"La IndustriALL condena la represi\u00f3n contra sindicalistas tailandeses - industriall-union","isPartOf":{"@id":"https:\/\/admin.industriall-union.org\/#website"},"datePublished":"2016-01-07T13:28:22+00:00","dateModified":"2025-02-07T06:44:19+00:00","description":"Esto ocurri\u00f3 despu\u00e9s de que 500 trabajadores despedidos en el proveedor de partes de autom\u00f3viles japon\u00e9s Sanko Gosei se manifestaran ante el Ministerio de","breadcrumb":{"@id":"https:\/\/admin.industriall-union.org\/es\/la-industriall-condena-la-represion-contra-sindicalistas-tailandeses\/#breadcrumb"},"inLanguage":"es-ES","potentialAction":[{"@type":"ReadAction","target":["https:\/\/admin.industriall-union.org\/es\/la-industriall-condena-la-represion-contra-sindicalistas-tailandeses\/"]}]},{"@type":"BreadcrumbList","@id":"https:\/\/admin.industriall-union.org\/es\/la-industriall-condena-la-represion-contra-sindicalistas-tailandeses\/#breadcrumb","itemListElement":[{"@type":"ListItem","position":1,"name":"Home","item":"https:\/\/admin.industriall-union.org\/"},{"@type":"ListItem","position":2,"name":"Articles","item":"https:\/\/admin.industriall-union.org\/article\/"},{"@type":"ListItem","position":3,"name":"La IndustriALL condena la represi\u00f3n contra sindicalistas tailandeses"}]},{"@type":"WebSite","@id":"https:\/\/admin.industriall-union.org\/#website","url":"https:\/\/admin.industriall-union.org\/","name":"industriall-union","description":"","potentialAction":[{"@type":"SearchAction","target":{"@type":"EntryPoint","urlTemplate":"https:\/\/admin.industriall-union.org\/?s={search_term_string}"},"query-input":{"@type":"PropertyValueSpecification","valueRequired":true,"valueName":"search_term_string"}}],"inLanguage":"es-ES"}]}},"_links":{"self":[{"href":"https:\/\/admin.industriall-union.org\/es\/wp-json\/wp\/v2\/article\/168252","targetHints":{"allow":["GET"]}}],"collection":[{"href":"https:\/\/admin.industriall-union.org\/es\/wp-json\/wp\/v2\/article"}],"about":[{"href":"https:\/\/admin.industriall-union.org\/es\/wp-json\/wp\/v2\/types\/article"}],"wp:attachment":[{"href":"https:\/\/admin.industriall-union.org\/es\/wp-json\/wp\/v2\/media?parent=168252"}],"wp:term":[{"taxonomy":"issues","embeddable":true,"href":"https:\/\/admin.industriall-union.org\/es\/wp-json\/wp\/v2\/issues?post=168252"},{"taxonomy":"companies","embeddable":true,"href":"https:\/\/admin.industriall-union.org\/es\/wp-json\/wp\/v2\/companies?post=168252"},{"taxonomy":"regions","embeddable":true,"href":"https:\/\/admin.industriall-union.org\/es\/wp-json\/wp\/v2\/regions?post=168252"},{"taxonomy":"sectors","embeddable":true,"href":"https:\/\/admin.industriall-union.org\/es\/wp-json\/wp\/v2\/sectors?post=168252"},{"taxonomy":"article_tags","embeddable":true,"href":"https:\/\/admin.industriall-union.org\/es\/wp-json\/wp\/v2\/article_tags?post=168252"}],"curies":[{"name":"wp","href":"https:\/\/api.w.org\/{rel}","templated":true}]}}