{"id":168134,"date":"2016-02-03T11:06:28","date_gmt":"2016-02-03T11:06:28","guid":{"rendered":"https:\/\/admin.industriall-union.org\/industriall-exige-se-ponga-en-libertad-a-trabajadores-iranies\/"},"modified":"2025-02-07T06:13:22","modified_gmt":"2025-02-07T06:13:22","slug":"industriall-exige-se-ponga-en-libertad-a-trabajadores-iranies","status":"publish","type":"article","link":"https:\/\/admin.industriall-union.org\/es\/industriall-exige-se-ponga-en-libertad-a-trabajadores-iranies\/","title":{"rendered":"IndustriALL exige se ponga en libertad a trabajadores iran\u00edes"},"content":{"rendered":"<p>Los trabajadores de Khatton Abad Copper Mines fueron detenidos despu\u00e9s de haber participado en una manifestaci\u00f3n pac\u00edfica exigiendo la reincorporaci\u00f3n de 170 trabajadores subcontratados a quienes les hab\u00edan prometido puestos permanentes.<\/p><p>Seg\u00fan se sabe hasta el momento, se desconoce la suerte de estos trabajadores, que fueron detenidos hace ya una semana.<\/p><p>Khatton Abad Copper Mines, propiedad de la National Iranian Copper Industries Company, forma parte de un gran complejo industrial controlado por el Estado. <a href=\"\/wp-content\/uploads\/documents\/2016\/industriall_global_union_letter_to_iranian_president_rouhani_re_khatoon_abad_copper_mines_02-02-2016.pdf\">En una carta<\/a> dirigida al Presidente Hassan Rouhani de Ir\u00e1n, el Secretario General de IndustriALL, Jyrki Raina, dijo lo siguiente:<\/p><p>&ldquo;IndustriALL Global Union insta a su administraci\u00f3n para que ayude a que se ponga en libertad inmediata e incondicional a los 28 trabajadores. Adem\u00e1s, le pedimos que ordene a la National Iranian Industries Company, propietaria de Khatton Abad Copper Mines, para que reincorpore a los 170 trabajadores con contratos temporales, que recientemente fueron despedidos&rdquo;.<\/p><p>Muchos trabajadores de Khatton Abad llevan varios a\u00f1os con contratos temporales. Han obtenido resultados insignificantes sus intentos de lograr mayor seguridad en el empleo y mejores salarios.<\/p><p>&ldquo;Tambi\u00e9n es imprescindible que la National Iranian Industries Company conceda puestos permanentes a los trabajadores a contrata, tal como se hab\u00eda prometido. Los trabajadores no deber\u00edan estar sujetos a condiciones de trabajo precarias. Por lo tanto, hacemos un llamado al Gobierno de Ir\u00e1n para que haga cumplir los derechos fundamentales del trabajo en la empresa&rdquo;, agreg\u00f3 Raina, al dirigirse al l\u00edder de la Rep\u00fablica de Ir\u00e1n.<\/p><p>Los trabajadores de Ir\u00e1n, por ausencia de sindicatos, se hallan en condiciones vulnerables. Esto es consecuencia de la prohibici\u00f3n que existe en Ir\u00e1n de formar sindicatos.<\/p>","protected":false},"featured_media":0,"template":"","issues":[425],"companies":[],"regions":[292],"sectors":[494],"article_tags":[],"class_list":["post-168134","article","type-article","status-publish","hentry","issues-workers-rights","regions-iran","sectors-mining-and-dgojp"],"acf":[],"yoast_head":"<!-- This site is optimized with the Yoast SEO Premium plugin v27.1 (Yoast SEO v27.1) - https:\/\/yoast.com\/product\/yoast-seo-premium-wordpress\/ -->\n<title>IndustriALL exige se ponga en libertad a trabajadores iran\u00edes - industriall-union<\/title>\n<meta name=\"description\" content=\"Los trabajadores de Khatton Abad Copper Mines fueron detenidos despu\u00e9s de haber participado en una manifestaci\u00f3n pac\u00edfica exigiendo la reincorporaci\u00f3n de\" \/>\n<meta name=\"robots\" content=\"index, follow, max-snippet:-1, max-image-preview:large, max-video-preview:-1\" \/>\n<link rel=\"canonical\" href=\"https:\/\/admin.industriall-union.org\/es\/industriall-exige-se-ponga-en-libertad-a-trabajadores-iranies\/\" \/>\n<meta property=\"og:locale\" content=\"es_ES\" \/>\n<meta property=\"og:type\" content=\"article\" \/>\n<meta property=\"og:title\" content=\"IndustriALL exige se ponga en libertad a trabajadores iran\u00edes\" \/>\n<meta property=\"og:description\" content=\"Los trabajadores de Khatton Abad Copper Mines fueron detenidos despu\u00e9s de haber participado en una manifestaci\u00f3n pac\u00edfica exigiendo la reincorporaci\u00f3n de\" \/>\n<meta property=\"og:url\" content=\"https:\/\/admin.industriall-union.org\/es\/industriall-exige-se-ponga-en-libertad-a-trabajadores-iranies\/\" \/>\n<meta property=\"og:site_name\" content=\"industriall-union\" \/>\n<meta property=\"article:modified_time\" content=\"2025-02-07T06:13:22+00:00\" \/>\n<meta name=\"twitter:card\" content=\"summary_large_image\" \/>\n<meta name=\"twitter:label1\" content=\"Est. reading time\" \/>\n\t<meta name=\"twitter:data1\" content=\"1 minute\" \/>\n<script type=\"application\/ld+json\" class=\"yoast-schema-graph\">{\"@context\":\"https:\/\/schema.org\",\"@graph\":[{\"@type\":\"WebPage\",\"@id\":\"https:\/\/admin.industriall-union.org\/es\/industriall-exige-se-ponga-en-libertad-a-trabajadores-iranies\/\",\"url\":\"https:\/\/admin.industriall-union.org\/es\/industriall-exige-se-ponga-en-libertad-a-trabajadores-iranies\/\",\"name\":\"IndustriALL exige se ponga en libertad a trabajadores iran\u00edes - industriall-union\",\"isPartOf\":{\"@id\":\"https:\/\/admin.industriall-union.org\/#website\"},\"datePublished\":\"2016-02-03T11:06:28+00:00\",\"dateModified\":\"2025-02-07T06:13:22+00:00\",\"description\":\"Los trabajadores de Khatton Abad Copper Mines fueron detenidos despu\u00e9s de haber participado en una manifestaci\u00f3n pac\u00edfica exigiendo la reincorporaci\u00f3n de\",\"breadcrumb\":{\"@id\":\"https:\/\/admin.industriall-union.org\/es\/industriall-exige-se-ponga-en-libertad-a-trabajadores-iranies\/#breadcrumb\"},\"inLanguage\":\"es-ES\",\"potentialAction\":[{\"@type\":\"ReadAction\",\"target\":[\"https:\/\/admin.industriall-union.org\/es\/industriall-exige-se-ponga-en-libertad-a-trabajadores-iranies\/\"]}]},{\"@type\":\"BreadcrumbList\",\"@id\":\"https:\/\/admin.industriall-union.org\/es\/industriall-exige-se-ponga-en-libertad-a-trabajadores-iranies\/#breadcrumb\",\"itemListElement\":[{\"@type\":\"ListItem\",\"position\":1,\"name\":\"Home\",\"item\":\"https:\/\/admin.industriall-union.org\/\"},{\"@type\":\"ListItem\",\"position\":2,\"name\":\"Articles\",\"item\":\"https:\/\/admin.industriall-union.org\/article\/\"},{\"@type\":\"ListItem\",\"position\":3,\"name\":\"IndustriALL exige se ponga en libertad a trabajadores iran\u00edes\"}]},{\"@type\":\"WebSite\",\"@id\":\"https:\/\/admin.industriall-union.org\/#website\",\"url\":\"https:\/\/admin.industriall-union.org\/\",\"name\":\"industriall-union\",\"description\":\"\",\"potentialAction\":[{\"@type\":\"SearchAction\",\"target\":{\"@type\":\"EntryPoint\",\"urlTemplate\":\"https:\/\/admin.industriall-union.org\/?s={search_term_string}\"},\"query-input\":{\"@type\":\"PropertyValueSpecification\",\"valueRequired\":true,\"valueName\":\"search_term_string\"}}],\"inLanguage\":\"es-ES\"}]}<\/script>\n<!-- \/ Yoast SEO Premium plugin. -->","yoast_head_json":{"title":"IndustriALL exige se ponga en libertad a trabajadores iran\u00edes - industriall-union","description":"Los trabajadores de Khatton Abad Copper Mines fueron detenidos despu\u00e9s de haber participado en una manifestaci\u00f3n pac\u00edfica exigiendo la reincorporaci\u00f3n de","robots":{"index":"index","follow":"follow","max-snippet":"max-snippet:-1","max-image-preview":"max-image-preview:large","max-video-preview":"max-video-preview:-1"},"canonical":"https:\/\/admin.industriall-union.org\/es\/industriall-exige-se-ponga-en-libertad-a-trabajadores-iranies\/","og_locale":"es_ES","og_type":"article","og_title":"IndustriALL exige se ponga en libertad a trabajadores iran\u00edes","og_description":"Los trabajadores de Khatton Abad Copper Mines fueron detenidos despu\u00e9s de haber participado en una manifestaci\u00f3n pac\u00edfica exigiendo la reincorporaci\u00f3n de","og_url":"https:\/\/admin.industriall-union.org\/es\/industriall-exige-se-ponga-en-libertad-a-trabajadores-iranies\/","og_site_name":"industriall-union","article_modified_time":"2025-02-07T06:13:22+00:00","twitter_card":"summary_large_image","twitter_misc":{"Est. reading time":"1 minute"},"schema":{"@context":"https:\/\/schema.org","@graph":[{"@type":"WebPage","@id":"https:\/\/admin.industriall-union.org\/es\/industriall-exige-se-ponga-en-libertad-a-trabajadores-iranies\/","url":"https:\/\/admin.industriall-union.org\/es\/industriall-exige-se-ponga-en-libertad-a-trabajadores-iranies\/","name":"IndustriALL exige se ponga en libertad a trabajadores iran\u00edes - industriall-union","isPartOf":{"@id":"https:\/\/admin.industriall-union.org\/#website"},"datePublished":"2016-02-03T11:06:28+00:00","dateModified":"2025-02-07T06:13:22+00:00","description":"Los trabajadores de Khatton Abad Copper Mines fueron detenidos despu\u00e9s de haber participado en una manifestaci\u00f3n pac\u00edfica exigiendo la reincorporaci\u00f3n de","breadcrumb":{"@id":"https:\/\/admin.industriall-union.org\/es\/industriall-exige-se-ponga-en-libertad-a-trabajadores-iranies\/#breadcrumb"},"inLanguage":"es-ES","potentialAction":[{"@type":"ReadAction","target":["https:\/\/admin.industriall-union.org\/es\/industriall-exige-se-ponga-en-libertad-a-trabajadores-iranies\/"]}]},{"@type":"BreadcrumbList","@id":"https:\/\/admin.industriall-union.org\/es\/industriall-exige-se-ponga-en-libertad-a-trabajadores-iranies\/#breadcrumb","itemListElement":[{"@type":"ListItem","position":1,"name":"Home","item":"https:\/\/admin.industriall-union.org\/"},{"@type":"ListItem","position":2,"name":"Articles","item":"https:\/\/admin.industriall-union.org\/article\/"},{"@type":"ListItem","position":3,"name":"IndustriALL exige se ponga en libertad a trabajadores iran\u00edes"}]},{"@type":"WebSite","@id":"https:\/\/admin.industriall-union.org\/#website","url":"https:\/\/admin.industriall-union.org\/","name":"industriall-union","description":"","potentialAction":[{"@type":"SearchAction","target":{"@type":"EntryPoint","urlTemplate":"https:\/\/admin.industriall-union.org\/?s={search_term_string}"},"query-input":{"@type":"PropertyValueSpecification","valueRequired":true,"valueName":"search_term_string"}}],"inLanguage":"es-ES"}]}},"_links":{"self":[{"href":"https:\/\/admin.industriall-union.org\/es\/wp-json\/wp\/v2\/article\/168134","targetHints":{"allow":["GET"]}}],"collection":[{"href":"https:\/\/admin.industriall-union.org\/es\/wp-json\/wp\/v2\/article"}],"about":[{"href":"https:\/\/admin.industriall-union.org\/es\/wp-json\/wp\/v2\/types\/article"}],"wp:attachment":[{"href":"https:\/\/admin.industriall-union.org\/es\/wp-json\/wp\/v2\/media?parent=168134"}],"wp:term":[{"taxonomy":"issues","embeddable":true,"href":"https:\/\/admin.industriall-union.org\/es\/wp-json\/wp\/v2\/issues?post=168134"},{"taxonomy":"companies","embeddable":true,"href":"https:\/\/admin.industriall-union.org\/es\/wp-json\/wp\/v2\/companies?post=168134"},{"taxonomy":"regions","embeddable":true,"href":"https:\/\/admin.industriall-union.org\/es\/wp-json\/wp\/v2\/regions?post=168134"},{"taxonomy":"sectors","embeddable":true,"href":"https:\/\/admin.industriall-union.org\/es\/wp-json\/wp\/v2\/sectors?post=168134"},{"taxonomy":"article_tags","embeddable":true,"href":"https:\/\/admin.industriall-union.org\/es\/wp-json\/wp\/v2\/article_tags?post=168134"}],"curies":[{"name":"wp","href":"https:\/\/api.w.org\/{rel}","templated":true}]}}