{"id":168092,"date":"2016-02-09T12:58:43","date_gmt":"2016-02-09T12:58:43","guid":{"rendered":"https:\/\/admin.industriall-union.org\/espana-miles-de-personas-participan-en-la-marcha-de-madrid-contra-el-juicio-de-sindicalistas\/"},"modified":"2025-02-07T06:03:37","modified_gmt":"2025-02-07T06:03:37","slug":"espana-miles-de-personas-participan-en-la-marcha-de-madrid-contra-el-juicio-de-sindicalistas","status":"publish","type":"article","link":"https:\/\/admin.industriall-union.org\/es\/espana-miles-de-personas-participan-en-la-marcha-de-madrid-contra-el-juicio-de-sindicalistas\/","title":{"rendered":"Espa\u00f1a: Miles de personas participan en la marcha de Madrid contra el juicio de sindicalistas"},"content":{"rendered":"<p>Los ocho trabajadores, que pertenecen a los afiliados a la IndustriALL Global Union CC.OO de Industria y MCA-UGT, fueron acusados despu\u00e9s de unirse a un piquete a las puertas de Airbus en Getafe, a las afueras de Madrid, como parte de una huelga general el 29 de septiembre de 2010.<\/p><p>Como el juicio comenzaba hoy, la IndustriALL se uni\u00f3 a los sindicatos espa\u00f1oles, lo mismo que la IndustriAll Europe y miembros de sindicatos de Airbus en B\u00e9lgica y Francia, en la animada marcha hasta los tribunales de Getafe, en apoyo de los &ldquo;8 de Airbus&rdquo;.<\/p><p>Es la primera de una serie de manifestaciones planificadas durante el juicio de cuatro d\u00edas, que est\u00e1 previsto finalice el viernes.<\/p><p>La gravedad de la sanci\u00f3n propuesta por el fiscal, de ocho a\u00f1os y tres meses a cada trabajador, es condenada como un ataque de las autoridades espa\u00f1olas a los sindicatos y al derecho de huelga.<\/p><p>Los ocho sindicalistas, Tom\u00e1s Garc\u00eda, Enrique Gil, Rodolfo Malo, Jos\u00e9 Alc\u00e1zar, Ra\u00fal Fern\u00e1ndez, Armando Barco, Jer\u00f3nimo Mart\u00edn y Edgar Mart\u00edn,&nbsp;han sido acusados en virtud del art\u00edculo 315.3 de C\u00f3digo Penal espa\u00f1ol, que permite sentencias de prisi\u00f3n para los sindicalistas que intervienen en piquetes.<\/p><p>M\u00e1s de 300 sindicalistas se enfrentan actualmente a penas de c\u00e1rcel en Espa\u00f1a en virtud de la misma ley, que hasta hace poco fue utilizada por \u00faltima vez, seg\u00fan se informa, por la dictadura del general Franco.<\/p><p>El secretario general de la IndustriALL, Jyrki Raina, dijo:<\/p><p>&ldquo;Es inconcebible que Espa\u00f1a est\u00e9 recurriendo a una legislaci\u00f3n anticuada y opresiva para encarcelar a los trabajadores por ejercer su derecho fundamental a la huelga. Las tentativas de las autoridades espa\u00f1olas para silenciar a los sindicatos e intimidar a los trabajadores son un triste paso atr\u00e1s para la democracia.&rdquo;<\/p><p>Los ocho acusados se hab\u00edan unido a varios centenares de trabajadores ante las puertas de Airbus que protestaban contra las medidas de austeridad y para pedir cambios en el c\u00f3digo de trabajo como parte de una huelga general en Espa\u00f1a. La protesta pac\u00edfica termin\u00f3 en una situaci\u00f3n de p\u00e1nico cuando la polic\u00eda antidisturbios dispar\u00f3 al aire y la gente corri\u00f3 en busca de refugio, resultando varias personas heridas. Los ocho hombres niegan rotundamente las acusaciones de &ldquo;actuar con violencia&rdquo; y &ldquo;atacar el derecho al trabajo&rdquo;.<\/p><p>La marcha de hoy ha sido encabezada por el secretario general de la Confederaci\u00f3n CCOO espa\u00f1ola, Ignacio Fern\u00e1ndez Toxo y por C\u00e1ndido M\u00e9ndez, secretario general de la Confederaci\u00f3n UGT. La manifestaci\u00f3n coincidi\u00f3 con una vigorosa campa\u00f1a de los medios sociales, que dicen &ldquo;La huelga no es delito&rdquo; y &ldquo;No son 8, somos miles&rdquo;.<\/p>","protected":false},"featured_media":0,"template":"","issues":[424],"companies":[],"regions":[246],"sectors":[488],"article_tags":[529],"class_list":["post-168092","article","type-article","status-publish","hentry","issues-violation","regions-spain","sectors-aerospace","article_tags-strike"],"acf":[],"yoast_head":"<!-- This site is optimized with the Yoast SEO Premium plugin v27.1 (Yoast SEO v27.1) - https:\/\/yoast.com\/product\/yoast-seo-premium-wordpress\/ -->\n<title>Espa\u00f1a: Miles de personas participan en la marcha de Madrid contra el juicio de sindicalistas - industriall-union<\/title>\n<meta name=\"description\" content=\"Los ocho trabajadores, que pertenecen a los afiliados a la IndustriALL Global Union CC.OO de Industria y MCA-UGT, fueron acusados despu\u00e9s de unirse a un\" \/>\n<meta name=\"robots\" content=\"index, follow, max-snippet:-1, max-image-preview:large, max-video-preview:-1\" \/>\n<link rel=\"canonical\" href=\"https:\/\/admin.industriall-union.org\/es\/espana-miles-de-personas-participan-en-la-marcha-de-madrid-contra-el-juicio-de-sindicalistas\/\" \/>\n<meta property=\"og:locale\" content=\"es_ES\" \/>\n<meta property=\"og:type\" content=\"article\" \/>\n<meta property=\"og:title\" content=\"Espa\u00f1a: Miles de personas participan en la marcha de Madrid contra el juicio de sindicalistas\" \/>\n<meta property=\"og:description\" content=\"Los ocho trabajadores, que pertenecen a los afiliados a la IndustriALL Global Union CC.OO de Industria y MCA-UGT, fueron acusados despu\u00e9s de unirse a un\" \/>\n<meta property=\"og:url\" content=\"https:\/\/admin.industriall-union.org\/es\/espana-miles-de-personas-participan-en-la-marcha-de-madrid-contra-el-juicio-de-sindicalistas\/\" \/>\n<meta property=\"og:site_name\" content=\"industriall-union\" \/>\n<meta property=\"article:modified_time\" content=\"2025-02-07T06:03:37+00:00\" \/>\n<meta name=\"twitter:card\" content=\"summary_large_image\" \/>\n<meta name=\"twitter:label1\" content=\"Est. reading time\" \/>\n\t<meta name=\"twitter:data1\" content=\"2 minutes\" \/>\n<script type=\"application\/ld+json\" class=\"yoast-schema-graph\">{\"@context\":\"https:\/\/schema.org\",\"@graph\":[{\"@type\":\"WebPage\",\"@id\":\"https:\/\/admin.industriall-union.org\/es\/espana-miles-de-personas-participan-en-la-marcha-de-madrid-contra-el-juicio-de-sindicalistas\/\",\"url\":\"https:\/\/admin.industriall-union.org\/es\/espana-miles-de-personas-participan-en-la-marcha-de-madrid-contra-el-juicio-de-sindicalistas\/\",\"name\":\"Espa\u00f1a: Miles de personas participan en la marcha de Madrid contra el juicio de sindicalistas - industriall-union\",\"isPartOf\":{\"@id\":\"https:\/\/admin.industriall-union.org\/#website\"},\"datePublished\":\"2016-02-09T12:58:43+00:00\",\"dateModified\":\"2025-02-07T06:03:37+00:00\",\"description\":\"Los ocho trabajadores, que pertenecen a los afiliados a la IndustriALL Global Union CC.OO de Industria y MCA-UGT, fueron acusados despu\u00e9s de unirse a un\",\"breadcrumb\":{\"@id\":\"https:\/\/admin.industriall-union.org\/es\/espana-miles-de-personas-participan-en-la-marcha-de-madrid-contra-el-juicio-de-sindicalistas\/#breadcrumb\"},\"inLanguage\":\"es-ES\",\"potentialAction\":[{\"@type\":\"ReadAction\",\"target\":[\"https:\/\/admin.industriall-union.org\/es\/espana-miles-de-personas-participan-en-la-marcha-de-madrid-contra-el-juicio-de-sindicalistas\/\"]}]},{\"@type\":\"BreadcrumbList\",\"@id\":\"https:\/\/admin.industriall-union.org\/es\/espana-miles-de-personas-participan-en-la-marcha-de-madrid-contra-el-juicio-de-sindicalistas\/#breadcrumb\",\"itemListElement\":[{\"@type\":\"ListItem\",\"position\":1,\"name\":\"Home\",\"item\":\"https:\/\/admin.industriall-union.org\/\"},{\"@type\":\"ListItem\",\"position\":2,\"name\":\"Articles\",\"item\":\"https:\/\/admin.industriall-union.org\/article\/\"},{\"@type\":\"ListItem\",\"position\":3,\"name\":\"Espa\u00f1a: Miles de personas participan en la marcha de Madrid contra el juicio de sindicalistas\"}]},{\"@type\":\"WebSite\",\"@id\":\"https:\/\/admin.industriall-union.org\/#website\",\"url\":\"https:\/\/admin.industriall-union.org\/\",\"name\":\"industriall-union\",\"description\":\"\",\"potentialAction\":[{\"@type\":\"SearchAction\",\"target\":{\"@type\":\"EntryPoint\",\"urlTemplate\":\"https:\/\/admin.industriall-union.org\/?s={search_term_string}\"},\"query-input\":{\"@type\":\"PropertyValueSpecification\",\"valueRequired\":true,\"valueName\":\"search_term_string\"}}],\"inLanguage\":\"es-ES\"}]}<\/script>\n<!-- \/ Yoast SEO Premium plugin. -->","yoast_head_json":{"title":"Espa\u00f1a: Miles de personas participan en la marcha de Madrid contra el juicio de sindicalistas - industriall-union","description":"Los ocho trabajadores, que pertenecen a los afiliados a la IndustriALL Global Union CC.OO de Industria y MCA-UGT, fueron acusados despu\u00e9s de unirse a un","robots":{"index":"index","follow":"follow","max-snippet":"max-snippet:-1","max-image-preview":"max-image-preview:large","max-video-preview":"max-video-preview:-1"},"canonical":"https:\/\/admin.industriall-union.org\/es\/espana-miles-de-personas-participan-en-la-marcha-de-madrid-contra-el-juicio-de-sindicalistas\/","og_locale":"es_ES","og_type":"article","og_title":"Espa\u00f1a: Miles de personas participan en la marcha de Madrid contra el juicio de sindicalistas","og_description":"Los ocho trabajadores, que pertenecen a los afiliados a la IndustriALL Global Union CC.OO de Industria y MCA-UGT, fueron acusados despu\u00e9s de unirse a un","og_url":"https:\/\/admin.industriall-union.org\/es\/espana-miles-de-personas-participan-en-la-marcha-de-madrid-contra-el-juicio-de-sindicalistas\/","og_site_name":"industriall-union","article_modified_time":"2025-02-07T06:03:37+00:00","twitter_card":"summary_large_image","twitter_misc":{"Est. reading time":"2 minutes"},"schema":{"@context":"https:\/\/schema.org","@graph":[{"@type":"WebPage","@id":"https:\/\/admin.industriall-union.org\/es\/espana-miles-de-personas-participan-en-la-marcha-de-madrid-contra-el-juicio-de-sindicalistas\/","url":"https:\/\/admin.industriall-union.org\/es\/espana-miles-de-personas-participan-en-la-marcha-de-madrid-contra-el-juicio-de-sindicalistas\/","name":"Espa\u00f1a: Miles de personas participan en la marcha de Madrid contra el juicio de sindicalistas - industriall-union","isPartOf":{"@id":"https:\/\/admin.industriall-union.org\/#website"},"datePublished":"2016-02-09T12:58:43+00:00","dateModified":"2025-02-07T06:03:37+00:00","description":"Los ocho trabajadores, que pertenecen a los afiliados a la IndustriALL Global Union CC.OO de Industria y MCA-UGT, fueron acusados despu\u00e9s de unirse a un","breadcrumb":{"@id":"https:\/\/admin.industriall-union.org\/es\/espana-miles-de-personas-participan-en-la-marcha-de-madrid-contra-el-juicio-de-sindicalistas\/#breadcrumb"},"inLanguage":"es-ES","potentialAction":[{"@type":"ReadAction","target":["https:\/\/admin.industriall-union.org\/es\/espana-miles-de-personas-participan-en-la-marcha-de-madrid-contra-el-juicio-de-sindicalistas\/"]}]},{"@type":"BreadcrumbList","@id":"https:\/\/admin.industriall-union.org\/es\/espana-miles-de-personas-participan-en-la-marcha-de-madrid-contra-el-juicio-de-sindicalistas\/#breadcrumb","itemListElement":[{"@type":"ListItem","position":1,"name":"Home","item":"https:\/\/admin.industriall-union.org\/"},{"@type":"ListItem","position":2,"name":"Articles","item":"https:\/\/admin.industriall-union.org\/article\/"},{"@type":"ListItem","position":3,"name":"Espa\u00f1a: Miles de personas participan en la marcha de Madrid contra el juicio de sindicalistas"}]},{"@type":"WebSite","@id":"https:\/\/admin.industriall-union.org\/#website","url":"https:\/\/admin.industriall-union.org\/","name":"industriall-union","description":"","potentialAction":[{"@type":"SearchAction","target":{"@type":"EntryPoint","urlTemplate":"https:\/\/admin.industriall-union.org\/?s={search_term_string}"},"query-input":{"@type":"PropertyValueSpecification","valueRequired":true,"valueName":"search_term_string"}}],"inLanguage":"es-ES"}]}},"_links":{"self":[{"href":"https:\/\/admin.industriall-union.org\/es\/wp-json\/wp\/v2\/article\/168092","targetHints":{"allow":["GET"]}}],"collection":[{"href":"https:\/\/admin.industriall-union.org\/es\/wp-json\/wp\/v2\/article"}],"about":[{"href":"https:\/\/admin.industriall-union.org\/es\/wp-json\/wp\/v2\/types\/article"}],"wp:attachment":[{"href":"https:\/\/admin.industriall-union.org\/es\/wp-json\/wp\/v2\/media?parent=168092"}],"wp:term":[{"taxonomy":"issues","embeddable":true,"href":"https:\/\/admin.industriall-union.org\/es\/wp-json\/wp\/v2\/issues?post=168092"},{"taxonomy":"companies","embeddable":true,"href":"https:\/\/admin.industriall-union.org\/es\/wp-json\/wp\/v2\/companies?post=168092"},{"taxonomy":"regions","embeddable":true,"href":"https:\/\/admin.industriall-union.org\/es\/wp-json\/wp\/v2\/regions?post=168092"},{"taxonomy":"sectors","embeddable":true,"href":"https:\/\/admin.industriall-union.org\/es\/wp-json\/wp\/v2\/sectors?post=168092"},{"taxonomy":"article_tags","embeddable":true,"href":"https:\/\/admin.industriall-union.org\/es\/wp-json\/wp\/v2\/article_tags?post=168092"}],"curies":[{"name":"wp","href":"https:\/\/api.w.org\/{rel}","templated":true}]}}