{"id":168021,"date":"2016-02-23T15:25:16","date_gmt":"2016-02-23T15:25:16","guid":{"rendered":"https:\/\/admin.industriall-union.org\/los-sindicatos-europeos-luchan-por-los-derechos-de-huelga\/"},"modified":"2025-02-07T05:21:20","modified_gmt":"2025-02-07T05:21:20","slug":"los-sindicatos-europeos-luchan-por-los-derechos-de-huelga","status":"publish","type":"article","link":"https:\/\/admin.industriall-union.org\/es\/los-sindicatos-europeos-luchan-por-los-derechos-de-huelga\/","title":{"rendered":"Los sindicatos europeos luchan por los derechos de huelga"},"content":{"rendered":"<p>Durante tres a\u00f1os, el Grupo de los Empleadores ha paralizado la labor de la Organizaci\u00f3n Internacional del Trabajo (OIT) alegando que el derecho de huelga no forma parte del derecho internacional, aunque haya sido aceptado universalmente durante decenios por los gobiernos, los trabajadores y los empleadores. Como consecuencia de una&nbsp;<a href=\"http:\/\/www.industriall-union.org\/es\/el-derecho-de-huelga-no-se-toca\">campa\u00f1a sindical mundial<\/a>, los &nbsp;<a href=\"http:\/\/www.industriall-union.org\/es\/en-reunion-de-la-oit-acuerdan-reafirmar-derecho-de-huelga\">empleadores dieron finalmente marcha atr\u00e1s<\/a>&nbsp;en febrero de 2015.<\/p><p>Pero la lucha no ha terminado. En noviembre, el Gobierno conservador del Reino Unido present\u00f3 un&nbsp;<a href=\"https:\/\/www.tuc.org.uk\/about-bill\">proyecto de ley sindical<\/a>, que debilitar\u00eda seriamente el derecho de huelga. Adem\u00e1s de restringir los piquetes y las protestas, la ley permitir\u00eda el uso de trabajadores de agencia para sustituir al personal permanente durante las huelgas. En los servicios p\u00fablicos tendr\u00edan que votar el 50 por ciento de los miembros, y el 40 por ciento de la totalidad tendr\u00edan que hacerlo a favor. Esto equivale a un umbral de aprobaci\u00f3n del 80 por ciento.<\/p><p>En febrero, los sindicatos brit\u00e1nicos llegaron a millones de personas con una innovadora campa\u00f1a&nbsp;<a href=\"http:\/\/heartunions.org\/\">#heartunions<\/a>, celebrando la positiva labor de los sindicatos y de sus miembros en los lugares de trabajo y en la sociedad, y rechazando las tentativas del Gobierno para da\u00f1arlos.<\/p><p>Tambi\u00e9n en Espa\u00f1a los <a href=\"http:\/\/www.industriall-union.org\/es\/espana-miles-de-personas-participan-en-la-marcha-de-madrid-contra-el-juicio-de-sindicalistas\">sindicatos tuvieron que actuar<\/a> porque las autoridades utilizaron una antigua ley de la \u00e9poca de la dictadura de Franco para procesar a los trabajadores en huelga. El 16 de febrero, un <a href=\"http:\/\/www.industriall-union.org\/es\/espana-los-8-de-airbus-absueltos\">&nbsp;tribunal espa\u00f1ol absolvi\u00f3 a los 8 trabajadores de Airbus<\/a>&nbsp;que afrontaban penas de prisi\u00f3n de ocho a\u00f1os y tres meses de prisi\u00f3n cada uno por haber participado en una huelga pac\u00edfica en 2010. Pero la lucha contin\u00faa para derogar el art\u00edculo 315.3 del C\u00f3digo Penal espa\u00f1ol y para deshacerse de otros procesos judiciales similares.<\/p><p>Tenemos que permanecer vigilantes, porque los ataques al derecho de huelga podr\u00edan extenderse a otros pa\u00edses.<\/p><p>La crisis econ\u00f3mica mundial ha servido ya de pretexto a varios gobiernos de derechas para restringir los derechos de los trabajadores y reducir la protecci\u00f3n social. En Rumania se produjo el mayor sacrificio masivo de derechos cuando el Fondo Monetario Internacional (FMI) presion\u00f3 en 2011 al Gobierno para&nbsp;<a href=\"http:\/\/www.industriall-union.org\/es\/los-sindicatos-rumanos-exigen-el-restablecimiento-de-los-derechos-laborales\">eludir el Parlamento<\/a>&nbsp;y extender el trabajo precario, abolir la negociaci\u00f3n colectiva y restringir el derecho de huelga.<\/p><p>La negociaci\u00f3n colectiva tambi\u00e9n se prohibi\u00f3 en Irlanda, Portugal, Espa\u00f1a, Grecia y Chipre en los peores a\u00f1os de a crisis. Ahora, los Gobiernos irland\u00e9s y espa\u00f1ol han acordado reconstruir los sistemas de negociaci\u00f3n.<\/p><p>Estos ejemplos muestran que los derechos sindicales no son evidentes siquiera en Europa, donde naci\u00f3 el movimiento sindical. Los ataques a los derechos de los trabajadores son definitivamente ideol\u00f3gicos y proceden de gobiernos que escuchan a sus asesores empresariales en vez de a la poblaci\u00f3n. Y con demasiada frecuencia los empresarios prefieren tener trabajadores obedientes que se callen y hagan lo que se les dice, en lugar de entablar negociaciones engorrosas.<\/p><p>La garant\u00eda de los derechos sindicales ser\u00e1 siempre una contienda sobre los valores y la voluntad pol\u00edtica para construir sociedades basadas en la democracia y la justicia social. Y para esa lucha tenemos que seguir organizando y movilizando a los trabajadores a fin de crear fuerza sindical.<\/p><p><em>Jyrki Raina<\/em><\/p><p><em>Secretario General<\/em><\/p>","protected":false},"featured_media":0,"template":"","issues":[396],"companies":[],"regions":[],"sectors":[],"article_tags":[510],"class_list":["post-168021","article","type-article","status-publish","hentry","issues-building-strong-unions","article_tags-gs-corner"],"acf":[],"yoast_head":"<!-- This site is optimized with the Yoast SEO Premium plugin v27.1 (Yoast SEO v27.1) - https:\/\/yoast.com\/product\/yoast-seo-premium-wordpress\/ -->\n<title>Los sindicatos europeos luchan por los derechos de huelga - industriall-union<\/title>\n<meta name=\"description\" content=\"Durante tres a\u00f1os, el Grupo de los Empleadores ha paralizado la labor de la Organizaci\u00f3n Internacional del Trabajo (OIT) alegando que el derecho de huelga\" \/>\n<meta name=\"robots\" content=\"index, follow, max-snippet:-1, max-image-preview:large, max-video-preview:-1\" \/>\n<link rel=\"canonical\" href=\"https:\/\/admin.industriall-union.org\/es\/los-sindicatos-europeos-luchan-por-los-derechos-de-huelga\/\" \/>\n<meta property=\"og:locale\" content=\"es_ES\" \/>\n<meta property=\"og:type\" content=\"article\" \/>\n<meta property=\"og:title\" content=\"Los sindicatos europeos luchan por los derechos de huelga\" \/>\n<meta property=\"og:description\" content=\"Durante tres a\u00f1os, el Grupo de los Empleadores ha paralizado la labor de la Organizaci\u00f3n Internacional del Trabajo (OIT) alegando que el derecho de huelga\" \/>\n<meta property=\"og:url\" content=\"https:\/\/admin.industriall-union.org\/es\/los-sindicatos-europeos-luchan-por-los-derechos-de-huelga\/\" \/>\n<meta property=\"og:site_name\" content=\"industriall-union\" \/>\n<meta property=\"article:modified_time\" content=\"2025-02-07T05:21:20+00:00\" \/>\n<meta name=\"twitter:card\" content=\"summary_large_image\" \/>\n<meta name=\"twitter:label1\" content=\"Est. reading time\" \/>\n\t<meta name=\"twitter:data1\" content=\"3 minutes\" \/>\n<script type=\"application\/ld+json\" class=\"yoast-schema-graph\">{\"@context\":\"https:\/\/schema.org\",\"@graph\":[{\"@type\":\"WebPage\",\"@id\":\"https:\/\/admin.industriall-union.org\/es\/los-sindicatos-europeos-luchan-por-los-derechos-de-huelga\/\",\"url\":\"https:\/\/admin.industriall-union.org\/es\/los-sindicatos-europeos-luchan-por-los-derechos-de-huelga\/\",\"name\":\"Los sindicatos europeos luchan por los derechos de huelga - industriall-union\",\"isPartOf\":{\"@id\":\"https:\/\/admin.industriall-union.org\/#website\"},\"datePublished\":\"2016-02-23T15:25:16+00:00\",\"dateModified\":\"2025-02-07T05:21:20+00:00\",\"description\":\"Durante tres a\u00f1os, el Grupo de los Empleadores ha paralizado la labor de la Organizaci\u00f3n Internacional del Trabajo (OIT) alegando que el derecho de huelga\",\"breadcrumb\":{\"@id\":\"https:\/\/admin.industriall-union.org\/es\/los-sindicatos-europeos-luchan-por-los-derechos-de-huelga\/#breadcrumb\"},\"inLanguage\":\"es-ES\",\"potentialAction\":[{\"@type\":\"ReadAction\",\"target\":[\"https:\/\/admin.industriall-union.org\/es\/los-sindicatos-europeos-luchan-por-los-derechos-de-huelga\/\"]}]},{\"@type\":\"BreadcrumbList\",\"@id\":\"https:\/\/admin.industriall-union.org\/es\/los-sindicatos-europeos-luchan-por-los-derechos-de-huelga\/#breadcrumb\",\"itemListElement\":[{\"@type\":\"ListItem\",\"position\":1,\"name\":\"Home\",\"item\":\"https:\/\/admin.industriall-union.org\/\"},{\"@type\":\"ListItem\",\"position\":2,\"name\":\"Articles\",\"item\":\"https:\/\/admin.industriall-union.org\/article\/\"},{\"@type\":\"ListItem\",\"position\":3,\"name\":\"Los sindicatos europeos luchan por los derechos de huelga\"}]},{\"@type\":\"WebSite\",\"@id\":\"https:\/\/admin.industriall-union.org\/#website\",\"url\":\"https:\/\/admin.industriall-union.org\/\",\"name\":\"industriall-union\",\"description\":\"\",\"potentialAction\":[{\"@type\":\"SearchAction\",\"target\":{\"@type\":\"EntryPoint\",\"urlTemplate\":\"https:\/\/admin.industriall-union.org\/?s={search_term_string}\"},\"query-input\":{\"@type\":\"PropertyValueSpecification\",\"valueRequired\":true,\"valueName\":\"search_term_string\"}}],\"inLanguage\":\"es-ES\"}]}<\/script>\n<!-- \/ Yoast SEO Premium plugin. -->","yoast_head_json":{"title":"Los sindicatos europeos luchan por los derechos de huelga - industriall-union","description":"Durante tres a\u00f1os, el Grupo de los Empleadores ha paralizado la labor de la Organizaci\u00f3n Internacional del Trabajo (OIT) alegando que el derecho de huelga","robots":{"index":"index","follow":"follow","max-snippet":"max-snippet:-1","max-image-preview":"max-image-preview:large","max-video-preview":"max-video-preview:-1"},"canonical":"https:\/\/admin.industriall-union.org\/es\/los-sindicatos-europeos-luchan-por-los-derechos-de-huelga\/","og_locale":"es_ES","og_type":"article","og_title":"Los sindicatos europeos luchan por los derechos de huelga","og_description":"Durante tres a\u00f1os, el Grupo de los Empleadores ha paralizado la labor de la Organizaci\u00f3n Internacional del Trabajo (OIT) alegando que el derecho de huelga","og_url":"https:\/\/admin.industriall-union.org\/es\/los-sindicatos-europeos-luchan-por-los-derechos-de-huelga\/","og_site_name":"industriall-union","article_modified_time":"2025-02-07T05:21:20+00:00","twitter_card":"summary_large_image","twitter_misc":{"Est. reading time":"3 minutes"},"schema":{"@context":"https:\/\/schema.org","@graph":[{"@type":"WebPage","@id":"https:\/\/admin.industriall-union.org\/es\/los-sindicatos-europeos-luchan-por-los-derechos-de-huelga\/","url":"https:\/\/admin.industriall-union.org\/es\/los-sindicatos-europeos-luchan-por-los-derechos-de-huelga\/","name":"Los sindicatos europeos luchan por los derechos de huelga - industriall-union","isPartOf":{"@id":"https:\/\/admin.industriall-union.org\/#website"},"datePublished":"2016-02-23T15:25:16+00:00","dateModified":"2025-02-07T05:21:20+00:00","description":"Durante tres a\u00f1os, el Grupo de los Empleadores ha paralizado la labor de la Organizaci\u00f3n Internacional del Trabajo (OIT) alegando que el derecho de huelga","breadcrumb":{"@id":"https:\/\/admin.industriall-union.org\/es\/los-sindicatos-europeos-luchan-por-los-derechos-de-huelga\/#breadcrumb"},"inLanguage":"es-ES","potentialAction":[{"@type":"ReadAction","target":["https:\/\/admin.industriall-union.org\/es\/los-sindicatos-europeos-luchan-por-los-derechos-de-huelga\/"]}]},{"@type":"BreadcrumbList","@id":"https:\/\/admin.industriall-union.org\/es\/los-sindicatos-europeos-luchan-por-los-derechos-de-huelga\/#breadcrumb","itemListElement":[{"@type":"ListItem","position":1,"name":"Home","item":"https:\/\/admin.industriall-union.org\/"},{"@type":"ListItem","position":2,"name":"Articles","item":"https:\/\/admin.industriall-union.org\/article\/"},{"@type":"ListItem","position":3,"name":"Los sindicatos europeos luchan por los derechos de huelga"}]},{"@type":"WebSite","@id":"https:\/\/admin.industriall-union.org\/#website","url":"https:\/\/admin.industriall-union.org\/","name":"industriall-union","description":"","potentialAction":[{"@type":"SearchAction","target":{"@type":"EntryPoint","urlTemplate":"https:\/\/admin.industriall-union.org\/?s={search_term_string}"},"query-input":{"@type":"PropertyValueSpecification","valueRequired":true,"valueName":"search_term_string"}}],"inLanguage":"es-ES"}]}},"_links":{"self":[{"href":"https:\/\/admin.industriall-union.org\/es\/wp-json\/wp\/v2\/article\/168021","targetHints":{"allow":["GET"]}}],"collection":[{"href":"https:\/\/admin.industriall-union.org\/es\/wp-json\/wp\/v2\/article"}],"about":[{"href":"https:\/\/admin.industriall-union.org\/es\/wp-json\/wp\/v2\/types\/article"}],"wp:attachment":[{"href":"https:\/\/admin.industriall-union.org\/es\/wp-json\/wp\/v2\/media?parent=168021"}],"wp:term":[{"taxonomy":"issues","embeddable":true,"href":"https:\/\/admin.industriall-union.org\/es\/wp-json\/wp\/v2\/issues?post=168021"},{"taxonomy":"companies","embeddable":true,"href":"https:\/\/admin.industriall-union.org\/es\/wp-json\/wp\/v2\/companies?post=168021"},{"taxonomy":"regions","embeddable":true,"href":"https:\/\/admin.industriall-union.org\/es\/wp-json\/wp\/v2\/regions?post=168021"},{"taxonomy":"sectors","embeddable":true,"href":"https:\/\/admin.industriall-union.org\/es\/wp-json\/wp\/v2\/sectors?post=168021"},{"taxonomy":"article_tags","embeddable":true,"href":"https:\/\/admin.industriall-union.org\/es\/wp-json\/wp\/v2\/article_tags?post=168021"}],"curies":[{"name":"wp","href":"https:\/\/api.w.org\/{rel}","templated":true}]}}