{"id":167979,"date":"2016-03-02T13:34:22","date_gmt":"2016-03-02T13:34:22","guid":{"rendered":"https:\/\/admin.industriall-union.org\/colombia-industriall-respalda-la-lucha-de-sintracarbon-por-un-convenio-justo\/"},"modified":"2025-02-07T05:07:10","modified_gmt":"2025-02-07T05:07:10","slug":"colombia-industriall-respalda-la-lucha-de-sintracarbon-por-un-convenio-justo","status":"publish","type":"article","link":"https:\/\/admin.industriall-union.org\/es\/colombia-industriall-respalda-la-lucha-de-sintracarbon-por-un-convenio-justo\/","title":{"rendered":"Colombia: IndustriALL respalda la lucha de Sintracarb\u00f3n por un convenio justo"},"content":{"rendered":"<p>El afiliado a IndustriALL Global Union en Colombia, Sintracarb\u00f3n comenz\u00f3 el 28 de diciembre la negociaci\u00f3n de una convenci\u00f3n colectiva de trabajo con Cerrejon Limited, empresa minera que pertenece en tres partes iguales a Anglo American, BHP Billiton y Glencore. Sin embargo hasta el momento<strong> no consiguieron llegar a un acuerdo<\/strong> por lo cual el sindicato se debate entre<strong> ir a huelga o recurrir al tribunal de arbitramento<\/strong><\/p><p>Las negociaciones se estancaron desde que la empresa anunci\u00f3 que desea mantener los costos al mismo nivel que el a\u00f1o anterior, y que aplicar\u00e1 \u00fanicamente un ajuste por concepto del \u00edndice de precios al consumidor (IPC).<\/p><p>Adem\u00e1s Cerrejon present\u00f3 una denuncia parcial de contrato colectivo, bajo el pretexto de la crisis internacional la eliminaci\u00f3n de derechos adquiridos. Por ello Jyrki Raina, Secretario General de IndustriALL Global Union, se dirigi\u00f3 en una <u><strong><a href=\"\/wp-content\/uploads\/documents\/carta_de_industriall_a_carbones_del_cerrejon_limted_25-02-2016_2.pdf\" target=\"_self\">carta a Roberto Junguito Pombo<\/a>,<\/strong><\/u>&nbsp;presidente de la firma:<\/p><blockquote><p>&ldquo;IndustriALL Global Union es muy consciente de la gravedad de la crisis del sector minero. Los trabajadores no tienen la culpa de esta crisis, pero son ellos los que m\u00e1s sufren su impacto. (&hellip;) En la coyuntura actual, es m\u00e1s vital que nunca mantener el di\u00e1logo y la cooperaci\u00f3n entre Cerrej\u00f3n y Sintracarb\u00f3n&rdquo;<\/p><\/blockquote><p>Por su parte Sintracarb\u00f3n asegur\u00f3 que siempre se mostr\u00f3 dispuesto a velar tanto por los intereses de los trabajadores como por la rentabilidad y los resultados de la empresa. Aspiran a lograr una <strong>negociaci\u00f3n productiva, que le convenga a las dos partes<\/strong>.&nbsp; Sin embargo, ante la negativa de la empresa a querer negociar, esta semana decidieron realizar una votaci\u00f3n para decidir qu\u00e9 medidas tomar:<\/p><blockquote><p>&ldquo;A partir del d\u00eda 26 de febrero hasta el d\u00eda 3 de marzo las y los trabajadores deberemos participar de manera din\u00e1mica y activa, as\u00ed como de forma solidaria y consecuente, en el proceso democr\u00e1tico para elegir entre las opciones legales de tribunal de arbitramento o huelga&rdquo;<\/p><\/blockquote><p>detallaron en un comunicado oficial.<\/p><p>Algunos de los puntos que incluye el pliego de peticiones del sindicato son en relaci\u00f3n a al <strong>salario, la educaci\u00f3n y la salud<\/strong>, como por ejemplo el derecho a la atenci\u00f3n m\u00e9dica y al reconocimiento de enfermedades. Por otro lado piden<strong> condiciones de trabajo dignas<\/strong> para el alto porcentaje de personal tercerizado con el que cuenta la empresa.<\/p><blockquote><p>&nbsp;&ldquo;Quiero exhortar a su empresa a evitar la huelga y volver a la mesa de negociaci\u00f3n para buscar soluciones mutuamente aceptables&rdquo;<\/p><\/blockquote><p>concluy\u00f3 Jyrki Raina en la carta que le envi\u00f3 al presidente de Cerrajon.<\/p>","protected":false},"featured_media":0,"template":"","issues":[394,402,416,425],"companies":[8,18,60],"regions":[264,254],"sectors":[495],"article_tags":[505,511],"class_list":["post-167979","article","type-article","status-publish","hentry","issues-glencore","issues-health-and-safety","issues-living-wage","issues-workers-rights","companies-angloamerican","companies-bhp","companies-glencore","regions-colombia","regions-latin-america-and-the-caribbean","sectors-mining","article_tags-collective-bargaining","article_tags-industriall"],"acf":[],"yoast_head":"<!-- This site is optimized with the Yoast SEO Premium plugin v27.1 (Yoast SEO v27.1) - https:\/\/yoast.com\/product\/yoast-seo-premium-wordpress\/ -->\n<title>Colombia: IndustriALL respalda la lucha de Sintracarb\u00f3n por un convenio justo - industriall-union<\/title>\n<meta name=\"description\" content=\"El afiliado a IndustriALL Global Union en Colombia, Sintracarb\u00f3n comenz\u00f3 el 28 de diciembre la negociaci\u00f3n de una convenci\u00f3n colectiva de trabajo con\" \/>\n<meta name=\"robots\" content=\"index, follow, max-snippet:-1, max-image-preview:large, max-video-preview:-1\" \/>\n<link rel=\"canonical\" href=\"https:\/\/admin.industriall-union.org\/es\/colombia-industriall-respalda-la-lucha-de-sintracarbon-por-un-convenio-justo\/\" \/>\n<meta property=\"og:locale\" content=\"es_ES\" \/>\n<meta property=\"og:type\" content=\"article\" \/>\n<meta property=\"og:title\" content=\"Colombia: IndustriALL respalda la lucha de Sintracarb\u00f3n por un convenio justo\" \/>\n<meta property=\"og:description\" content=\"El afiliado a IndustriALL Global Union en Colombia, Sintracarb\u00f3n comenz\u00f3 el 28 de diciembre la negociaci\u00f3n de una convenci\u00f3n colectiva de trabajo con\" \/>\n<meta property=\"og:url\" content=\"https:\/\/admin.industriall-union.org\/es\/colombia-industriall-respalda-la-lucha-de-sintracarbon-por-un-convenio-justo\/\" \/>\n<meta property=\"og:site_name\" content=\"industriall-union\" \/>\n<meta property=\"article:modified_time\" content=\"2025-02-07T05:07:10+00:00\" \/>\n<meta name=\"twitter:card\" content=\"summary_large_image\" \/>\n<meta name=\"twitter:label1\" content=\"Est. reading time\" \/>\n\t<meta name=\"twitter:data1\" content=\"2 minutes\" \/>\n<script type=\"application\/ld+json\" class=\"yoast-schema-graph\">{\"@context\":\"https:\/\/schema.org\",\"@graph\":[{\"@type\":\"WebPage\",\"@id\":\"https:\/\/admin.industriall-union.org\/es\/colombia-industriall-respalda-la-lucha-de-sintracarbon-por-un-convenio-justo\/\",\"url\":\"https:\/\/admin.industriall-union.org\/es\/colombia-industriall-respalda-la-lucha-de-sintracarbon-por-un-convenio-justo\/\",\"name\":\"Colombia: IndustriALL respalda la lucha de Sintracarb\u00f3n por un convenio justo - industriall-union\",\"isPartOf\":{\"@id\":\"https:\/\/admin.industriall-union.org\/#website\"},\"datePublished\":\"2016-03-02T13:34:22+00:00\",\"dateModified\":\"2025-02-07T05:07:10+00:00\",\"description\":\"El afiliado a IndustriALL Global Union en Colombia, Sintracarb\u00f3n comenz\u00f3 el 28 de diciembre la negociaci\u00f3n de una convenci\u00f3n colectiva de trabajo con\",\"breadcrumb\":{\"@id\":\"https:\/\/admin.industriall-union.org\/es\/colombia-industriall-respalda-la-lucha-de-sintracarbon-por-un-convenio-justo\/#breadcrumb\"},\"inLanguage\":\"es-ES\",\"potentialAction\":[{\"@type\":\"ReadAction\",\"target\":[\"https:\/\/admin.industriall-union.org\/es\/colombia-industriall-respalda-la-lucha-de-sintracarbon-por-un-convenio-justo\/\"]}]},{\"@type\":\"BreadcrumbList\",\"@id\":\"https:\/\/admin.industriall-union.org\/es\/colombia-industriall-respalda-la-lucha-de-sintracarbon-por-un-convenio-justo\/#breadcrumb\",\"itemListElement\":[{\"@type\":\"ListItem\",\"position\":1,\"name\":\"Home\",\"item\":\"https:\/\/admin.industriall-union.org\/\"},{\"@type\":\"ListItem\",\"position\":2,\"name\":\"Articles\",\"item\":\"https:\/\/admin.industriall-union.org\/article\/\"},{\"@type\":\"ListItem\",\"position\":3,\"name\":\"Colombia: IndustriALL respalda la lucha de Sintracarb\u00f3n por un convenio justo\"}]},{\"@type\":\"WebSite\",\"@id\":\"https:\/\/admin.industriall-union.org\/#website\",\"url\":\"https:\/\/admin.industriall-union.org\/\",\"name\":\"industriall-union\",\"description\":\"\",\"potentialAction\":[{\"@type\":\"SearchAction\",\"target\":{\"@type\":\"EntryPoint\",\"urlTemplate\":\"https:\/\/admin.industriall-union.org\/?s={search_term_string}\"},\"query-input\":{\"@type\":\"PropertyValueSpecification\",\"valueRequired\":true,\"valueName\":\"search_term_string\"}}],\"inLanguage\":\"es-ES\"}]}<\/script>\n<!-- \/ Yoast SEO Premium plugin. -->","yoast_head_json":{"title":"Colombia: IndustriALL respalda la lucha de Sintracarb\u00f3n por un convenio justo - industriall-union","description":"El afiliado a IndustriALL Global Union en Colombia, Sintracarb\u00f3n comenz\u00f3 el 28 de diciembre la negociaci\u00f3n de una convenci\u00f3n colectiva de trabajo con","robots":{"index":"index","follow":"follow","max-snippet":"max-snippet:-1","max-image-preview":"max-image-preview:large","max-video-preview":"max-video-preview:-1"},"canonical":"https:\/\/admin.industriall-union.org\/es\/colombia-industriall-respalda-la-lucha-de-sintracarbon-por-un-convenio-justo\/","og_locale":"es_ES","og_type":"article","og_title":"Colombia: IndustriALL respalda la lucha de Sintracarb\u00f3n por un convenio justo","og_description":"El afiliado a IndustriALL Global Union en Colombia, Sintracarb\u00f3n comenz\u00f3 el 28 de diciembre la negociaci\u00f3n de una convenci\u00f3n colectiva de trabajo con","og_url":"https:\/\/admin.industriall-union.org\/es\/colombia-industriall-respalda-la-lucha-de-sintracarbon-por-un-convenio-justo\/","og_site_name":"industriall-union","article_modified_time":"2025-02-07T05:07:10+00:00","twitter_card":"summary_large_image","twitter_misc":{"Est. reading time":"2 minutes"},"schema":{"@context":"https:\/\/schema.org","@graph":[{"@type":"WebPage","@id":"https:\/\/admin.industriall-union.org\/es\/colombia-industriall-respalda-la-lucha-de-sintracarbon-por-un-convenio-justo\/","url":"https:\/\/admin.industriall-union.org\/es\/colombia-industriall-respalda-la-lucha-de-sintracarbon-por-un-convenio-justo\/","name":"Colombia: IndustriALL respalda la lucha de Sintracarb\u00f3n por un convenio justo - industriall-union","isPartOf":{"@id":"https:\/\/admin.industriall-union.org\/#website"},"datePublished":"2016-03-02T13:34:22+00:00","dateModified":"2025-02-07T05:07:10+00:00","description":"El afiliado a IndustriALL Global Union en Colombia, Sintracarb\u00f3n comenz\u00f3 el 28 de diciembre la negociaci\u00f3n de una convenci\u00f3n colectiva de trabajo con","breadcrumb":{"@id":"https:\/\/admin.industriall-union.org\/es\/colombia-industriall-respalda-la-lucha-de-sintracarbon-por-un-convenio-justo\/#breadcrumb"},"inLanguage":"es-ES","potentialAction":[{"@type":"ReadAction","target":["https:\/\/admin.industriall-union.org\/es\/colombia-industriall-respalda-la-lucha-de-sintracarbon-por-un-convenio-justo\/"]}]},{"@type":"BreadcrumbList","@id":"https:\/\/admin.industriall-union.org\/es\/colombia-industriall-respalda-la-lucha-de-sintracarbon-por-un-convenio-justo\/#breadcrumb","itemListElement":[{"@type":"ListItem","position":1,"name":"Home","item":"https:\/\/admin.industriall-union.org\/"},{"@type":"ListItem","position":2,"name":"Articles","item":"https:\/\/admin.industriall-union.org\/article\/"},{"@type":"ListItem","position":3,"name":"Colombia: IndustriALL respalda la lucha de Sintracarb\u00f3n por un convenio justo"}]},{"@type":"WebSite","@id":"https:\/\/admin.industriall-union.org\/#website","url":"https:\/\/admin.industriall-union.org\/","name":"industriall-union","description":"","potentialAction":[{"@type":"SearchAction","target":{"@type":"EntryPoint","urlTemplate":"https:\/\/admin.industriall-union.org\/?s={search_term_string}"},"query-input":{"@type":"PropertyValueSpecification","valueRequired":true,"valueName":"search_term_string"}}],"inLanguage":"es-ES"}]}},"_links":{"self":[{"href":"https:\/\/admin.industriall-union.org\/es\/wp-json\/wp\/v2\/article\/167979","targetHints":{"allow":["GET"]}}],"collection":[{"href":"https:\/\/admin.industriall-union.org\/es\/wp-json\/wp\/v2\/article"}],"about":[{"href":"https:\/\/admin.industriall-union.org\/es\/wp-json\/wp\/v2\/types\/article"}],"wp:attachment":[{"href":"https:\/\/admin.industriall-union.org\/es\/wp-json\/wp\/v2\/media?parent=167979"}],"wp:term":[{"taxonomy":"issues","embeddable":true,"href":"https:\/\/admin.industriall-union.org\/es\/wp-json\/wp\/v2\/issues?post=167979"},{"taxonomy":"companies","embeddable":true,"href":"https:\/\/admin.industriall-union.org\/es\/wp-json\/wp\/v2\/companies?post=167979"},{"taxonomy":"regions","embeddable":true,"href":"https:\/\/admin.industriall-union.org\/es\/wp-json\/wp\/v2\/regions?post=167979"},{"taxonomy":"sectors","embeddable":true,"href":"https:\/\/admin.industriall-union.org\/es\/wp-json\/wp\/v2\/sectors?post=167979"},{"taxonomy":"article_tags","embeddable":true,"href":"https:\/\/admin.industriall-union.org\/es\/wp-json\/wp\/v2\/article_tags?post=167979"}],"curies":[{"name":"wp","href":"https:\/\/api.w.org\/{rel}","templated":true}]}}