{"id":167878,"date":"2016-03-18T16:06:22","date_gmt":"2016-03-18T16:06:22","guid":{"rendered":"https:\/\/admin.industriall-union.org\/crown-desaloja-a-los-trabajadores-de-una-planta-marroqui\/"},"modified":"2025-02-07T04:18:06","modified_gmt":"2025-02-07T04:18:06","slug":"crown-desaloja-a-los-trabajadores-de-una-planta-marroqui","status":"publish","type":"article","link":"https:\/\/admin.industriall-union.org\/es\/crown-desaloja-a-los-trabajadores-de-una-planta-marroqui\/","title":{"rendered":"Crown desaloja a los trabajadores de una planta marroqu\u00ed"},"content":{"rendered":"<p>La polic\u00eda comenz\u00f3 a desalojar por la fuerza a los trabajadores de la f\u00e1brica de Agadir el 15 de marzo, seg\u00fan la Union Marocaine du Travail (UMT). Los trabajadores est\u00e1n en huelga en las f\u00e1bricas de Crown Packaging Maroc en Casablanca y Agadir desde el 2 de marzo.<\/p><p>La huelga se inici\u00f3 tras una serie de anuncios de la direcci\u00f3n sin negociaciones ni consultas con los representantes de los trabajadores.<\/p><p>Los trabajadores est\u00e1n particularmente preocupados por la falta de di\u00e1logo significativo con la direcci\u00f3n, el traslado de equipo de las f\u00e1bricas sin negociaciones previas y la no aplicaci\u00f3n de un acuerdo firmado en noviembre de 2014.<\/p><p>Otros motivos de inquietud son 60 despidos anunciados sin consulta previa con el sindicato, la presi\u00f3n ejercida sobre los trabajadores, oblig\u00e1ndolos a realizar m\u00e1s de 10 horas diarias, y la limitaci\u00f3n de las prestaciones sociales.<\/p><p>En una carta a la direcci\u00f3n de Crown Holding Inc. en Filadelfia (Estados Unidos), Jyrki Raina, secretario general de la IndustriALL, apoya las demandas de los trabajadores, y dice:<\/p><p>&ldquo;Es imperativo que Crown Packaging Maroc atienda la demandas leg\u00edtimas de la Union Marocaine du Travail. Crown tiene que entablar un di\u00e1logo social significativo con el sindicato, y respetar los derechos fundamentales de los trabajadores a la libertad sindical y la negociaci\u00f3n colectiva.&rdquo;<\/p>","protected":false},"featured_media":0,"template":"","issues":[424,425],"companies":[30],"regions":[300],"sectors":[481],"article_tags":[],"class_list":["post-167878","article","type-article","status-publish","hentry","issues-violation","issues-workers-rights","companies-crown","regions-morocco","sectors-base-metals"],"acf":[],"yoast_head":"<!-- This site is optimized with the Yoast SEO Premium plugin v27.1 (Yoast SEO v27.1) - https:\/\/yoast.com\/product\/yoast-seo-premium-wordpress\/ -->\n<title>Crown desaloja a los trabajadores de una planta marroqu\u00ed - industriall-union<\/title>\n<meta name=\"description\" content=\"La polic\u00eda comenz\u00f3 a desalojar por la fuerza a los trabajadores de la f\u00e1brica de Agadir el 15 de marzo, seg\u00fan la Union Marocaine du Travail (UMT). Los\" \/>\n<meta name=\"robots\" content=\"index, follow, max-snippet:-1, max-image-preview:large, max-video-preview:-1\" \/>\n<link rel=\"canonical\" href=\"https:\/\/admin.industriall-union.org\/es\/crown-desaloja-a-los-trabajadores-de-una-planta-marroqui\/\" \/>\n<meta property=\"og:locale\" content=\"es_ES\" \/>\n<meta property=\"og:type\" content=\"article\" \/>\n<meta property=\"og:title\" content=\"Crown desaloja a los trabajadores de una planta marroqu\u00ed\" \/>\n<meta property=\"og:description\" content=\"La polic\u00eda comenz\u00f3 a desalojar por la fuerza a los trabajadores de la f\u00e1brica de Agadir el 15 de marzo, seg\u00fan la Union Marocaine du Travail (UMT). Los\" \/>\n<meta property=\"og:url\" content=\"https:\/\/admin.industriall-union.org\/es\/crown-desaloja-a-los-trabajadores-de-una-planta-marroqui\/\" \/>\n<meta property=\"og:site_name\" content=\"industriall-union\" \/>\n<meta property=\"article:modified_time\" content=\"2025-02-07T04:18:06+00:00\" \/>\n<meta name=\"twitter:card\" content=\"summary_large_image\" \/>\n<meta name=\"twitter:label1\" content=\"Est. reading time\" \/>\n\t<meta name=\"twitter:data1\" content=\"1 minute\" \/>\n<script type=\"application\/ld+json\" class=\"yoast-schema-graph\">{\"@context\":\"https:\/\/schema.org\",\"@graph\":[{\"@type\":\"WebPage\",\"@id\":\"https:\/\/admin.industriall-union.org\/es\/crown-desaloja-a-los-trabajadores-de-una-planta-marroqui\/\",\"url\":\"https:\/\/admin.industriall-union.org\/es\/crown-desaloja-a-los-trabajadores-de-una-planta-marroqui\/\",\"name\":\"Crown desaloja a los trabajadores de una planta marroqu\u00ed - industriall-union\",\"isPartOf\":{\"@id\":\"https:\/\/admin.industriall-union.org\/ru\/#website\"},\"datePublished\":\"2016-03-18T16:06:22+00:00\",\"dateModified\":\"2025-02-07T04:18:06+00:00\",\"description\":\"La polic\u00eda comenz\u00f3 a desalojar por la fuerza a los trabajadores de la f\u00e1brica de Agadir el 15 de marzo, seg\u00fan la Union Marocaine du Travail (UMT). Los\",\"breadcrumb\":{\"@id\":\"https:\/\/admin.industriall-union.org\/es\/crown-desaloja-a-los-trabajadores-de-una-planta-marroqui\/#breadcrumb\"},\"inLanguage\":\"es-ES\",\"potentialAction\":[{\"@type\":\"ReadAction\",\"target\":[\"https:\/\/admin.industriall-union.org\/es\/crown-desaloja-a-los-trabajadores-de-una-planta-marroqui\/\"]}]},{\"@type\":\"BreadcrumbList\",\"@id\":\"https:\/\/admin.industriall-union.org\/es\/crown-desaloja-a-los-trabajadores-de-una-planta-marroqui\/#breadcrumb\",\"itemListElement\":[{\"@type\":\"ListItem\",\"position\":1,\"name\":\"Home\",\"item\":\"https:\/\/admin.industriall-union.org\/ru\/\"},{\"@type\":\"ListItem\",\"position\":2,\"name\":\"Articles\",\"item\":\"https:\/\/admin.industriall-union.org\/ru\/article\/\"},{\"@type\":\"ListItem\",\"position\":3,\"name\":\"Crown desaloja a los trabajadores de una planta marroqu\u00ed\"}]},{\"@type\":\"WebSite\",\"@id\":\"https:\/\/admin.industriall-union.org\/ru\/#website\",\"url\":\"https:\/\/admin.industriall-union.org\/ru\/\",\"name\":\"industriall-union\",\"description\":\"\",\"potentialAction\":[{\"@type\":\"SearchAction\",\"target\":{\"@type\":\"EntryPoint\",\"urlTemplate\":\"https:\/\/admin.industriall-union.org\/ru\/?s={search_term_string}\"},\"query-input\":{\"@type\":\"PropertyValueSpecification\",\"valueRequired\":true,\"valueName\":\"search_term_string\"}}],\"inLanguage\":\"es-ES\"}]}<\/script>\n<!-- \/ Yoast SEO Premium plugin. -->","yoast_head_json":{"title":"Crown desaloja a los trabajadores de una planta marroqu\u00ed - industriall-union","description":"La polic\u00eda comenz\u00f3 a desalojar por la fuerza a los trabajadores de la f\u00e1brica de Agadir el 15 de marzo, seg\u00fan la Union Marocaine du Travail (UMT). Los","robots":{"index":"index","follow":"follow","max-snippet":"max-snippet:-1","max-image-preview":"max-image-preview:large","max-video-preview":"max-video-preview:-1"},"canonical":"https:\/\/admin.industriall-union.org\/es\/crown-desaloja-a-los-trabajadores-de-una-planta-marroqui\/","og_locale":"es_ES","og_type":"article","og_title":"Crown desaloja a los trabajadores de una planta marroqu\u00ed","og_description":"La polic\u00eda comenz\u00f3 a desalojar por la fuerza a los trabajadores de la f\u00e1brica de Agadir el 15 de marzo, seg\u00fan la Union Marocaine du Travail (UMT). Los","og_url":"https:\/\/admin.industriall-union.org\/es\/crown-desaloja-a-los-trabajadores-de-una-planta-marroqui\/","og_site_name":"industriall-union","article_modified_time":"2025-02-07T04:18:06+00:00","twitter_card":"summary_large_image","twitter_misc":{"Est. reading time":"1 minute"},"schema":{"@context":"https:\/\/schema.org","@graph":[{"@type":"WebPage","@id":"https:\/\/admin.industriall-union.org\/es\/crown-desaloja-a-los-trabajadores-de-una-planta-marroqui\/","url":"https:\/\/admin.industriall-union.org\/es\/crown-desaloja-a-los-trabajadores-de-una-planta-marroqui\/","name":"Crown desaloja a los trabajadores de una planta marroqu\u00ed - industriall-union","isPartOf":{"@id":"https:\/\/admin.industriall-union.org\/ru\/#website"},"datePublished":"2016-03-18T16:06:22+00:00","dateModified":"2025-02-07T04:18:06+00:00","description":"La polic\u00eda comenz\u00f3 a desalojar por la fuerza a los trabajadores de la f\u00e1brica de Agadir el 15 de marzo, seg\u00fan la Union Marocaine du Travail (UMT). Los","breadcrumb":{"@id":"https:\/\/admin.industriall-union.org\/es\/crown-desaloja-a-los-trabajadores-de-una-planta-marroqui\/#breadcrumb"},"inLanguage":"es-ES","potentialAction":[{"@type":"ReadAction","target":["https:\/\/admin.industriall-union.org\/es\/crown-desaloja-a-los-trabajadores-de-una-planta-marroqui\/"]}]},{"@type":"BreadcrumbList","@id":"https:\/\/admin.industriall-union.org\/es\/crown-desaloja-a-los-trabajadores-de-una-planta-marroqui\/#breadcrumb","itemListElement":[{"@type":"ListItem","position":1,"name":"Home","item":"https:\/\/admin.industriall-union.org\/ru\/"},{"@type":"ListItem","position":2,"name":"Articles","item":"https:\/\/admin.industriall-union.org\/ru\/article\/"},{"@type":"ListItem","position":3,"name":"Crown desaloja a los trabajadores de una planta marroqu\u00ed"}]},{"@type":"WebSite","@id":"https:\/\/admin.industriall-union.org\/ru\/#website","url":"https:\/\/admin.industriall-union.org\/ru\/","name":"industriall-union","description":"","potentialAction":[{"@type":"SearchAction","target":{"@type":"EntryPoint","urlTemplate":"https:\/\/admin.industriall-union.org\/ru\/?s={search_term_string}"},"query-input":{"@type":"PropertyValueSpecification","valueRequired":true,"valueName":"search_term_string"}}],"inLanguage":"es-ES"}]}},"_links":{"self":[{"href":"https:\/\/admin.industriall-union.org\/es\/wp-json\/wp\/v2\/article\/167878","targetHints":{"allow":["GET"]}}],"collection":[{"href":"https:\/\/admin.industriall-union.org\/es\/wp-json\/wp\/v2\/article"}],"about":[{"href":"https:\/\/admin.industriall-union.org\/es\/wp-json\/wp\/v2\/types\/article"}],"wp:attachment":[{"href":"https:\/\/admin.industriall-union.org\/es\/wp-json\/wp\/v2\/media?parent=167878"}],"wp:term":[{"taxonomy":"issues","embeddable":true,"href":"https:\/\/admin.industriall-union.org\/es\/wp-json\/wp\/v2\/issues?post=167878"},{"taxonomy":"companies","embeddable":true,"href":"https:\/\/admin.industriall-union.org\/es\/wp-json\/wp\/v2\/companies?post=167878"},{"taxonomy":"regions","embeddable":true,"href":"https:\/\/admin.industriall-union.org\/es\/wp-json\/wp\/v2\/regions?post=167878"},{"taxonomy":"sectors","embeddable":true,"href":"https:\/\/admin.industriall-union.org\/es\/wp-json\/wp\/v2\/sectors?post=167878"},{"taxonomy":"article_tags","embeddable":true,"href":"https:\/\/admin.industriall-union.org\/es\/wp-json\/wp\/v2\/article_tags?post=167878"}],"curies":[{"name":"wp","href":"https:\/\/api.w.org\/{rel}","templated":true}]}}