{"id":167784,"date":"2016-03-24T10:21:42","date_gmt":"2016-03-24T10:21:42","guid":{"rendered":"https:\/\/admin.industriall-union.org\/whirlpool-firma-un-acuerdo-marco-con-los-trabajadores-en-europa\/"},"modified":"2025-02-07T04:07:29","modified_gmt":"2025-02-07T04:07:29","slug":"whirlpool-firma-un-acuerdo-marco-con-los-trabajadores-en-europa","status":"publish","type":"article","link":"https:\/\/admin.industriall-union.org\/es\/whirlpool-firma-un-acuerdo-marco-con-los-trabajadores-en-europa\/","title":{"rendered":"Whirlpool firma un acuerdo marco con los trabajadores en Europa"},"content":{"rendered":"<p>En una reuni\u00f3n en Roma el 18 de marzo de 2016, representantes de los trabajadores de Whirlpool e Indesit en Europa alcanzaron un acuerdo con la direcci\u00f3n de la compa\u00f1\u00eda para establecer un Comit\u00e9 de Empresa Europeo en la regi\u00f3n de Europa, Oriente Medio y \u00c1frica (EMEA). El acuerdo entrar\u00e1 en vigor el 1 de julio de 2016.<br \/><br \/>La direcci\u00f3n acept\u00f3 incorporar todas las enmiendas al acuerdo presentadas por el \u00f3rgano de negociaci\u00f3n especial del Comit\u00e9 de Empleados Europeo de Whirlpool (WEEC), lo que promete una nueva era de cooperaci\u00f3n industrial en la empresa.<\/p><p>La empresa estadounidense Whirlpool adquiri\u00f3 la totalidad de las acciones, haci\u00e9ndose con el control, de la gigantesca compa\u00f1\u00eda italiana Indesit a finales de 2014, duplicando su implantaci\u00f3n en Europa, Oriente Medio y \u00c1frica. La empresa fabrica productos de l\u00ednea blanca como neveras, lavadoras y cocinas.<br \/><br \/>La adquisici\u00f3n ha conducido a una serie de despidos, especialmente en Italia, y Whirlpool e Indesit han sido objeto de acciones de los sindicatos. Tras el acuerdo sobre el plan industrial para Italia, firmado el 24 de julio de 2015 por el Gobierno, los sindicatos y Whirlpool, mejoraron las relaciones con la empresa.<br \/><br \/>Kan Matsuzaki, director de la IndustriALL de TIC, Electricidad y Electr\u00f3nica, Construcci\u00f3n Naval y Desguace de Buques, dijo:<\/p><blockquote><p>&ldquo;Es un paso positivo que la empresa haya firmado el acuerdo, y adoptado las enmiendas propuestas por el WEEC. El per\u00edodo que sigui\u00f3 a la adquisici\u00f3n de Indesit fue dif\u00edcil, y hubo conflictos sobre el exceso de personal. Creo que este acuerdo significa que la empresa reconoce el papel de los sindicatos, y dar\u00e1 lugar a una mejor comunicaci\u00f3n.&rdquo;<\/p><\/blockquote><p>El coordinador europeo de la IndustriAll del WEEC, Gianni Alioti, dijo:<\/p><blockquote><p>&ldquo;Nos satisface la terminolog\u00eda de este acuerdo, que cumple las directivas europeas pertinentes. Tiene varias ventajas en comparaci\u00f3n con muchos otros acuerdos de CEE. Prev\u00e9 la plena participaci\u00f3n de los representantes de los trabajadores, y se extiende tambi\u00e9n a Rusia, Sud\u00e1frica y Turqu\u00eda. Esto promover\u00e1 la integraci\u00f3n entre las diferentes culturas de los empleados de Whirlpool.&rdquo;<\/p><\/blockquote>","protected":false},"featured_media":0,"template":"","issues":[407],"companies":[147],"regions":[224],"sectors":[490],"article_tags":[],"class_list":["post-167784","article","type-article","status-publish","hentry","issues-global-framework-agreements","companies-whirlpool","regions-italy","sectors-ict-electrical-and-electronics"],"acf":[],"yoast_head":"<!-- This site is optimized with the Yoast SEO Premium plugin v27.1 (Yoast SEO v27.1) - https:\/\/yoast.com\/product\/yoast-seo-premium-wordpress\/ -->\n<title>Whirlpool firma un acuerdo marco con los trabajadores en Europa - industriall-union<\/title>\n<meta name=\"description\" content=\"En una reuni\u00f3n en Roma el 18 de marzo de 2016, representantes de los trabajadores de Whirlpool e Indesit en Europa alcanzaron un acuerdo con la direcci\u00f3n\" \/>\n<meta name=\"robots\" content=\"index, follow, max-snippet:-1, max-image-preview:large, max-video-preview:-1\" \/>\n<link rel=\"canonical\" href=\"https:\/\/admin.industriall-union.org\/es\/whirlpool-firma-un-acuerdo-marco-con-los-trabajadores-en-europa\/\" \/>\n<meta property=\"og:locale\" content=\"es_ES\" \/>\n<meta property=\"og:type\" content=\"article\" \/>\n<meta property=\"og:title\" content=\"Whirlpool firma un acuerdo marco con los trabajadores en Europa\" \/>\n<meta property=\"og:description\" content=\"En una reuni\u00f3n en Roma el 18 de marzo de 2016, representantes de los trabajadores de Whirlpool e Indesit en Europa alcanzaron un acuerdo con la direcci\u00f3n\" \/>\n<meta property=\"og:url\" content=\"https:\/\/admin.industriall-union.org\/es\/whirlpool-firma-un-acuerdo-marco-con-los-trabajadores-en-europa\/\" \/>\n<meta property=\"og:site_name\" content=\"industriall-union\" \/>\n<meta property=\"article:modified_time\" content=\"2025-02-07T04:07:29+00:00\" \/>\n<meta name=\"twitter:card\" content=\"summary_large_image\" \/>\n<meta name=\"twitter:label1\" content=\"Est. reading time\" \/>\n\t<meta name=\"twitter:data1\" content=\"2 minutes\" \/>\n<script type=\"application\/ld+json\" class=\"yoast-schema-graph\">{\"@context\":\"https:\/\/schema.org\",\"@graph\":[{\"@type\":\"WebPage\",\"@id\":\"https:\/\/admin.industriall-union.org\/es\/whirlpool-firma-un-acuerdo-marco-con-los-trabajadores-en-europa\/\",\"url\":\"https:\/\/admin.industriall-union.org\/es\/whirlpool-firma-un-acuerdo-marco-con-los-trabajadores-en-europa\/\",\"name\":\"Whirlpool firma un acuerdo marco con los trabajadores en Europa - industriall-union\",\"isPartOf\":{\"@id\":\"https:\/\/admin.industriall-union.org\/#website\"},\"datePublished\":\"2016-03-24T10:21:42+00:00\",\"dateModified\":\"2025-02-07T04:07:29+00:00\",\"description\":\"En una reuni\u00f3n en Roma el 18 de marzo de 2016, representantes de los trabajadores de Whirlpool e Indesit en Europa alcanzaron un acuerdo con la direcci\u00f3n\",\"breadcrumb\":{\"@id\":\"https:\/\/admin.industriall-union.org\/es\/whirlpool-firma-un-acuerdo-marco-con-los-trabajadores-en-europa\/#breadcrumb\"},\"inLanguage\":\"es-ES\",\"potentialAction\":[{\"@type\":\"ReadAction\",\"target\":[\"https:\/\/admin.industriall-union.org\/es\/whirlpool-firma-un-acuerdo-marco-con-los-trabajadores-en-europa\/\"]}]},{\"@type\":\"BreadcrumbList\",\"@id\":\"https:\/\/admin.industriall-union.org\/es\/whirlpool-firma-un-acuerdo-marco-con-los-trabajadores-en-europa\/#breadcrumb\",\"itemListElement\":[{\"@type\":\"ListItem\",\"position\":1,\"name\":\"Home\",\"item\":\"https:\/\/admin.industriall-union.org\/\"},{\"@type\":\"ListItem\",\"position\":2,\"name\":\"Articles\",\"item\":\"https:\/\/admin.industriall-union.org\/article\/\"},{\"@type\":\"ListItem\",\"position\":3,\"name\":\"Whirlpool firma un acuerdo marco con los trabajadores en Europa\"}]},{\"@type\":\"WebSite\",\"@id\":\"https:\/\/admin.industriall-union.org\/#website\",\"url\":\"https:\/\/admin.industriall-union.org\/\",\"name\":\"industriall-union\",\"description\":\"\",\"potentialAction\":[{\"@type\":\"SearchAction\",\"target\":{\"@type\":\"EntryPoint\",\"urlTemplate\":\"https:\/\/admin.industriall-union.org\/?s={search_term_string}\"},\"query-input\":{\"@type\":\"PropertyValueSpecification\",\"valueRequired\":true,\"valueName\":\"search_term_string\"}}],\"inLanguage\":\"es-ES\"}]}<\/script>\n<!-- \/ Yoast SEO Premium plugin. -->","yoast_head_json":{"title":"Whirlpool firma un acuerdo marco con los trabajadores en Europa - industriall-union","description":"En una reuni\u00f3n en Roma el 18 de marzo de 2016, representantes de los trabajadores de Whirlpool e Indesit en Europa alcanzaron un acuerdo con la direcci\u00f3n","robots":{"index":"index","follow":"follow","max-snippet":"max-snippet:-1","max-image-preview":"max-image-preview:large","max-video-preview":"max-video-preview:-1"},"canonical":"https:\/\/admin.industriall-union.org\/es\/whirlpool-firma-un-acuerdo-marco-con-los-trabajadores-en-europa\/","og_locale":"es_ES","og_type":"article","og_title":"Whirlpool firma un acuerdo marco con los trabajadores en Europa","og_description":"En una reuni\u00f3n en Roma el 18 de marzo de 2016, representantes de los trabajadores de Whirlpool e Indesit en Europa alcanzaron un acuerdo con la direcci\u00f3n","og_url":"https:\/\/admin.industriall-union.org\/es\/whirlpool-firma-un-acuerdo-marco-con-los-trabajadores-en-europa\/","og_site_name":"industriall-union","article_modified_time":"2025-02-07T04:07:29+00:00","twitter_card":"summary_large_image","twitter_misc":{"Est. reading time":"2 minutes"},"schema":{"@context":"https:\/\/schema.org","@graph":[{"@type":"WebPage","@id":"https:\/\/admin.industriall-union.org\/es\/whirlpool-firma-un-acuerdo-marco-con-los-trabajadores-en-europa\/","url":"https:\/\/admin.industriall-union.org\/es\/whirlpool-firma-un-acuerdo-marco-con-los-trabajadores-en-europa\/","name":"Whirlpool firma un acuerdo marco con los trabajadores en Europa - industriall-union","isPartOf":{"@id":"https:\/\/admin.industriall-union.org\/#website"},"datePublished":"2016-03-24T10:21:42+00:00","dateModified":"2025-02-07T04:07:29+00:00","description":"En una reuni\u00f3n en Roma el 18 de marzo de 2016, representantes de los trabajadores de Whirlpool e Indesit en Europa alcanzaron un acuerdo con la direcci\u00f3n","breadcrumb":{"@id":"https:\/\/admin.industriall-union.org\/es\/whirlpool-firma-un-acuerdo-marco-con-los-trabajadores-en-europa\/#breadcrumb"},"inLanguage":"es-ES","potentialAction":[{"@type":"ReadAction","target":["https:\/\/admin.industriall-union.org\/es\/whirlpool-firma-un-acuerdo-marco-con-los-trabajadores-en-europa\/"]}]},{"@type":"BreadcrumbList","@id":"https:\/\/admin.industriall-union.org\/es\/whirlpool-firma-un-acuerdo-marco-con-los-trabajadores-en-europa\/#breadcrumb","itemListElement":[{"@type":"ListItem","position":1,"name":"Home","item":"https:\/\/admin.industriall-union.org\/"},{"@type":"ListItem","position":2,"name":"Articles","item":"https:\/\/admin.industriall-union.org\/article\/"},{"@type":"ListItem","position":3,"name":"Whirlpool firma un acuerdo marco con los trabajadores en Europa"}]},{"@type":"WebSite","@id":"https:\/\/admin.industriall-union.org\/#website","url":"https:\/\/admin.industriall-union.org\/","name":"industriall-union","description":"","potentialAction":[{"@type":"SearchAction","target":{"@type":"EntryPoint","urlTemplate":"https:\/\/admin.industriall-union.org\/?s={search_term_string}"},"query-input":{"@type":"PropertyValueSpecification","valueRequired":true,"valueName":"search_term_string"}}],"inLanguage":"es-ES"}]}},"_links":{"self":[{"href":"https:\/\/admin.industriall-union.org\/es\/wp-json\/wp\/v2\/article\/167784","targetHints":{"allow":["GET"]}}],"collection":[{"href":"https:\/\/admin.industriall-union.org\/es\/wp-json\/wp\/v2\/article"}],"about":[{"href":"https:\/\/admin.industriall-union.org\/es\/wp-json\/wp\/v2\/types\/article"}],"wp:attachment":[{"href":"https:\/\/admin.industriall-union.org\/es\/wp-json\/wp\/v2\/media?parent=167784"}],"wp:term":[{"taxonomy":"issues","embeddable":true,"href":"https:\/\/admin.industriall-union.org\/es\/wp-json\/wp\/v2\/issues?post=167784"},{"taxonomy":"companies","embeddable":true,"href":"https:\/\/admin.industriall-union.org\/es\/wp-json\/wp\/v2\/companies?post=167784"},{"taxonomy":"regions","embeddable":true,"href":"https:\/\/admin.industriall-union.org\/es\/wp-json\/wp\/v2\/regions?post=167784"},{"taxonomy":"sectors","embeddable":true,"href":"https:\/\/admin.industriall-union.org\/es\/wp-json\/wp\/v2\/sectors?post=167784"},{"taxonomy":"article_tags","embeddable":true,"href":"https:\/\/admin.industriall-union.org\/es\/wp-json\/wp\/v2\/article_tags?post=167784"}],"curies":[{"name":"wp","href":"https:\/\/api.w.org\/{rel}","templated":true}]}}