{"id":167767,"date":"2016-03-30T13:48:10","date_gmt":"2016-03-30T13:48:10","guid":{"rendered":"https:\/\/admin.industriall-union.org\/activista-de-la-comunidad-minera-asesinado-en-la-costa-salvaje-de-sudafrica\/"},"modified":"2025-02-07T04:04:47","modified_gmt":"2025-02-07T04:04:47","slug":"activista-de-la-comunidad-minera-asesinado-en-la-costa-salvaje-de-sudafrica","status":"publish","type":"article","link":"https:\/\/admin.industriall-union.org\/es\/activista-de-la-comunidad-minera-asesinado-en-la-costa-salvaje-de-sudafrica\/","title":{"rendered":"Activista de la comunidad minera asesinado en la Costa Salvaje de Sud\u00e1frica"},"content":{"rendered":"<p>Sikhosiphi &ldquo;Bazooka&rdquo; Rhadebe, presidente del Comit\u00e9 de Crisis Amadiba, fue asesinado delante de su casa el 22 de marzo de 2016, por hombres que dec\u00edan ser polic\u00edas.<\/p><p>Rhadebe, apodado &ldquo;Bazooka&rdquo;, era un destacado adversario de la mina Xolobeni propuesta, en la pr\u00edstina regi\u00f3n de la Costa Salvaje de la provincia oriental del Cabo de Sud\u00e1frica.<br \/><br \/>Dos hombres que se dec\u00edan polic\u00edas llegaron a casa de Rhadebe en un autom\u00f3vil con girofaro azul. Dijeron que quedaba detenido, pero cuando sali\u00f3 hacia su autom\u00f3vil le dispararon ocho veces delante de su familia.<br \/><br \/>Antes, esa misma tarde, Rhadebe telefone\u00f3 a otros activistas comunitarios para advertirles de que corr\u00edan peligro, pues hab\u00eda visto sus nombres en una lista de activistas que se opon\u00edan a la mina.<br \/><br \/>La mina de titanio propuesta es un proyecto de Transworld, una filial totalmente propiedad de la empresa australiana Mineral Commodities. La mina se est\u00e1 desarrollando en asociaci\u00f3n con una empresa local, la Xolobeni Empowerment Company.<br \/><br \/>El desarrollo ha tropezado con una tenaz oposici\u00f3n de la comunidad local. Se est\u00e1 estableciendo sobre tierras ancestrales que la comunidad utiliza para su subsistencia. La comunidad form\u00f3 el Comit\u00e9 de Crisis Amadiba en 2007, y recientemente present\u00f3 una objeci\u00f3n legal a la mina.<br \/><br \/>El asesinato viene a culminar diez a\u00f1os de candente conflicto, porque activistas de la comunidad se niegan a que la empresa acceda a las tierras, y miembros de la comunidad han sido objeto de incidentes de violencia e intimidaci\u00f3n. El Comit\u00e9 de Crisis Amadiba acusa a Mineral Commodities y a sus asociados y aliados locales de recurrir a la violencia para intimidar a la comunidad a fin de que acepte la mina.<br \/>&nbsp;<\/p><p>Mineral Commodities niega su participaci\u00f3n y dijo en un comunicado que &ldquo;condena la violencia&rdquo;. Sin embargo, el director ejecutivo Mark Caruso hab\u00eda amenazado previamente con una &ldquo;lluvia de venganza&rdquo; a los adversarios de otra mina que est\u00e1 desarrollando la compa\u00f1\u00eda en Sud\u00e1frica.<br \/><br \/>El director de miner\u00eda de la IndustriALL, Glen Mpufane, dijo:<\/p><blockquote><p>&ldquo;El asesinato de &ldquo;Bazooka&rdquo; Rhadebe en las operaciones de Mineral Commodities en la Costa Salvaje no es ninguna sorpresa para quienes han seguido el actual conflicto en la comunidad Xolobeni.<br \/><br \/>&ldquo;Se ajusta al patr\u00f3n de la intenci\u00f3n global de la industria&nbsp; minera de la obtenci\u00f3n de beneficios y saqueo a toda costa. Nuestra experiencia muestra&nbsp; que las fuerzas paramilitares sombr\u00edas atacan con frecuencia a los activistas comunitarios y sindicales, y estamos indignados de que esto haya sucedido en Xolobeni.<br \/><br \/>&ldquo;La IndustriALL cree que la miner\u00eda sostenible requiere la participaci\u00f3n de los sindicatos y de la comunidad. Condenamos a Mineral Commodities por no respetar el c\u00f3digo de conducta australiano para las empresas multinacionales, y exigimos rendici\u00f3n de cuentas.&rdquo;<\/p><\/blockquote>","protected":false},"featured_media":0,"template":"","issues":[422],"companies":[],"regions":[157,350],"sectors":[495],"article_tags":[],"class_list":["post-167767","article","type-article","status-publish","hentry","issues-human-trade-union-rights","regions-australia","regions-south-africa","sectors-mining"],"acf":[],"yoast_head":"<!-- This site is optimized with the Yoast SEO Premium plugin v27.1 (Yoast SEO v27.1) - https:\/\/yoast.com\/product\/yoast-seo-premium-wordpress\/ -->\n<title>Activista de la comunidad minera asesinado en la Costa Salvaje de Sud\u00e1frica - industriall-union<\/title>\n<meta name=\"description\" content=\"Sikhosiphi &ldquo;Bazooka&rdquo; Rhadebe, presidente del Comit\u00e9 de Crisis Amadiba, fue asesinado delante de su casa el 22 de marzo de 2016, por hombres\" \/>\n<meta name=\"robots\" content=\"index, follow, max-snippet:-1, max-image-preview:large, max-video-preview:-1\" \/>\n<link rel=\"canonical\" href=\"https:\/\/admin.industriall-union.org\/es\/activista-de-la-comunidad-minera-asesinado-en-la-costa-salvaje-de-sudafrica\/\" \/>\n<meta property=\"og:locale\" content=\"es_ES\" \/>\n<meta property=\"og:type\" content=\"article\" \/>\n<meta property=\"og:title\" content=\"Activista de la comunidad minera asesinado en la Costa Salvaje de Sud\u00e1frica\" \/>\n<meta property=\"og:description\" content=\"Sikhosiphi &ldquo;Bazooka&rdquo; Rhadebe, presidente del Comit\u00e9 de Crisis Amadiba, fue asesinado delante de su casa el 22 de marzo de 2016, por hombres\" \/>\n<meta property=\"og:url\" content=\"https:\/\/admin.industriall-union.org\/es\/activista-de-la-comunidad-minera-asesinado-en-la-costa-salvaje-de-sudafrica\/\" \/>\n<meta property=\"og:site_name\" content=\"industriall-union\" \/>\n<meta property=\"article:modified_time\" content=\"2025-02-07T04:04:47+00:00\" \/>\n<meta name=\"twitter:card\" content=\"summary_large_image\" \/>\n<meta name=\"twitter:label1\" content=\"Est. reading time\" \/>\n\t<meta name=\"twitter:data1\" content=\"2 minutes\" \/>\n<script type=\"application\/ld+json\" class=\"yoast-schema-graph\">{\"@context\":\"https:\/\/schema.org\",\"@graph\":[{\"@type\":\"WebPage\",\"@id\":\"https:\/\/admin.industriall-union.org\/es\/activista-de-la-comunidad-minera-asesinado-en-la-costa-salvaje-de-sudafrica\/\",\"url\":\"https:\/\/admin.industriall-union.org\/es\/activista-de-la-comunidad-minera-asesinado-en-la-costa-salvaje-de-sudafrica\/\",\"name\":\"Activista de la comunidad minera asesinado en la Costa Salvaje de Sud\u00e1frica - industriall-union\",\"isPartOf\":{\"@id\":\"https:\/\/admin.industriall-union.org\/#website\"},\"datePublished\":\"2016-03-30T13:48:10+00:00\",\"dateModified\":\"2025-02-07T04:04:47+00:00\",\"description\":\"Sikhosiphi &ldquo;Bazooka&rdquo; Rhadebe, presidente del Comit\u00e9 de Crisis Amadiba, fue asesinado delante de su casa el 22 de marzo de 2016, por hombres\",\"breadcrumb\":{\"@id\":\"https:\/\/admin.industriall-union.org\/es\/activista-de-la-comunidad-minera-asesinado-en-la-costa-salvaje-de-sudafrica\/#breadcrumb\"},\"inLanguage\":\"es-ES\",\"potentialAction\":[{\"@type\":\"ReadAction\",\"target\":[\"https:\/\/admin.industriall-union.org\/es\/activista-de-la-comunidad-minera-asesinado-en-la-costa-salvaje-de-sudafrica\/\"]}]},{\"@type\":\"BreadcrumbList\",\"@id\":\"https:\/\/admin.industriall-union.org\/es\/activista-de-la-comunidad-minera-asesinado-en-la-costa-salvaje-de-sudafrica\/#breadcrumb\",\"itemListElement\":[{\"@type\":\"ListItem\",\"position\":1,\"name\":\"Home\",\"item\":\"https:\/\/admin.industriall-union.org\/\"},{\"@type\":\"ListItem\",\"position\":2,\"name\":\"Articles\",\"item\":\"https:\/\/admin.industriall-union.org\/article\/\"},{\"@type\":\"ListItem\",\"position\":3,\"name\":\"Activista de la comunidad minera asesinado en la Costa Salvaje de Sud\u00e1frica\"}]},{\"@type\":\"WebSite\",\"@id\":\"https:\/\/admin.industriall-union.org\/#website\",\"url\":\"https:\/\/admin.industriall-union.org\/\",\"name\":\"industriall-union\",\"description\":\"\",\"potentialAction\":[{\"@type\":\"SearchAction\",\"target\":{\"@type\":\"EntryPoint\",\"urlTemplate\":\"https:\/\/admin.industriall-union.org\/?s={search_term_string}\"},\"query-input\":{\"@type\":\"PropertyValueSpecification\",\"valueRequired\":true,\"valueName\":\"search_term_string\"}}],\"inLanguage\":\"es-ES\"}]}<\/script>\n<!-- \/ Yoast SEO Premium plugin. -->","yoast_head_json":{"title":"Activista de la comunidad minera asesinado en la Costa Salvaje de Sud\u00e1frica - industriall-union","description":"Sikhosiphi &ldquo;Bazooka&rdquo; Rhadebe, presidente del Comit\u00e9 de Crisis Amadiba, fue asesinado delante de su casa el 22 de marzo de 2016, por hombres","robots":{"index":"index","follow":"follow","max-snippet":"max-snippet:-1","max-image-preview":"max-image-preview:large","max-video-preview":"max-video-preview:-1"},"canonical":"https:\/\/admin.industriall-union.org\/es\/activista-de-la-comunidad-minera-asesinado-en-la-costa-salvaje-de-sudafrica\/","og_locale":"es_ES","og_type":"article","og_title":"Activista de la comunidad minera asesinado en la Costa Salvaje de Sud\u00e1frica","og_description":"Sikhosiphi &ldquo;Bazooka&rdquo; Rhadebe, presidente del Comit\u00e9 de Crisis Amadiba, fue asesinado delante de su casa el 22 de marzo de 2016, por hombres","og_url":"https:\/\/admin.industriall-union.org\/es\/activista-de-la-comunidad-minera-asesinado-en-la-costa-salvaje-de-sudafrica\/","og_site_name":"industriall-union","article_modified_time":"2025-02-07T04:04:47+00:00","twitter_card":"summary_large_image","twitter_misc":{"Est. reading time":"2 minutes"},"schema":{"@context":"https:\/\/schema.org","@graph":[{"@type":"WebPage","@id":"https:\/\/admin.industriall-union.org\/es\/activista-de-la-comunidad-minera-asesinado-en-la-costa-salvaje-de-sudafrica\/","url":"https:\/\/admin.industriall-union.org\/es\/activista-de-la-comunidad-minera-asesinado-en-la-costa-salvaje-de-sudafrica\/","name":"Activista de la comunidad minera asesinado en la Costa Salvaje de Sud\u00e1frica - industriall-union","isPartOf":{"@id":"https:\/\/admin.industriall-union.org\/#website"},"datePublished":"2016-03-30T13:48:10+00:00","dateModified":"2025-02-07T04:04:47+00:00","description":"Sikhosiphi &ldquo;Bazooka&rdquo; Rhadebe, presidente del Comit\u00e9 de Crisis Amadiba, fue asesinado delante de su casa el 22 de marzo de 2016, por hombres","breadcrumb":{"@id":"https:\/\/admin.industriall-union.org\/es\/activista-de-la-comunidad-minera-asesinado-en-la-costa-salvaje-de-sudafrica\/#breadcrumb"},"inLanguage":"es-ES","potentialAction":[{"@type":"ReadAction","target":["https:\/\/admin.industriall-union.org\/es\/activista-de-la-comunidad-minera-asesinado-en-la-costa-salvaje-de-sudafrica\/"]}]},{"@type":"BreadcrumbList","@id":"https:\/\/admin.industriall-union.org\/es\/activista-de-la-comunidad-minera-asesinado-en-la-costa-salvaje-de-sudafrica\/#breadcrumb","itemListElement":[{"@type":"ListItem","position":1,"name":"Home","item":"https:\/\/admin.industriall-union.org\/"},{"@type":"ListItem","position":2,"name":"Articles","item":"https:\/\/admin.industriall-union.org\/article\/"},{"@type":"ListItem","position":3,"name":"Activista de la comunidad minera asesinado en la Costa Salvaje de Sud\u00e1frica"}]},{"@type":"WebSite","@id":"https:\/\/admin.industriall-union.org\/#website","url":"https:\/\/admin.industriall-union.org\/","name":"industriall-union","description":"","potentialAction":[{"@type":"SearchAction","target":{"@type":"EntryPoint","urlTemplate":"https:\/\/admin.industriall-union.org\/?s={search_term_string}"},"query-input":{"@type":"PropertyValueSpecification","valueRequired":true,"valueName":"search_term_string"}}],"inLanguage":"es-ES"}]}},"_links":{"self":[{"href":"https:\/\/admin.industriall-union.org\/es\/wp-json\/wp\/v2\/article\/167767","targetHints":{"allow":["GET"]}}],"collection":[{"href":"https:\/\/admin.industriall-union.org\/es\/wp-json\/wp\/v2\/article"}],"about":[{"href":"https:\/\/admin.industriall-union.org\/es\/wp-json\/wp\/v2\/types\/article"}],"wp:attachment":[{"href":"https:\/\/admin.industriall-union.org\/es\/wp-json\/wp\/v2\/media?parent=167767"}],"wp:term":[{"taxonomy":"issues","embeddable":true,"href":"https:\/\/admin.industriall-union.org\/es\/wp-json\/wp\/v2\/issues?post=167767"},{"taxonomy":"companies","embeddable":true,"href":"https:\/\/admin.industriall-union.org\/es\/wp-json\/wp\/v2\/companies?post=167767"},{"taxonomy":"regions","embeddable":true,"href":"https:\/\/admin.industriall-union.org\/es\/wp-json\/wp\/v2\/regions?post=167767"},{"taxonomy":"sectors","embeddable":true,"href":"https:\/\/admin.industriall-union.org\/es\/wp-json\/wp\/v2\/sectors?post=167767"},{"taxonomy":"article_tags","embeddable":true,"href":"https:\/\/admin.industriall-union.org\/es\/wp-json\/wp\/v2\/article_tags?post=167767"}],"curies":[{"name":"wp","href":"https:\/\/api.w.org\/{rel}","templated":true}]}}