{"id":167680,"date":"2016-04-12T19:34:59","date_gmt":"2016-04-12T19:34:59","guid":{"rendered":"https:\/\/admin.industriall-union.org\/energica-protesta-de-trabajadores-siderurgicos-de-alemania\/"},"modified":"2025-02-07T03:34:40","modified_gmt":"2025-02-07T03:34:40","slug":"energica-protesta-de-trabajadores-siderurgicos-de-alemania","status":"publish","type":"article","link":"https:\/\/admin.industriall-union.org\/es\/energica-protesta-de-trabajadores-siderurgicos-de-alemania\/","title":{"rendered":"En\u00e9rgica protesta de trabajadores sider\u00fargicos de Alemania"},"content":{"rendered":"<p>En efecto, para esa ocasi\u00f3n, IG Metall, sindicato de Alemania afiliado a IndustriALL, organiz\u00f3 una serie de protestas masivas con el lema &quot;El acero es el futuro&quot;, como se\u00f1al de que existe la industria sider\u00fargica europea y que tiene un futuro.<\/p><p>En Duisburg, sede de las mayores plantas sider\u00fargicas de ThyssenKrupp, se reunieron 16.000 trabajadores sider\u00fargicos para demostrar que est\u00e1n unidos en la defensa de la gran industria sider\u00fargica de Europa y Alemania, y que no aceptar\u00e1n la desindustrializaci\u00f3n de Europa.<\/p><p>Sus principales planteamientos son los siguientes:<\/p><ul><li>El acero es un producto de tecnolog\u00eda avanzada que, en Europa, y especialmente en Alemania, se elabora en base a normas \u00f3ptimas en lo que se refiere a condiciones de trabajo, calidad de producci\u00f3n, y protecci\u00f3n del medio ambiente<\/li><li>La pol\u00edtica que se aplica en Europa tiene que tomar en cuenta la reducci\u00f3n anterior del CO2 en este sector sumamente eficiente, en vez de poner m\u00e1s trabas y dificultades<\/li><li>Los trabajadores sider\u00fargicos de Alemania no est\u00e1n dispuestos a aceptar una pol\u00edtica que permita el dumping de acero importado que cuenta con subvenciones injustas y se produce sin respeto por las condiciones establecidas para el CO2, los derechos laborales, los salarios, etc\u00e9tera.<\/li><\/ul><p>Se comunic\u00f3 este claro y en\u00e9rgico mensaje dirigido a la direcci\u00f3n pol\u00edtica alemana y europea, en el que se exige un cambio de pol\u00edtica, para no poner fin a la industrializaci\u00f3n. La desindustrializaci\u00f3n significar\u00eda p\u00e9rdidas de puestos de trabajo en Alemania y Europa, adem\u00e1s de un mayor nivel de emisiones de CO2, como as\u00ed tambi\u00e9n peores condiciones de trabajo.<\/p><p>Estuvieron presentes en la reuni\u00f3n el Vicecanciller y el Ministro de Asuntos Econ\u00f3micos de Alemania; se comprometieron a defender la industria sider\u00fargica y los intereses de sus trabajadores.<\/p><p>Tambi\u00e9n estuvo presente en Duisburg todo el comit\u00e9 ejecutivo de IG Metall. En un vehemente discurso de apoyo al futuro de la producci\u00f3n del acero en Alemania, el Presidente de IG Metall, J\u00f6rg Hofmann, se\u00f1al\u00f3:<\/p><p>&ldquo;&iexcl;Queremos un futuro para nuestros puestos de trabajo! &iexcl;Queremos un futuro para nuestras familias! &iexcl;Queremos un futuro para nuestras regiones y queremos un futuro para la fabricaci\u00f3n en Alemania y Europa, y la fabricaci\u00f3n no es posible sin el acero!<\/p><p>&ldquo;El acero es el futuro, y \u00e9se es el motivo que nos ha tra\u00eddo aqu\u00ed para estar presentes en el d\u00eda de hoy. &iexcl;Para luchar, no s\u00f3lo para salvar las plantas de fabricaci\u00f3n del acero de Alemania que existen en la actualidad: estamos luchando para que sobreviva la industria fabril en Europa!&rdquo;<\/p><p>Todo el comit\u00e9 internacional en ThyssenKrupp, donde IndustriALL tiene representaci\u00f3n, demostr\u00f3 su solidaridad en un aplauso cerrado, diciendo &quot;&iexcl;El acero es nuestro futuro!&quot;<\/p><p>Por otra parte, Matthias Hartwich, Director de los Sectores de Ingenier\u00eda Mec\u00e1nica y Materiales de IndustriALL, y miembro del comit\u00e9 internacional en ThyssenKrupp, dijo lo siguiente:<\/p><p>&ldquo;Hoy se ha sentido el latido del coraz\u00f3n de acero de los 16.000 hombres y mujeres reunidos aqu\u00ed en Duisburg. Espero que estos latidos hayan sido escuchados desde Duisburg a Berl\u00edn, e incluso en Bruselas, para que los pol\u00edticos act\u00faen en contra del descabellado programa de desindustrializaci\u00f3n de Europa. Estar aqu\u00ed presente con Uds. me ha complacido enormemente&rdquo;.&nbsp;<\/p>","protected":false},"featured_media":0,"template":"","issues":[392],"companies":[],"regions":[202,219],"sectors":[481],"article_tags":[],"class_list":["post-167680","article","type-article","status-publish","hentry","issues-sustainable-industrial-policy","regions-europe","regions-germany","sectors-base-metals"],"acf":[],"yoast_head":"<!-- This site is optimized with the Yoast SEO Premium plugin v27.1 (Yoast SEO v27.1) - https:\/\/yoast.com\/product\/yoast-seo-premium-wordpress\/ -->\n<title>En\u00e9rgica protesta de trabajadores sider\u00fargicos de Alemania - industriall-union<\/title>\n<meta name=\"description\" content=\"En efecto, para esa ocasi\u00f3n, IG Metall, sindicato de Alemania afiliado a IndustriALL, organiz\u00f3 una serie de protestas masivas con el lema &quot;El acero\" \/>\n<meta name=\"robots\" content=\"index, follow, max-snippet:-1, max-image-preview:large, max-video-preview:-1\" \/>\n<link rel=\"canonical\" href=\"https:\/\/admin.industriall-union.org\/es\/energica-protesta-de-trabajadores-siderurgicos-de-alemania\/\" \/>\n<meta property=\"og:locale\" content=\"es_ES\" \/>\n<meta property=\"og:type\" content=\"article\" \/>\n<meta property=\"og:title\" content=\"En\u00e9rgica protesta de trabajadores sider\u00fargicos de Alemania\" \/>\n<meta property=\"og:description\" content=\"En efecto, para esa ocasi\u00f3n, IG Metall, sindicato de Alemania afiliado a IndustriALL, organiz\u00f3 una serie de protestas masivas con el lema &quot;El acero\" \/>\n<meta property=\"og:url\" content=\"https:\/\/admin.industriall-union.org\/es\/energica-protesta-de-trabajadores-siderurgicos-de-alemania\/\" \/>\n<meta property=\"og:site_name\" content=\"industriall-union\" \/>\n<meta property=\"article:modified_time\" content=\"2025-02-07T03:34:40+00:00\" \/>\n<meta name=\"twitter:card\" content=\"summary_large_image\" \/>\n<meta name=\"twitter:label1\" content=\"Est. reading time\" \/>\n\t<meta name=\"twitter:data1\" content=\"3 minutes\" \/>\n<script type=\"application\/ld+json\" class=\"yoast-schema-graph\">{\"@context\":\"https:\/\/schema.org\",\"@graph\":[{\"@type\":\"WebPage\",\"@id\":\"https:\/\/admin.industriall-union.org\/es\/energica-protesta-de-trabajadores-siderurgicos-de-alemania\/\",\"url\":\"https:\/\/admin.industriall-union.org\/es\/energica-protesta-de-trabajadores-siderurgicos-de-alemania\/\",\"name\":\"En\u00e9rgica protesta de trabajadores sider\u00fargicos de Alemania - industriall-union\",\"isPartOf\":{\"@id\":\"https:\/\/admin.industriall-union.org\/#website\"},\"datePublished\":\"2016-04-12T19:34:59+00:00\",\"dateModified\":\"2025-02-07T03:34:40+00:00\",\"description\":\"En efecto, para esa ocasi\u00f3n, IG Metall, sindicato de Alemania afiliado a IndustriALL, organiz\u00f3 una serie de protestas masivas con el lema &quot;El acero\",\"breadcrumb\":{\"@id\":\"https:\/\/admin.industriall-union.org\/es\/energica-protesta-de-trabajadores-siderurgicos-de-alemania\/#breadcrumb\"},\"inLanguage\":\"es-ES\",\"potentialAction\":[{\"@type\":\"ReadAction\",\"target\":[\"https:\/\/admin.industriall-union.org\/es\/energica-protesta-de-trabajadores-siderurgicos-de-alemania\/\"]}]},{\"@type\":\"BreadcrumbList\",\"@id\":\"https:\/\/admin.industriall-union.org\/es\/energica-protesta-de-trabajadores-siderurgicos-de-alemania\/#breadcrumb\",\"itemListElement\":[{\"@type\":\"ListItem\",\"position\":1,\"name\":\"Home\",\"item\":\"https:\/\/admin.industriall-union.org\/\"},{\"@type\":\"ListItem\",\"position\":2,\"name\":\"Articles\",\"item\":\"https:\/\/admin.industriall-union.org\/article\/\"},{\"@type\":\"ListItem\",\"position\":3,\"name\":\"En\u00e9rgica protesta de trabajadores sider\u00fargicos de Alemania\"}]},{\"@type\":\"WebSite\",\"@id\":\"https:\/\/admin.industriall-union.org\/#website\",\"url\":\"https:\/\/admin.industriall-union.org\/\",\"name\":\"industriall-union\",\"description\":\"\",\"potentialAction\":[{\"@type\":\"SearchAction\",\"target\":{\"@type\":\"EntryPoint\",\"urlTemplate\":\"https:\/\/admin.industriall-union.org\/?s={search_term_string}\"},\"query-input\":{\"@type\":\"PropertyValueSpecification\",\"valueRequired\":true,\"valueName\":\"search_term_string\"}}],\"inLanguage\":\"es-ES\"}]}<\/script>\n<!-- \/ Yoast SEO Premium plugin. -->","yoast_head_json":{"title":"En\u00e9rgica protesta de trabajadores sider\u00fargicos de Alemania - industriall-union","description":"En efecto, para esa ocasi\u00f3n, IG Metall, sindicato de Alemania afiliado a IndustriALL, organiz\u00f3 una serie de protestas masivas con el lema &quot;El acero","robots":{"index":"index","follow":"follow","max-snippet":"max-snippet:-1","max-image-preview":"max-image-preview:large","max-video-preview":"max-video-preview:-1"},"canonical":"https:\/\/admin.industriall-union.org\/es\/energica-protesta-de-trabajadores-siderurgicos-de-alemania\/","og_locale":"es_ES","og_type":"article","og_title":"En\u00e9rgica protesta de trabajadores sider\u00fargicos de Alemania","og_description":"En efecto, para esa ocasi\u00f3n, IG Metall, sindicato de Alemania afiliado a IndustriALL, organiz\u00f3 una serie de protestas masivas con el lema &quot;El acero","og_url":"https:\/\/admin.industriall-union.org\/es\/energica-protesta-de-trabajadores-siderurgicos-de-alemania\/","og_site_name":"industriall-union","article_modified_time":"2025-02-07T03:34:40+00:00","twitter_card":"summary_large_image","twitter_misc":{"Est. reading time":"3 minutes"},"schema":{"@context":"https:\/\/schema.org","@graph":[{"@type":"WebPage","@id":"https:\/\/admin.industriall-union.org\/es\/energica-protesta-de-trabajadores-siderurgicos-de-alemania\/","url":"https:\/\/admin.industriall-union.org\/es\/energica-protesta-de-trabajadores-siderurgicos-de-alemania\/","name":"En\u00e9rgica protesta de trabajadores sider\u00fargicos de Alemania - industriall-union","isPartOf":{"@id":"https:\/\/admin.industriall-union.org\/#website"},"datePublished":"2016-04-12T19:34:59+00:00","dateModified":"2025-02-07T03:34:40+00:00","description":"En efecto, para esa ocasi\u00f3n, IG Metall, sindicato de Alemania afiliado a IndustriALL, organiz\u00f3 una serie de protestas masivas con el lema &quot;El acero","breadcrumb":{"@id":"https:\/\/admin.industriall-union.org\/es\/energica-protesta-de-trabajadores-siderurgicos-de-alemania\/#breadcrumb"},"inLanguage":"es-ES","potentialAction":[{"@type":"ReadAction","target":["https:\/\/admin.industriall-union.org\/es\/energica-protesta-de-trabajadores-siderurgicos-de-alemania\/"]}]},{"@type":"BreadcrumbList","@id":"https:\/\/admin.industriall-union.org\/es\/energica-protesta-de-trabajadores-siderurgicos-de-alemania\/#breadcrumb","itemListElement":[{"@type":"ListItem","position":1,"name":"Home","item":"https:\/\/admin.industriall-union.org\/"},{"@type":"ListItem","position":2,"name":"Articles","item":"https:\/\/admin.industriall-union.org\/article\/"},{"@type":"ListItem","position":3,"name":"En\u00e9rgica protesta de trabajadores sider\u00fargicos de Alemania"}]},{"@type":"WebSite","@id":"https:\/\/admin.industriall-union.org\/#website","url":"https:\/\/admin.industriall-union.org\/","name":"industriall-union","description":"","potentialAction":[{"@type":"SearchAction","target":{"@type":"EntryPoint","urlTemplate":"https:\/\/admin.industriall-union.org\/?s={search_term_string}"},"query-input":{"@type":"PropertyValueSpecification","valueRequired":true,"valueName":"search_term_string"}}],"inLanguage":"es-ES"}]}},"_links":{"self":[{"href":"https:\/\/admin.industriall-union.org\/es\/wp-json\/wp\/v2\/article\/167680","targetHints":{"allow":["GET"]}}],"collection":[{"href":"https:\/\/admin.industriall-union.org\/es\/wp-json\/wp\/v2\/article"}],"about":[{"href":"https:\/\/admin.industriall-union.org\/es\/wp-json\/wp\/v2\/types\/article"}],"wp:attachment":[{"href":"https:\/\/admin.industriall-union.org\/es\/wp-json\/wp\/v2\/media?parent=167680"}],"wp:term":[{"taxonomy":"issues","embeddable":true,"href":"https:\/\/admin.industriall-union.org\/es\/wp-json\/wp\/v2\/issues?post=167680"},{"taxonomy":"companies","embeddable":true,"href":"https:\/\/admin.industriall-union.org\/es\/wp-json\/wp\/v2\/companies?post=167680"},{"taxonomy":"regions","embeddable":true,"href":"https:\/\/admin.industriall-union.org\/es\/wp-json\/wp\/v2\/regions?post=167680"},{"taxonomy":"sectors","embeddable":true,"href":"https:\/\/admin.industriall-union.org\/es\/wp-json\/wp\/v2\/sectors?post=167680"},{"taxonomy":"article_tags","embeddable":true,"href":"https:\/\/admin.industriall-union.org\/es\/wp-json\/wp\/v2\/article_tags?post=167680"}],"curies":[{"name":"wp","href":"https:\/\/api.w.org\/{rel}","templated":true}]}}