{"id":167558,"date":"2016-04-26T08:11:46","date_gmt":"2016-04-26T08:11:46","guid":{"rendered":"https:\/\/admin.industriall-union.org\/trabajadores-exigen-justicia-al-cumplirse-el-tercer-aniversario-del-derrumbe-de-rana-plaza\/"},"modified":"2025-02-07T02:35:02","modified_gmt":"2025-02-07T02:35:02","slug":"trabajadores-exigen-justicia-al-cumplirse-el-tercer-aniversario-del-derrumbe-de-rana-plaza","status":"publish","type":"article","link":"https:\/\/admin.industriall-union.org\/es\/trabajadores-exigen-justicia-al-cumplirse-el-tercer-aniversario-del-derrumbe-de-rana-plaza\/","title":{"rendered":"Trabajadores exigen justicia al cumplirse el tercer aniversario del derrumbe de Rana Plaza"},"content":{"rendered":"<p>Murieron m\u00e1s de 1.100 trabajadores y trabajadoras y m\u00e1s de 2.500 resultaron heridos en el derrumbe del edificio de esa fat\u00eddica f\u00e1brica Rana Plaza en Dhaka el 24 de abril de 2013.<\/p><p>Los sindicatos de los sectores del textil y de la confecci\u00f3n afiliados a IndustriALL Global Union, junto con sus afiliados de los sectores de la metalurgia, qu\u00edmica y desguace de buques, estuvieron presentes y unidos en una gran manifestaci\u00f3n recordando esta desgracia; bajo la bandera del &nbsp;Consejo de IndustriALL en Bangladesh, los dirigentes y trabajadores formaron una cadena humana, seguida de una conferencia de prensa frente al Club Nacional de Prensa en Dhaka.<\/p><p>Por otro lado, en Pakist\u00e1n, la Federaci\u00f3n Sindical Nacional (NTUF), organizaci\u00f3n afiliada a IndustriALL, convoc\u00f3 a una concentraci\u00f3n y conferencia de prensa en el club de prensa de Karachi para extender la solidaridad y exigir justicia para las v\u00edctimas tanto de Rana Plaza como del incendio ocurrido en Ali Enterprises en Pakist\u00e1n, que cobr\u00f3 la vida de 254 trabajadores y trabajadoras, el 11 de septiembre de 2012.<\/p><p>En la protesta de Dhaka, los trabajadores exigieron en\u00e9rgicamente que el gobierno de Bangladesh entable una demanda contra el propietario de Rana Plaza, ya que solamente cuando los responsables sean castigados se lograr\u00e1 plena justicia para los muertos y heridos en esa cat\u00e1strofe.<\/p><p>Los dirigentes sindicales manifestaron grave preocupaci\u00f3n por el hecho de que muchas f\u00e1bricas de confecci\u00f3n siguen siendo peligrosas. Aunque el Acuerdo ha permitido alcanzar muchas mejoras en la seguridad de las f\u00e1bricas, los due\u00f1os de las f\u00e1bricas, las marcas y el gobierno todav\u00eda tienen mucho que hacer.<\/p><p>Apoorva Kaiwar, Secretaria Regional de IndustriALL para el Sur de Asia, se\u00f1al\u00f3 ante los sindicatos reunidos que es inaceptable que, a\u00fan despu\u00e9s de Rana Plaza, los trabajadores y trabajadoras de la confecci\u00f3n sigan enfrentando graves obst\u00e1culos para poder ejercer su derecho a la libertad de sindicaci\u00f3n y que sufran de salarios terriblemente bajos y malas condiciones de trabajo. Kaiwar concluy\u00f3 diciendo: &ldquo;IndustriALL seguir\u00e1 solidarizando con sus afiliados, especialmente en el sector de la confecci\u00f3n; apoyamos todas las medidas que tome el Consejo de IndustriALL en Bangladesh&rdquo;.<\/p><p>Christina Hajagos-Clausen, Directora del Sector del Textil y Confecci\u00f3n de IndustriALL, hizo llegar la solidaridad de los sindicatos afiliados a IndustriALL en los sectores de la confecci\u00f3n y textil en todo el mundo, y pidi\u00f3 a los trabajadores fortalecer su unidad.<\/p><p>Por su parte, Jenny Holdcroft, Directora de Pol\u00edticas de IndustriALL, dijo lo siguiente: &quot;No debemos permitir nunca que se olvide lo sucedido en Rana Plaza. Nuestra fuerza radica en la solidaridad de todos los sindicatos del Consejo de IndustriALL en Bangladesh, no solamente del sector de la confecci\u00f3n, sino tambi\u00e9n de los sectores sider\u00fargico, de desguace de buques y de la qu\u00edmica. La mayor\u00eda de los trabajadores de la confecci\u00f3n a\u00fan no cuentan con la protecci\u00f3n de un sindicato, y es nuestra responsabilidad sindicalizarlos&rdquo;.<\/p><p>Nazrul Islam Khan, Presidente del Consejo de IndustriALL en Bangladesh, reconoci\u00f3 la labor que hab\u00eda realizado IndustriALL para lograr compensaci\u00f3n para las v\u00edctimas y pidi\u00f3 que contin\u00fae este apoyo solidario para reforzar la lucha en favor de justicia para las v\u00edctimas de Rana Plaza y derechos laborales para los trabajadores y trabajadoras de la confecci\u00f3n.<\/p>","protected":false},"featured_media":0,"template":"","issues":[414],"companies":[],"regions":[159,182],"sectors":[464],"article_tags":[],"class_list":["post-167558","article","type-article","status-publish","hentry","issues-action-on-bangladesh","regions-bangladesh","regions-pakistan","sectors-textile-leather-garment-shoes-and-textile-services"],"acf":[],"yoast_head":"<!-- This site is optimized with the Yoast SEO Premium plugin v27.1 (Yoast SEO v27.1) - https:\/\/yoast.com\/product\/yoast-seo-premium-wordpress\/ -->\n<title>Trabajadores exigen justicia al cumplirse el tercer aniversario del derrumbe de Rana Plaza - industriall-union<\/title>\n<meta name=\"description\" content=\"Murieron m\u00e1s de 1.100 trabajadores y trabajadoras y m\u00e1s de 2.500 resultaron heridos en el derrumbe del edificio de esa fat\u00eddica f\u00e1brica Rana Plaza en\" \/>\n<meta name=\"robots\" content=\"index, follow, max-snippet:-1, max-image-preview:large, max-video-preview:-1\" \/>\n<link rel=\"canonical\" href=\"https:\/\/admin.industriall-union.org\/es\/trabajadores-exigen-justicia-al-cumplirse-el-tercer-aniversario-del-derrumbe-de-rana-plaza\/\" \/>\n<meta property=\"og:locale\" content=\"es_ES\" \/>\n<meta property=\"og:type\" content=\"article\" \/>\n<meta property=\"og:title\" content=\"Trabajadores exigen justicia al cumplirse el tercer aniversario del derrumbe de Rana Plaza\" \/>\n<meta property=\"og:description\" content=\"Murieron m\u00e1s de 1.100 trabajadores y trabajadoras y m\u00e1s de 2.500 resultaron heridos en el derrumbe del edificio de esa fat\u00eddica f\u00e1brica Rana Plaza en\" \/>\n<meta property=\"og:url\" content=\"https:\/\/admin.industriall-union.org\/es\/trabajadores-exigen-justicia-al-cumplirse-el-tercer-aniversario-del-derrumbe-de-rana-plaza\/\" \/>\n<meta property=\"og:site_name\" content=\"industriall-union\" \/>\n<meta property=\"article:modified_time\" content=\"2025-02-07T02:35:02+00:00\" \/>\n<meta name=\"twitter:card\" content=\"summary_large_image\" \/>\n<meta name=\"twitter:label1\" content=\"Est. reading time\" \/>\n\t<meta name=\"twitter:data1\" content=\"3 minutes\" \/>\n<script type=\"application\/ld+json\" class=\"yoast-schema-graph\">{\"@context\":\"https:\/\/schema.org\",\"@graph\":[{\"@type\":\"WebPage\",\"@id\":\"https:\/\/admin.industriall-union.org\/es\/trabajadores-exigen-justicia-al-cumplirse-el-tercer-aniversario-del-derrumbe-de-rana-plaza\/\",\"url\":\"https:\/\/admin.industriall-union.org\/es\/trabajadores-exigen-justicia-al-cumplirse-el-tercer-aniversario-del-derrumbe-de-rana-plaza\/\",\"name\":\"Trabajadores exigen justicia al cumplirse el tercer aniversario del derrumbe de Rana Plaza - industriall-union\",\"isPartOf\":{\"@id\":\"https:\/\/admin.industriall-union.org\/#website\"},\"datePublished\":\"2016-04-26T08:11:46+00:00\",\"dateModified\":\"2025-02-07T02:35:02+00:00\",\"description\":\"Murieron m\u00e1s de 1.100 trabajadores y trabajadoras y m\u00e1s de 2.500 resultaron heridos en el derrumbe del edificio de esa fat\u00eddica f\u00e1brica Rana Plaza en\",\"breadcrumb\":{\"@id\":\"https:\/\/admin.industriall-union.org\/es\/trabajadores-exigen-justicia-al-cumplirse-el-tercer-aniversario-del-derrumbe-de-rana-plaza\/#breadcrumb\"},\"inLanguage\":\"es-ES\",\"potentialAction\":[{\"@type\":\"ReadAction\",\"target\":[\"https:\/\/admin.industriall-union.org\/es\/trabajadores-exigen-justicia-al-cumplirse-el-tercer-aniversario-del-derrumbe-de-rana-plaza\/\"]}]},{\"@type\":\"BreadcrumbList\",\"@id\":\"https:\/\/admin.industriall-union.org\/es\/trabajadores-exigen-justicia-al-cumplirse-el-tercer-aniversario-del-derrumbe-de-rana-plaza\/#breadcrumb\",\"itemListElement\":[{\"@type\":\"ListItem\",\"position\":1,\"name\":\"Home\",\"item\":\"https:\/\/admin.industriall-union.org\/\"},{\"@type\":\"ListItem\",\"position\":2,\"name\":\"Articles\",\"item\":\"https:\/\/admin.industriall-union.org\/article\/\"},{\"@type\":\"ListItem\",\"position\":3,\"name\":\"Trabajadores exigen justicia al cumplirse el tercer aniversario del derrumbe de Rana Plaza\"}]},{\"@type\":\"WebSite\",\"@id\":\"https:\/\/admin.industriall-union.org\/#website\",\"url\":\"https:\/\/admin.industriall-union.org\/\",\"name\":\"industriall-union\",\"description\":\"\",\"potentialAction\":[{\"@type\":\"SearchAction\",\"target\":{\"@type\":\"EntryPoint\",\"urlTemplate\":\"https:\/\/admin.industriall-union.org\/?s={search_term_string}\"},\"query-input\":{\"@type\":\"PropertyValueSpecification\",\"valueRequired\":true,\"valueName\":\"search_term_string\"}}],\"inLanguage\":\"es-ES\"}]}<\/script>\n<!-- \/ Yoast SEO Premium plugin. -->","yoast_head_json":{"title":"Trabajadores exigen justicia al cumplirse el tercer aniversario del derrumbe de Rana Plaza - industriall-union","description":"Murieron m\u00e1s de 1.100 trabajadores y trabajadoras y m\u00e1s de 2.500 resultaron heridos en el derrumbe del edificio de esa fat\u00eddica f\u00e1brica Rana Plaza en","robots":{"index":"index","follow":"follow","max-snippet":"max-snippet:-1","max-image-preview":"max-image-preview:large","max-video-preview":"max-video-preview:-1"},"canonical":"https:\/\/admin.industriall-union.org\/es\/trabajadores-exigen-justicia-al-cumplirse-el-tercer-aniversario-del-derrumbe-de-rana-plaza\/","og_locale":"es_ES","og_type":"article","og_title":"Trabajadores exigen justicia al cumplirse el tercer aniversario del derrumbe de Rana Plaza","og_description":"Murieron m\u00e1s de 1.100 trabajadores y trabajadoras y m\u00e1s de 2.500 resultaron heridos en el derrumbe del edificio de esa fat\u00eddica f\u00e1brica Rana Plaza en","og_url":"https:\/\/admin.industriall-union.org\/es\/trabajadores-exigen-justicia-al-cumplirse-el-tercer-aniversario-del-derrumbe-de-rana-plaza\/","og_site_name":"industriall-union","article_modified_time":"2025-02-07T02:35:02+00:00","twitter_card":"summary_large_image","twitter_misc":{"Est. reading time":"3 minutes"},"schema":{"@context":"https:\/\/schema.org","@graph":[{"@type":"WebPage","@id":"https:\/\/admin.industriall-union.org\/es\/trabajadores-exigen-justicia-al-cumplirse-el-tercer-aniversario-del-derrumbe-de-rana-plaza\/","url":"https:\/\/admin.industriall-union.org\/es\/trabajadores-exigen-justicia-al-cumplirse-el-tercer-aniversario-del-derrumbe-de-rana-plaza\/","name":"Trabajadores exigen justicia al cumplirse el tercer aniversario del derrumbe de Rana Plaza - industriall-union","isPartOf":{"@id":"https:\/\/admin.industriall-union.org\/#website"},"datePublished":"2016-04-26T08:11:46+00:00","dateModified":"2025-02-07T02:35:02+00:00","description":"Murieron m\u00e1s de 1.100 trabajadores y trabajadoras y m\u00e1s de 2.500 resultaron heridos en el derrumbe del edificio de esa fat\u00eddica f\u00e1brica Rana Plaza en","breadcrumb":{"@id":"https:\/\/admin.industriall-union.org\/es\/trabajadores-exigen-justicia-al-cumplirse-el-tercer-aniversario-del-derrumbe-de-rana-plaza\/#breadcrumb"},"inLanguage":"es-ES","potentialAction":[{"@type":"ReadAction","target":["https:\/\/admin.industriall-union.org\/es\/trabajadores-exigen-justicia-al-cumplirse-el-tercer-aniversario-del-derrumbe-de-rana-plaza\/"]}]},{"@type":"BreadcrumbList","@id":"https:\/\/admin.industriall-union.org\/es\/trabajadores-exigen-justicia-al-cumplirse-el-tercer-aniversario-del-derrumbe-de-rana-plaza\/#breadcrumb","itemListElement":[{"@type":"ListItem","position":1,"name":"Home","item":"https:\/\/admin.industriall-union.org\/"},{"@type":"ListItem","position":2,"name":"Articles","item":"https:\/\/admin.industriall-union.org\/article\/"},{"@type":"ListItem","position":3,"name":"Trabajadores exigen justicia al cumplirse el tercer aniversario del derrumbe de Rana Plaza"}]},{"@type":"WebSite","@id":"https:\/\/admin.industriall-union.org\/#website","url":"https:\/\/admin.industriall-union.org\/","name":"industriall-union","description":"","potentialAction":[{"@type":"SearchAction","target":{"@type":"EntryPoint","urlTemplate":"https:\/\/admin.industriall-union.org\/?s={search_term_string}"},"query-input":{"@type":"PropertyValueSpecification","valueRequired":true,"valueName":"search_term_string"}}],"inLanguage":"es-ES"}]}},"_links":{"self":[{"href":"https:\/\/admin.industriall-union.org\/es\/wp-json\/wp\/v2\/article\/167558","targetHints":{"allow":["GET"]}}],"collection":[{"href":"https:\/\/admin.industriall-union.org\/es\/wp-json\/wp\/v2\/article"}],"about":[{"href":"https:\/\/admin.industriall-union.org\/es\/wp-json\/wp\/v2\/types\/article"}],"wp:attachment":[{"href":"https:\/\/admin.industriall-union.org\/es\/wp-json\/wp\/v2\/media?parent=167558"}],"wp:term":[{"taxonomy":"issues","embeddable":true,"href":"https:\/\/admin.industriall-union.org\/es\/wp-json\/wp\/v2\/issues?post=167558"},{"taxonomy":"companies","embeddable":true,"href":"https:\/\/admin.industriall-union.org\/es\/wp-json\/wp\/v2\/companies?post=167558"},{"taxonomy":"regions","embeddable":true,"href":"https:\/\/admin.industriall-union.org\/es\/wp-json\/wp\/v2\/regions?post=167558"},{"taxonomy":"sectors","embeddable":true,"href":"https:\/\/admin.industriall-union.org\/es\/wp-json\/wp\/v2\/sectors?post=167558"},{"taxonomy":"article_tags","embeddable":true,"href":"https:\/\/admin.industriall-union.org\/es\/wp-json\/wp\/v2\/article_tags?post=167558"}],"curies":[{"name":"wp","href":"https:\/\/api.w.org\/{rel}","templated":true}]}}