{"id":167519,"date":"2016-04-29T17:39:17","date_gmt":"2016-04-29T17:39:17","guid":{"rendered":"https:\/\/admin.industriall-union.org\/sitet-costa-rica-se-une-a-la-familia-de-industriall\/"},"modified":"2025-02-07T02:29:12","modified_gmt":"2025-02-07T02:29:12","slug":"sitet-costa-rica-se-une-a-la-familia-de-industriall","status":"publish","type":"article","link":"https:\/\/admin.industriall-union.org\/es\/sitet-costa-rica-se-une-a-la-familia-de-industriall\/","title":{"rendered":"SITET Costa Rica se une a la familia de IndustriALL"},"content":{"rendered":"<p>El 22 de abril se realiz\u00f3 en San Jos\u00e9, Costa Rica la asamblea general de medio per\u00edodo del SITET y la<strong> conmemoraci\u00f3n de su 50 aniversario<\/strong>. Para manifestar su apoyo asisti\u00f3 el secretario regional de IndustriALL Global Union en Am\u00e9rica Latina y el Caribe, Jorge Almeida.<\/p><p>Al encuentro tambi\u00e9n asistieron otros representantes sindicales del continente, presencia que Sergio Sabor\u00edo, secretario general del SITET, calific\u00f3 como &ldquo;un <strong>motivo de orgullo<\/strong> y un acto de solidaridad frente al ataque al sindicalismo y a las condiciones laborales de los trabajadores del sector p\u00fablico costarricense&rdquo;.<\/p><p>En la asamblea <strong>se aprob\u00f3 por unanimidad la afiliaci\u00f3n del SITET a IndustriALL Global Union<\/strong>, lo cual se institucionalizar\u00e1 el pr\u00f3ximo 25 y 26 de mayo durante el desarrollo del Comit\u00e9 Ejecutivo Mundial de IndustriALL.<\/p><p>El Sindicato SITET se fund\u00f3 el 2 de abril de 1966 con el objetivo de defender y profundizar los derechos de los trabajadores del sector el\u00e9ctrico, telecomunicaciones, correos, acueductos, radio, prensa, televisi\u00f3n y afines en Costa Rica. Se autodefine como una organizaci\u00f3n &ldquo;independiente de todo tipo de organizaci\u00f3n pol\u00edtica, religiosa y filos\u00f3fica&rdquo;.<\/p><p>Al igual que IndustriALL, sus pilares fundamentales incluyen la <strong>solidaridad y la fraternidad entre los trabajadores<\/strong>, el apoyo en sus luchas, garantizar mejores condiciones laborales, fortalecer la capacidad organizativa y defender los derechos fundamentales.<\/p><p>Jorge Almeida celebr\u00f3 su reciente afiliaci\u00f3n y expres\u00f3:<\/p><blockquote><p>&ldquo;Queremos agradecer a la SITET, quien en el ejercicio de la democracia decidi\u00f3 unirse a la familia de IndustriALL Global Union para ser m\u00e1s de 55 millones de trabajadores en la camino de lograr una m\u00e1s adecuada justicia social.<\/p><p>Deseamos tambi\u00e9n saludarlos en los festejos de su primer medio siglo de trascendencia, marcado por la solidaridad proletaria, por la lucha constante por los derechos de los trabajadores, y por sobre todo, las alegr\u00edas de las conquistas logradas.<\/p><p>Nos sumamos a los festejos y pedimos hagan extensiva a toda la familia de SITET nuestros m\u00e1s calurosos saludos y felicitaciones. VIVA EL SITET, VIVA LA SOLIDARIDAD INTERNACIONAL&rdquo;<\/p><\/blockquote>","protected":false},"featured_media":0,"template":"","issues":[420],"companies":[],"regions":[265,254],"sectors":[490],"article_tags":[511],"class_list":["post-167519","article","type-article","status-publish","hentry","issues-solidarity","regions-costa-rica","regions-latin-america-and-the-caribbean","sectors-ict-electrical-and-electronics","article_tags-industriall"],"acf":[],"yoast_head":"<!-- This site is optimized with the Yoast SEO Premium plugin v27.1 (Yoast SEO v27.1) - https:\/\/yoast.com\/product\/yoast-seo-premium-wordpress\/ -->\n<title>SITET Costa Rica se une a la familia de IndustriALL - industriall-union<\/title>\n<meta name=\"description\" content=\"El 22 de abril se realiz\u00f3 en San Jos\u00e9, Costa Rica la asamblea general de medio per\u00edodo del SITET y la conmemoraci\u00f3n de su 50 aniversario. Para manifestar\" \/>\n<meta name=\"robots\" content=\"index, follow, max-snippet:-1, max-image-preview:large, max-video-preview:-1\" \/>\n<link rel=\"canonical\" href=\"https:\/\/admin.industriall-union.org\/es\/sitet-costa-rica-se-une-a-la-familia-de-industriall\/\" \/>\n<meta property=\"og:locale\" content=\"es_ES\" \/>\n<meta property=\"og:type\" content=\"article\" \/>\n<meta property=\"og:title\" content=\"SITET Costa Rica se une a la familia de IndustriALL\" \/>\n<meta property=\"og:description\" content=\"El 22 de abril se realiz\u00f3 en San Jos\u00e9, Costa Rica la asamblea general de medio per\u00edodo del SITET y la conmemoraci\u00f3n de su 50 aniversario. Para manifestar\" \/>\n<meta property=\"og:url\" content=\"https:\/\/admin.industriall-union.org\/es\/sitet-costa-rica-se-une-a-la-familia-de-industriall\/\" \/>\n<meta property=\"og:site_name\" content=\"industriall-union\" \/>\n<meta property=\"article:modified_time\" content=\"2025-02-07T02:29:12+00:00\" \/>\n<meta name=\"twitter:card\" content=\"summary_large_image\" \/>\n<meta name=\"twitter:label1\" content=\"Est. reading time\" \/>\n\t<meta name=\"twitter:data1\" content=\"2 minutes\" \/>\n<script type=\"application\/ld+json\" class=\"yoast-schema-graph\">{\"@context\":\"https:\/\/schema.org\",\"@graph\":[{\"@type\":\"WebPage\",\"@id\":\"https:\/\/admin.industriall-union.org\/es\/sitet-costa-rica-se-une-a-la-familia-de-industriall\/\",\"url\":\"https:\/\/admin.industriall-union.org\/es\/sitet-costa-rica-se-une-a-la-familia-de-industriall\/\",\"name\":\"SITET Costa Rica se une a la familia de IndustriALL - industriall-union\",\"isPartOf\":{\"@id\":\"https:\/\/admin.industriall-union.org\/#website\"},\"datePublished\":\"2016-04-29T17:39:17+00:00\",\"dateModified\":\"2025-02-07T02:29:12+00:00\",\"description\":\"El 22 de abril se realiz\u00f3 en San Jos\u00e9, Costa Rica la asamblea general de medio per\u00edodo del SITET y la conmemoraci\u00f3n de su 50 aniversario. Para manifestar\",\"breadcrumb\":{\"@id\":\"https:\/\/admin.industriall-union.org\/es\/sitet-costa-rica-se-une-a-la-familia-de-industriall\/#breadcrumb\"},\"inLanguage\":\"es-ES\",\"potentialAction\":[{\"@type\":\"ReadAction\",\"target\":[\"https:\/\/admin.industriall-union.org\/es\/sitet-costa-rica-se-une-a-la-familia-de-industriall\/\"]}]},{\"@type\":\"BreadcrumbList\",\"@id\":\"https:\/\/admin.industriall-union.org\/es\/sitet-costa-rica-se-une-a-la-familia-de-industriall\/#breadcrumb\",\"itemListElement\":[{\"@type\":\"ListItem\",\"position\":1,\"name\":\"Home\",\"item\":\"https:\/\/admin.industriall-union.org\/\"},{\"@type\":\"ListItem\",\"position\":2,\"name\":\"Articles\",\"item\":\"https:\/\/admin.industriall-union.org\/article\/\"},{\"@type\":\"ListItem\",\"position\":3,\"name\":\"SITET Costa Rica se une a la familia de IndustriALL\"}]},{\"@type\":\"WebSite\",\"@id\":\"https:\/\/admin.industriall-union.org\/#website\",\"url\":\"https:\/\/admin.industriall-union.org\/\",\"name\":\"industriall-union\",\"description\":\"\",\"potentialAction\":[{\"@type\":\"SearchAction\",\"target\":{\"@type\":\"EntryPoint\",\"urlTemplate\":\"https:\/\/admin.industriall-union.org\/?s={search_term_string}\"},\"query-input\":{\"@type\":\"PropertyValueSpecification\",\"valueRequired\":true,\"valueName\":\"search_term_string\"}}],\"inLanguage\":\"es-ES\"}]}<\/script>\n<!-- \/ Yoast SEO Premium plugin. -->","yoast_head_json":{"title":"SITET Costa Rica se une a la familia de IndustriALL - industriall-union","description":"El 22 de abril se realiz\u00f3 en San Jos\u00e9, Costa Rica la asamblea general de medio per\u00edodo del SITET y la conmemoraci\u00f3n de su 50 aniversario. Para manifestar","robots":{"index":"index","follow":"follow","max-snippet":"max-snippet:-1","max-image-preview":"max-image-preview:large","max-video-preview":"max-video-preview:-1"},"canonical":"https:\/\/admin.industriall-union.org\/es\/sitet-costa-rica-se-une-a-la-familia-de-industriall\/","og_locale":"es_ES","og_type":"article","og_title":"SITET Costa Rica se une a la familia de IndustriALL","og_description":"El 22 de abril se realiz\u00f3 en San Jos\u00e9, Costa Rica la asamblea general de medio per\u00edodo del SITET y la conmemoraci\u00f3n de su 50 aniversario. Para manifestar","og_url":"https:\/\/admin.industriall-union.org\/es\/sitet-costa-rica-se-une-a-la-familia-de-industriall\/","og_site_name":"industriall-union","article_modified_time":"2025-02-07T02:29:12+00:00","twitter_card":"summary_large_image","twitter_misc":{"Est. reading time":"2 minutes"},"schema":{"@context":"https:\/\/schema.org","@graph":[{"@type":"WebPage","@id":"https:\/\/admin.industriall-union.org\/es\/sitet-costa-rica-se-une-a-la-familia-de-industriall\/","url":"https:\/\/admin.industriall-union.org\/es\/sitet-costa-rica-se-une-a-la-familia-de-industriall\/","name":"SITET Costa Rica se une a la familia de IndustriALL - industriall-union","isPartOf":{"@id":"https:\/\/admin.industriall-union.org\/#website"},"datePublished":"2016-04-29T17:39:17+00:00","dateModified":"2025-02-07T02:29:12+00:00","description":"El 22 de abril se realiz\u00f3 en San Jos\u00e9, Costa Rica la asamblea general de medio per\u00edodo del SITET y la conmemoraci\u00f3n de su 50 aniversario. Para manifestar","breadcrumb":{"@id":"https:\/\/admin.industriall-union.org\/es\/sitet-costa-rica-se-une-a-la-familia-de-industriall\/#breadcrumb"},"inLanguage":"es-ES","potentialAction":[{"@type":"ReadAction","target":["https:\/\/admin.industriall-union.org\/es\/sitet-costa-rica-se-une-a-la-familia-de-industriall\/"]}]},{"@type":"BreadcrumbList","@id":"https:\/\/admin.industriall-union.org\/es\/sitet-costa-rica-se-une-a-la-familia-de-industriall\/#breadcrumb","itemListElement":[{"@type":"ListItem","position":1,"name":"Home","item":"https:\/\/admin.industriall-union.org\/"},{"@type":"ListItem","position":2,"name":"Articles","item":"https:\/\/admin.industriall-union.org\/article\/"},{"@type":"ListItem","position":3,"name":"SITET Costa Rica se une a la familia de IndustriALL"}]},{"@type":"WebSite","@id":"https:\/\/admin.industriall-union.org\/#website","url":"https:\/\/admin.industriall-union.org\/","name":"industriall-union","description":"","potentialAction":[{"@type":"SearchAction","target":{"@type":"EntryPoint","urlTemplate":"https:\/\/admin.industriall-union.org\/?s={search_term_string}"},"query-input":{"@type":"PropertyValueSpecification","valueRequired":true,"valueName":"search_term_string"}}],"inLanguage":"es-ES"}]}},"_links":{"self":[{"href":"https:\/\/admin.industriall-union.org\/es\/wp-json\/wp\/v2\/article\/167519","targetHints":{"allow":["GET"]}}],"collection":[{"href":"https:\/\/admin.industriall-union.org\/es\/wp-json\/wp\/v2\/article"}],"about":[{"href":"https:\/\/admin.industriall-union.org\/es\/wp-json\/wp\/v2\/types\/article"}],"wp:attachment":[{"href":"https:\/\/admin.industriall-union.org\/es\/wp-json\/wp\/v2\/media?parent=167519"}],"wp:term":[{"taxonomy":"issues","embeddable":true,"href":"https:\/\/admin.industriall-union.org\/es\/wp-json\/wp\/v2\/issues?post=167519"},{"taxonomy":"companies","embeddable":true,"href":"https:\/\/admin.industriall-union.org\/es\/wp-json\/wp\/v2\/companies?post=167519"},{"taxonomy":"regions","embeddable":true,"href":"https:\/\/admin.industriall-union.org\/es\/wp-json\/wp\/v2\/regions?post=167519"},{"taxonomy":"sectors","embeddable":true,"href":"https:\/\/admin.industriall-union.org\/es\/wp-json\/wp\/v2\/sectors?post=167519"},{"taxonomy":"article_tags","embeddable":true,"href":"https:\/\/admin.industriall-union.org\/es\/wp-json\/wp\/v2\/article_tags?post=167519"}],"curies":[{"name":"wp","href":"https:\/\/api.w.org\/{rel}","templated":true}]}}