{"id":167413,"date":"2016-05-24T10:28:45","date_gmt":"2016-05-24T10:28:45","guid":{"rendered":"https:\/\/admin.industriall-union.org\/cambia-el-aspecto-de-la-industria-textil-y-de-la-confeccion-mundial\/"},"modified":"2025-02-07T01:39:54","modified_gmt":"2025-02-07T01:39:54","slug":"cambia-el-aspecto-de-la-industria-textil-y-de-la-confeccion-mundial","status":"publish","type":"article","link":"https:\/\/admin.industriall-union.org\/es\/cambia-el-aspecto-de-la-industria-textil-y-de-la-confeccion-mundial\/","title":{"rendered":"Cambia el aspecto de la industria textil y de la confecci\u00f3n mundial"},"content":{"rendered":"<p>135 representantes de m\u00e1s de 60 sindicatos del textil y el vestido de 35 pa\u00edses se reunieron para debatir sobre la organizaci\u00f3n de los trabajadores, los salarios dignos y la negociaci\u00f3n colectiva&nbsp; a nivel industrial.<\/p><p>En muchas partes, la industria textil y del vestido es sin\u00f3nimo de bajos salarios e inseguridad en el empleo. En los cuatro a\u00f1os transcurridos desde su creaci\u00f3n, la IndustriALL ha conseguido importantes logros en lo que respecta a los derechos de los trabajadores y a proteger su derecho a unirse a los sindicatos.<\/p><p>El innovador Acuerdo sobre seguridad contra incendios y de los edificios en Bangladesh, negociado a ra\u00edz del derrumbe del Rana Plaza, es un acuerdo legalmente vinculante entre los sindicatos mundiales y m\u00e1s de 200 marcas de moda multinacionales para que las m\u00e1s de 1.600 f\u00e1bricas de confecci\u00f3n sean seguras.<\/p><p>En su intervenci\u00f3n en la conferencia, Rob Wayss, director ejecutivo del Acuerdo, dijo que el Acuerdo est\u00e1 cambiando el funcionamiento de la industria de la confecci\u00f3n.<\/p><p>&ldquo;Corresponde a la realidad y es eficaz. Protege a los trabajadores de la industria de la confecci\u00f3n bangladehs\u00edes. Hasta ahora se han inspeccionado m\u00e1s de 1.600 f\u00e1bricas y se han adoptado muchas medidas de seguridad vitales.&rdquo;<\/p><p>&ldquo;Como sindicatos hemos luchado y hemos salido de la tragedia&rdquo;, dijo Christina Hajagos, directora del sector textil de la IndustriALL. &ldquo;El legado del Rana Plaza tiene que ser un llamamiento para no limitarnos a la responsabilidad social de las empresas&rdquo;.<\/p><p>El enfrentamiento con el capital mundial fue un tema recurrente en los dos d\u00edas de la conferencia. En una mesa redonda con l\u00edderes sindicales y representantes de las empresas H&amp;M e Inditex se discutieron los Acuerdos Marco Globales (AMG) como medio de impulsar la solidaridad sindical mundial.<\/p><p>La IndustriALL tiene tres Acuerdos Marco Globales&nbsp; en el sector. Los dos con los mayores productores de ropa del mundo, H&amp;M e Inditex, protegen conjuntamente los derechos de 3 millones de trabajadores de la confecci\u00f3n.<\/p><p>Jenny Holdcroft, directora de pol\u00edticas de la IndustriALL, present\u00f3 la estrategia de salarios dignos de la IndustriALL, con la que se trata de implantar la negociaci\u00f3n colectiva a nivel de la industria vinculada al poder adquisitivo de las marcas de prendas de vestir, y dijo que cuando las marcas y los sindicatos colaboran se puede conseguir el verdadero cambio.<\/p><p>Athit Kong, del C.CAWDU, el afiliado camboyano a la IndustriALL, dijo:<\/p><p>&ldquo;Las marcas de prendas de vestir mundiales tienen que asumir la responsabilidad &nbsp;de que los trabajadores de la confecci\u00f3n tengan salarios dignos. Debemos negociar a nivel industrial para que las marcas dejen de concertar precios inferiores basados en salarios m\u00e1s bajos.&rdquo;<\/p><p>Los participantes en la conferencia informaron sobre la negociaci\u00f3n colectiva, el acoso en el lugar de trabajo, los crecientes niveles de trabajo precario, y la conversi\u00f3n de contratos temporales en permanentes, as\u00ed como la potenciaci\u00f3n de los sindicatos mediante la organizaci\u00f3n de los trabajadores.<\/p><p>Los delegados firmaron una pancarta en la que se pide a <a href=\"http:\/\/www.industriall-union.org\/es\/el-antisindicalismo-de-hugo-boss-en-turquia-dana-a-la-marca\" target=\"_self\">Hugo Boss que respete el derecho de los trabajadores<\/a> a unirse a un sindicato en la f\u00e1brica de Esmirna. La pancarta se entregar\u00e1 como s\u00edmbolo de solidaridad a los trabajadores despedidos.<\/p><p>Se aprob\u00f3 un plan de acci\u00f3n, centrado en los principales objetivos estrat\u00e9gicos de la IndustriALL en lo que respecta al sector.<\/p><p>Athit Kong, del C.CAWDU (Camboya), y Akiko Gono, del UA ZENSEN, (Jap\u00f3n),&nbsp; fueron elegidos copresidentes del sector.<\/p><p>&ldquo;Conf\u00edo en que se establezcan relaciones laborales que funcionen debidamente en nuestro sector&rdquo;, dijo Akiko Gono.<\/p>","protected":false},"featured_media":0,"template":"","issues":[396,406,416,415],"companies":[],"regions":[219],"sectors":[464],"article_tags":[],"class_list":["post-167413","article","type-article","status-publish","hentry","issues-building-strong-unions","issues-confronting-global-capital","issues-living-wage","issues-stop-precarious-work","regions-germany","sectors-textile-leather-garment-shoes-and-textile-services"],"acf":[],"yoast_head":"<!-- This site is optimized with the Yoast SEO Premium plugin v27.1 (Yoast SEO v27.1) - https:\/\/yoast.com\/product\/yoast-seo-premium-wordpress\/ -->\n<title>Cambia el aspecto de la industria textil y de la confecci\u00f3n mundial - industriall-union<\/title>\n<meta name=\"description\" content=\"135 representantes de m\u00e1s de 60 sindicatos del textil y el vestido de 35 pa\u00edses se reunieron para debatir sobre la organizaci\u00f3n de los trabajadores, los\" \/>\n<meta name=\"robots\" content=\"index, follow, max-snippet:-1, max-image-preview:large, max-video-preview:-1\" \/>\n<link rel=\"canonical\" href=\"https:\/\/admin.industriall-union.org\/es\/cambia-el-aspecto-de-la-industria-textil-y-de-la-confeccion-mundial\/\" \/>\n<meta property=\"og:locale\" content=\"es_ES\" \/>\n<meta property=\"og:type\" content=\"article\" \/>\n<meta property=\"og:title\" content=\"Cambia el aspecto de la industria textil y de la confecci\u00f3n mundial\" \/>\n<meta property=\"og:description\" content=\"135 representantes de m\u00e1s de 60 sindicatos del textil y el vestido de 35 pa\u00edses se reunieron para debatir sobre la organizaci\u00f3n de los trabajadores, los\" \/>\n<meta property=\"og:url\" content=\"https:\/\/admin.industriall-union.org\/es\/cambia-el-aspecto-de-la-industria-textil-y-de-la-confeccion-mundial\/\" \/>\n<meta property=\"og:site_name\" content=\"industriall-union\" \/>\n<meta property=\"article:modified_time\" content=\"2025-02-07T01:39:54+00:00\" \/>\n<meta name=\"twitter:card\" content=\"summary_large_image\" \/>\n<meta name=\"twitter:label1\" content=\"Est. reading time\" \/>\n\t<meta name=\"twitter:data1\" content=\"3 minutes\" \/>\n<script type=\"application\/ld+json\" class=\"yoast-schema-graph\">{\"@context\":\"https:\/\/schema.org\",\"@graph\":[{\"@type\":\"WebPage\",\"@id\":\"https:\/\/admin.industriall-union.org\/es\/cambia-el-aspecto-de-la-industria-textil-y-de-la-confeccion-mundial\/\",\"url\":\"https:\/\/admin.industriall-union.org\/es\/cambia-el-aspecto-de-la-industria-textil-y-de-la-confeccion-mundial\/\",\"name\":\"Cambia el aspecto de la industria textil y de la confecci\u00f3n mundial - industriall-union\",\"isPartOf\":{\"@id\":\"https:\/\/admin.industriall-union.org\/#website\"},\"datePublished\":\"2016-05-24T10:28:45+00:00\",\"dateModified\":\"2025-02-07T01:39:54+00:00\",\"description\":\"135 representantes de m\u00e1s de 60 sindicatos del textil y el vestido de 35 pa\u00edses se reunieron para debatir sobre la organizaci\u00f3n de los trabajadores, los\",\"breadcrumb\":{\"@id\":\"https:\/\/admin.industriall-union.org\/es\/cambia-el-aspecto-de-la-industria-textil-y-de-la-confeccion-mundial\/#breadcrumb\"},\"inLanguage\":\"es-ES\",\"potentialAction\":[{\"@type\":\"ReadAction\",\"target\":[\"https:\/\/admin.industriall-union.org\/es\/cambia-el-aspecto-de-la-industria-textil-y-de-la-confeccion-mundial\/\"]}]},{\"@type\":\"BreadcrumbList\",\"@id\":\"https:\/\/admin.industriall-union.org\/es\/cambia-el-aspecto-de-la-industria-textil-y-de-la-confeccion-mundial\/#breadcrumb\",\"itemListElement\":[{\"@type\":\"ListItem\",\"position\":1,\"name\":\"Home\",\"item\":\"https:\/\/admin.industriall-union.org\/\"},{\"@type\":\"ListItem\",\"position\":2,\"name\":\"Articles\",\"item\":\"https:\/\/admin.industriall-union.org\/article\/\"},{\"@type\":\"ListItem\",\"position\":3,\"name\":\"Cambia el aspecto de la industria textil y de la confecci\u00f3n mundial\"}]},{\"@type\":\"WebSite\",\"@id\":\"https:\/\/admin.industriall-union.org\/#website\",\"url\":\"https:\/\/admin.industriall-union.org\/\",\"name\":\"industriall-union\",\"description\":\"\",\"potentialAction\":[{\"@type\":\"SearchAction\",\"target\":{\"@type\":\"EntryPoint\",\"urlTemplate\":\"https:\/\/admin.industriall-union.org\/?s={search_term_string}\"},\"query-input\":{\"@type\":\"PropertyValueSpecification\",\"valueRequired\":true,\"valueName\":\"search_term_string\"}}],\"inLanguage\":\"es-ES\"}]}<\/script>\n<!-- \/ Yoast SEO Premium plugin. -->","yoast_head_json":{"title":"Cambia el aspecto de la industria textil y de la confecci\u00f3n mundial - industriall-union","description":"135 representantes de m\u00e1s de 60 sindicatos del textil y el vestido de 35 pa\u00edses se reunieron para debatir sobre la organizaci\u00f3n de los trabajadores, los","robots":{"index":"index","follow":"follow","max-snippet":"max-snippet:-1","max-image-preview":"max-image-preview:large","max-video-preview":"max-video-preview:-1"},"canonical":"https:\/\/admin.industriall-union.org\/es\/cambia-el-aspecto-de-la-industria-textil-y-de-la-confeccion-mundial\/","og_locale":"es_ES","og_type":"article","og_title":"Cambia el aspecto de la industria textil y de la confecci\u00f3n mundial","og_description":"135 representantes de m\u00e1s de 60 sindicatos del textil y el vestido de 35 pa\u00edses se reunieron para debatir sobre la organizaci\u00f3n de los trabajadores, los","og_url":"https:\/\/admin.industriall-union.org\/es\/cambia-el-aspecto-de-la-industria-textil-y-de-la-confeccion-mundial\/","og_site_name":"industriall-union","article_modified_time":"2025-02-07T01:39:54+00:00","twitter_card":"summary_large_image","twitter_misc":{"Est. reading time":"3 minutes"},"schema":{"@context":"https:\/\/schema.org","@graph":[{"@type":"WebPage","@id":"https:\/\/admin.industriall-union.org\/es\/cambia-el-aspecto-de-la-industria-textil-y-de-la-confeccion-mundial\/","url":"https:\/\/admin.industriall-union.org\/es\/cambia-el-aspecto-de-la-industria-textil-y-de-la-confeccion-mundial\/","name":"Cambia el aspecto de la industria textil y de la confecci\u00f3n mundial - industriall-union","isPartOf":{"@id":"https:\/\/admin.industriall-union.org\/#website"},"datePublished":"2016-05-24T10:28:45+00:00","dateModified":"2025-02-07T01:39:54+00:00","description":"135 representantes de m\u00e1s de 60 sindicatos del textil y el vestido de 35 pa\u00edses se reunieron para debatir sobre la organizaci\u00f3n de los trabajadores, los","breadcrumb":{"@id":"https:\/\/admin.industriall-union.org\/es\/cambia-el-aspecto-de-la-industria-textil-y-de-la-confeccion-mundial\/#breadcrumb"},"inLanguage":"es-ES","potentialAction":[{"@type":"ReadAction","target":["https:\/\/admin.industriall-union.org\/es\/cambia-el-aspecto-de-la-industria-textil-y-de-la-confeccion-mundial\/"]}]},{"@type":"BreadcrumbList","@id":"https:\/\/admin.industriall-union.org\/es\/cambia-el-aspecto-de-la-industria-textil-y-de-la-confeccion-mundial\/#breadcrumb","itemListElement":[{"@type":"ListItem","position":1,"name":"Home","item":"https:\/\/admin.industriall-union.org\/"},{"@type":"ListItem","position":2,"name":"Articles","item":"https:\/\/admin.industriall-union.org\/article\/"},{"@type":"ListItem","position":3,"name":"Cambia el aspecto de la industria textil y de la confecci\u00f3n mundial"}]},{"@type":"WebSite","@id":"https:\/\/admin.industriall-union.org\/#website","url":"https:\/\/admin.industriall-union.org\/","name":"industriall-union","description":"","potentialAction":[{"@type":"SearchAction","target":{"@type":"EntryPoint","urlTemplate":"https:\/\/admin.industriall-union.org\/?s={search_term_string}"},"query-input":{"@type":"PropertyValueSpecification","valueRequired":true,"valueName":"search_term_string"}}],"inLanguage":"es-ES"}]}},"_links":{"self":[{"href":"https:\/\/admin.industriall-union.org\/es\/wp-json\/wp\/v2\/article\/167413","targetHints":{"allow":["GET"]}}],"collection":[{"href":"https:\/\/admin.industriall-union.org\/es\/wp-json\/wp\/v2\/article"}],"about":[{"href":"https:\/\/admin.industriall-union.org\/es\/wp-json\/wp\/v2\/types\/article"}],"wp:attachment":[{"href":"https:\/\/admin.industriall-union.org\/es\/wp-json\/wp\/v2\/media?parent=167413"}],"wp:term":[{"taxonomy":"issues","embeddable":true,"href":"https:\/\/admin.industriall-union.org\/es\/wp-json\/wp\/v2\/issues?post=167413"},{"taxonomy":"companies","embeddable":true,"href":"https:\/\/admin.industriall-union.org\/es\/wp-json\/wp\/v2\/companies?post=167413"},{"taxonomy":"regions","embeddable":true,"href":"https:\/\/admin.industriall-union.org\/es\/wp-json\/wp\/v2\/regions?post=167413"},{"taxonomy":"sectors","embeddable":true,"href":"https:\/\/admin.industriall-union.org\/es\/wp-json\/wp\/v2\/sectors?post=167413"},{"taxonomy":"article_tags","embeddable":true,"href":"https:\/\/admin.industriall-union.org\/es\/wp-json\/wp\/v2\/article_tags?post=167413"}],"curies":[{"name":"wp","href":"https:\/\/api.w.org\/{rel}","templated":true}]}}