{"id":167334,"date":"2016-05-30T15:24:42","date_gmt":"2016-05-30T15:24:42","guid":{"rendered":"https:\/\/admin.industriall-union.org\/comite-ejecutivo-de-industriall-se-prepara-para-el-congreso-en-rio\/"},"modified":"2025-02-07T01:18:56","modified_gmt":"2025-02-07T01:18:56","slug":"comite-ejecutivo-de-industriall-se-prepara-para-el-congreso-en-rio","status":"publish","type":"article","link":"https:\/\/admin.industriall-union.org\/es\/comite-ejecutivo-de-industriall-se-prepara-para-el-congreso-en-rio\/","title":{"rendered":"Comit\u00e9 Ejecutivo de IndustriALL se prepara para el Congreso en Rio"},"content":{"rendered":"<p>Uno de los debates m\u00e1s importantes de esta reuni\u00f3n se centr\u00f3 en los preparativos para el segundo Congreso de IndustriALL, programado para realizarse en R\u00edo de Janeiro en octubre, y los dram\u00e1ticos sucesos pol\u00edticos que se han producido recientemente en Brasil.<\/p><p>El Presidente Berthold Huber dijo que la reciente votaci\u00f3n del Senado brasile\u00f1o para iniciar un proceso de destituci\u00f3n de la Presidenta Dilma Rousseff hab\u00eda establecido un precedente peligroso de irrespeto por la democracia.<\/p><p>El Comit\u00e9 Ejecutivo aprob\u00f3 una <a href=\"\/wp-content\/uploads\/documents\/2016\/GERMANY\/ExCoFrankfurt\/no_to_coup_in_brazil_igu_exco_ingles_final.pdf\">resoluci\u00f3n<\/a> manifestando su solidaridad con el pueblo brasile\u00f1o, rechazando en\u00e9rgicamente el golpe de estado en curso en el pa\u00eds. El gobierno de transici\u00f3n ya ha comenzado a desmantelar las pol\u00edticas socialmente progresistas de los \u00faltimos a\u00f1os que ayudaron a sacar a 40 millones de personas de la pobreza en Brasil.<\/p><p>Como parte de los preparativos para el Congreso, el Comit\u00e9 Ejecutivo escuch\u00f3 a tres candidatos para ocupar el cargo de Secretario General: Atle H\u00f8ie de Noruega, Kemal \u00d6zkan de Turqu\u00eda, y Valter Sanches de Brasil. El actual Secretario General, Jyrki Raina, se retirar\u00e1 en el Congreso en octubre, al igual que el Presidente Huber y el Vicepresidente Tom Buffenbarger.<\/p><p>Por otra parte, el Comit\u00e9 Ejecutivo de IndustriALL Global Union tambi\u00e9n inst\u00f3 a <a href=\"\/wp-content\/uploads\/documents\/2016\/GERMANY\/ExCoFrankfurt\/industriall_resolution_on_vw_may_2016_en.pdf\">Volkswagen<\/a> a respetar los derechos sindicales en su planta de Chattanooga, Tennessee, EE.UU.<\/p><p>En violaci\u00f3n de la legislaci\u00f3n laboral nacional e internacional, la se\u00f1alada gran empresa automovil\u00edstica de Alemania se ha negado a realizar negociaciones con los trabajadores calificados del sector en la planta de Chattanooga, quienes <a href=\"http:\/\/www.industriall-union.org\/es\/el-uaw-gana-unas-elecciones-sindicales-en-volkswagen-tennessee\">votaron en diciembre<\/a> para que United Auto Workers (UAW), sindicato afiliado a IndustriALL, los represente en forma exclusiva en la negociaci\u00f3n colectiva.<\/p><p><strong>Sindicalizaci\u00f3n y campa\u00f1as<\/strong><\/p><p>Los proyectos de sindicalizaci\u00f3n de IndustriALL en diferentes partes del mundo han contribuido directamente para aumentar la membrec\u00eda sindical en un cuarto de mill\u00f3n de trabajadores\/as en los \u00faltimos dos a\u00f1os, ayudando a crear una cultura de organizaci\u00f3n sindical que ha producido cifras todav\u00eda m\u00e1s impresionantes.<\/p><p>El <a href=\"http:\/\/www.industriall-union.org\/es\/bangladesh\">Acuerdo de Bangladesh sobre Seguridad en la Construcci\u00f3n de Edificios y de Instalaciones de Sistemas contra Incendios<\/a> ha sido fundamental para mejorar la salud y seguridad de millones de trabajadores\/as de la confecci\u00f3n en ese pa\u00eds. El Comit\u00e9 Ejecutivo aprob\u00f3 la elaboraci\u00f3n de una propuesta para un nuevo Acuerdo con las marcas a partir de 2018, cuando caduque el acuerdo actual.<\/p><p>IndustriALL se ha comprometido a la <a href=\"http:\/\/www.industriall-union.org\/es\/negociacion-sectorial-en-favor-de-sueldos-dignos\">iniciativa ACT y a un Memorando de Entendimiento<\/a> con 18 empresas fabricantes de prendas de vestir, promoviendo la negociaci\u00f3n colectiva a nivel sectorial, que se considera el primer mecanismo real que pueda nivelar el campo de juego para los salarios de los trabajadores\/as de la confecci\u00f3n.<\/p><p>Por otro lado, el Comit\u00e9 Ejecutivo ratific\u00f3 la propuesta de seguir presionando a&nbsp; <a href=\"http:\/\/www.industriall-union.org\/es\/los-sindicatos-de-rio-tinto-crean-solidaridad-y-la-compania-contemporiza\">Rio Tinto<\/a> hasta que la mencionada gran empresa de la miner\u00eda mejore sus pr\u00e1cticas laborales a nivel local. Est\u00e1n en curso conversaciones con esta gran compa\u00f1\u00eda minera respecto a los principios laborales en todo el mundo, y tambi\u00e9n sobre estructuras mundiales y regionales para el di\u00e1logo y para hacer cumplir dichas normas.<\/p><p>IndustriALL tiene tambi\u00e9n otras dos grandes campa\u00f1as: la que realiza con Teksif contra <a href=\"http:\/\/www.industriall-union.org\/es\/el-antisindicalismo-de-hugo-boss-en-turquia-dana-a-la-marca\">Hugo Boss<\/a> en Turqu\u00eda, y con el UAW contra <a href=\"http:\/\/www.industriall-union.org\/es\/la-industriall-protesta-contra-nissan-en-el-coi\">Nissan<\/a> en los EE.UU.<\/p><p><strong>Sindicatos, cambio clim\u00e1tico y sostenibilidad<\/strong><\/p><p>El Acuerdo de Par\u00eds, firmado en diciembre de 2015 para reducir las emisiones a nivel mundial de gases de efecto invernadero y para limitar el cambio clim\u00e1tico, tendr\u00e1 un impacto significativo en los sectores de IndustriALL. Los sindicatos tienen que estudiar las pol\u00edticas estatales a nivel nacional y desarrollar medidas para procurar una transici\u00f3n justa para los trabajadores\/as.<\/p><p>Utilizando tecnolog\u00eda inteligente y datos en tiempo real para aumentar la productividad y reducir los costos, <a href=\"http:\/\/www.industriall-union.org\/es\/informe-industria-40-la-revolucion-industrial-actual\">Industria 4.0<\/a> plantea desaf\u00edos para los trabajadores\/as y sectores de IndustriALL. Los sindicatos deber\u00e1n ejercer su influencia para garantizar que los trabajadores\/as logren condiciones equitativas en el nuevo mundo del trabajo. IndustriALL va a desarrollar una pol\u00edtica corporativa respecto a la digitalizaci\u00f3n e Industria 4.0.<\/p><p><strong>Comercio<\/strong><\/p><p>En un debate correspondiente a los acuerdos comerciales transnacionales, los sindicatos del Reino Unido y de la India informaron sobre las consecuencias desastrosas que ha tenido en las industrias de sus pa\u00edses la pol\u00edtica china de dumping del acero.<\/p><p>Como invitado especial a la reuni\u00f3n del Comit\u00e9 Ejecutivo, Jamshid Ahmadi del Sindicato de Trabajadores Metal\u00fargicos y Mec\u00e1nicos de Ir\u00e1n (UMMI), rog\u00f3 al Comit\u00e9 dar m\u00e1s apoyo a los trabajadores\/as en Ir\u00e1n. Pidi\u00f3 que IndustriALL presione a las compa\u00f1\u00edas multinacionales en Ir\u00e1n, como Peugeot y Renault, para que respeten los derechos sindicales y de los trabajadores en el pa\u00eds.<\/p><p>Por su parte, Jyrki Raina dijo lo siguiente:<\/p><blockquote><p>&ldquo;Los positivos debates de Fr\u00e1ncfort nos orientar\u00e1n muy bien en nuestros preparativos para el segundo Congreso de IndustriALL en Rio de Janeiro, donde m\u00e1s de 1000 delegados evaluar\u00e1n los resultados de nuestros primeros cuatro a\u00f1os de existencia y la direcci\u00f3n futura de nuestro quehacer. Al conservar la unidad y desarrollando m\u00e1s la solidaridad concreta, estaremos m\u00e1s fuertes para hacer frente a los retos de un complicado mundo globalizado, donde demasiados gobiernos y corporaciones quieren negar a los trabajadores sus derechos fundamentales&rdquo;.<\/p><\/blockquote>","protected":false},"featured_media":0,"template":"","issues":[396,406,412,420,392,413],"companies":[],"regions":[],"sectors":[],"article_tags":[511],"class_list":["post-167334","article","type-article","status-publish","hentry","issues-building-strong-unions","issues-confronting-global-capital","issues-social-justice-and-globalization","issues-solidarity","issues-sustainable-industrial-policy","issues-trade","article_tags-industriall"],"acf":[],"yoast_head":"<!-- This site is optimized with the Yoast SEO Premium plugin v27.1 (Yoast SEO v27.1) - https:\/\/yoast.com\/product\/yoast-seo-premium-wordpress\/ -->\n<title>Comit\u00e9 Ejecutivo de IndustriALL se prepara para el Congreso en Rio - industriall-union<\/title>\n<meta name=\"description\" content=\"Uno de los debates m\u00e1s importantes de esta reuni\u00f3n se centr\u00f3 en los preparativos para el segundo Congreso de IndustriALL, programado para realizarse en\" \/>\n<meta name=\"robots\" content=\"index, follow, max-snippet:-1, max-image-preview:large, max-video-preview:-1\" \/>\n<link rel=\"canonical\" href=\"https:\/\/admin.industriall-union.org\/es\/comite-ejecutivo-de-industriall-se-prepara-para-el-congreso-en-rio\/\" \/>\n<meta property=\"og:locale\" content=\"es_ES\" \/>\n<meta property=\"og:type\" content=\"article\" \/>\n<meta property=\"og:title\" content=\"Comit\u00e9 Ejecutivo de IndustriALL se prepara para el Congreso en Rio\" \/>\n<meta property=\"og:description\" content=\"Uno de los debates m\u00e1s importantes de esta reuni\u00f3n se centr\u00f3 en los preparativos para el segundo Congreso de IndustriALL, programado para realizarse en\" \/>\n<meta property=\"og:url\" content=\"https:\/\/admin.industriall-union.org\/es\/comite-ejecutivo-de-industriall-se-prepara-para-el-congreso-en-rio\/\" \/>\n<meta property=\"og:site_name\" content=\"industriall-union\" \/>\n<meta property=\"article:modified_time\" content=\"2025-02-07T01:18:56+00:00\" \/>\n<meta name=\"twitter:card\" content=\"summary_large_image\" \/>\n<meta name=\"twitter:label1\" content=\"Est. reading time\" \/>\n\t<meta name=\"twitter:data1\" content=\"5 minutes\" \/>\n<script type=\"application\/ld+json\" class=\"yoast-schema-graph\">{\"@context\":\"https:\/\/schema.org\",\"@graph\":[{\"@type\":\"WebPage\",\"@id\":\"https:\/\/admin.industriall-union.org\/es\/comite-ejecutivo-de-industriall-se-prepara-para-el-congreso-en-rio\/\",\"url\":\"https:\/\/admin.industriall-union.org\/es\/comite-ejecutivo-de-industriall-se-prepara-para-el-congreso-en-rio\/\",\"name\":\"Comit\u00e9 Ejecutivo de IndustriALL se prepara para el Congreso en Rio - industriall-union\",\"isPartOf\":{\"@id\":\"https:\/\/admin.industriall-union.org\/#website\"},\"datePublished\":\"2016-05-30T15:24:42+00:00\",\"dateModified\":\"2025-02-07T01:18:56+00:00\",\"description\":\"Uno de los debates m\u00e1s importantes de esta reuni\u00f3n se centr\u00f3 en los preparativos para el segundo Congreso de IndustriALL, programado para realizarse en\",\"breadcrumb\":{\"@id\":\"https:\/\/admin.industriall-union.org\/es\/comite-ejecutivo-de-industriall-se-prepara-para-el-congreso-en-rio\/#breadcrumb\"},\"inLanguage\":\"es-ES\",\"potentialAction\":[{\"@type\":\"ReadAction\",\"target\":[\"https:\/\/admin.industriall-union.org\/es\/comite-ejecutivo-de-industriall-se-prepara-para-el-congreso-en-rio\/\"]}]},{\"@type\":\"BreadcrumbList\",\"@id\":\"https:\/\/admin.industriall-union.org\/es\/comite-ejecutivo-de-industriall-se-prepara-para-el-congreso-en-rio\/#breadcrumb\",\"itemListElement\":[{\"@type\":\"ListItem\",\"position\":1,\"name\":\"Home\",\"item\":\"https:\/\/admin.industriall-union.org\/\"},{\"@type\":\"ListItem\",\"position\":2,\"name\":\"Articles\",\"item\":\"https:\/\/admin.industriall-union.org\/article\/\"},{\"@type\":\"ListItem\",\"position\":3,\"name\":\"Comit\u00e9 Ejecutivo de IndustriALL se prepara para el Congreso en Rio\"}]},{\"@type\":\"WebSite\",\"@id\":\"https:\/\/admin.industriall-union.org\/#website\",\"url\":\"https:\/\/admin.industriall-union.org\/\",\"name\":\"industriall-union\",\"description\":\"\",\"potentialAction\":[{\"@type\":\"SearchAction\",\"target\":{\"@type\":\"EntryPoint\",\"urlTemplate\":\"https:\/\/admin.industriall-union.org\/?s={search_term_string}\"},\"query-input\":{\"@type\":\"PropertyValueSpecification\",\"valueRequired\":true,\"valueName\":\"search_term_string\"}}],\"inLanguage\":\"es-ES\"}]}<\/script>\n<!-- \/ Yoast SEO Premium plugin. -->","yoast_head_json":{"title":"Comit\u00e9 Ejecutivo de IndustriALL se prepara para el Congreso en Rio - industriall-union","description":"Uno de los debates m\u00e1s importantes de esta reuni\u00f3n se centr\u00f3 en los preparativos para el segundo Congreso de IndustriALL, programado para realizarse en","robots":{"index":"index","follow":"follow","max-snippet":"max-snippet:-1","max-image-preview":"max-image-preview:large","max-video-preview":"max-video-preview:-1"},"canonical":"https:\/\/admin.industriall-union.org\/es\/comite-ejecutivo-de-industriall-se-prepara-para-el-congreso-en-rio\/","og_locale":"es_ES","og_type":"article","og_title":"Comit\u00e9 Ejecutivo de IndustriALL se prepara para el Congreso en Rio","og_description":"Uno de los debates m\u00e1s importantes de esta reuni\u00f3n se centr\u00f3 en los preparativos para el segundo Congreso de IndustriALL, programado para realizarse en","og_url":"https:\/\/admin.industriall-union.org\/es\/comite-ejecutivo-de-industriall-se-prepara-para-el-congreso-en-rio\/","og_site_name":"industriall-union","article_modified_time":"2025-02-07T01:18:56+00:00","twitter_card":"summary_large_image","twitter_misc":{"Est. reading time":"5 minutes"},"schema":{"@context":"https:\/\/schema.org","@graph":[{"@type":"WebPage","@id":"https:\/\/admin.industriall-union.org\/es\/comite-ejecutivo-de-industriall-se-prepara-para-el-congreso-en-rio\/","url":"https:\/\/admin.industriall-union.org\/es\/comite-ejecutivo-de-industriall-se-prepara-para-el-congreso-en-rio\/","name":"Comit\u00e9 Ejecutivo de IndustriALL se prepara para el Congreso en Rio - industriall-union","isPartOf":{"@id":"https:\/\/admin.industriall-union.org\/#website"},"datePublished":"2016-05-30T15:24:42+00:00","dateModified":"2025-02-07T01:18:56+00:00","description":"Uno de los debates m\u00e1s importantes de esta reuni\u00f3n se centr\u00f3 en los preparativos para el segundo Congreso de IndustriALL, programado para realizarse en","breadcrumb":{"@id":"https:\/\/admin.industriall-union.org\/es\/comite-ejecutivo-de-industriall-se-prepara-para-el-congreso-en-rio\/#breadcrumb"},"inLanguage":"es-ES","potentialAction":[{"@type":"ReadAction","target":["https:\/\/admin.industriall-union.org\/es\/comite-ejecutivo-de-industriall-se-prepara-para-el-congreso-en-rio\/"]}]},{"@type":"BreadcrumbList","@id":"https:\/\/admin.industriall-union.org\/es\/comite-ejecutivo-de-industriall-se-prepara-para-el-congreso-en-rio\/#breadcrumb","itemListElement":[{"@type":"ListItem","position":1,"name":"Home","item":"https:\/\/admin.industriall-union.org\/"},{"@type":"ListItem","position":2,"name":"Articles","item":"https:\/\/admin.industriall-union.org\/article\/"},{"@type":"ListItem","position":3,"name":"Comit\u00e9 Ejecutivo de IndustriALL se prepara para el Congreso en Rio"}]},{"@type":"WebSite","@id":"https:\/\/admin.industriall-union.org\/#website","url":"https:\/\/admin.industriall-union.org\/","name":"industriall-union","description":"","potentialAction":[{"@type":"SearchAction","target":{"@type":"EntryPoint","urlTemplate":"https:\/\/admin.industriall-union.org\/?s={search_term_string}"},"query-input":{"@type":"PropertyValueSpecification","valueRequired":true,"valueName":"search_term_string"}}],"inLanguage":"es-ES"}]}},"_links":{"self":[{"href":"https:\/\/admin.industriall-union.org\/es\/wp-json\/wp\/v2\/article\/167334","targetHints":{"allow":["GET"]}}],"collection":[{"href":"https:\/\/admin.industriall-union.org\/es\/wp-json\/wp\/v2\/article"}],"about":[{"href":"https:\/\/admin.industriall-union.org\/es\/wp-json\/wp\/v2\/types\/article"}],"wp:attachment":[{"href":"https:\/\/admin.industriall-union.org\/es\/wp-json\/wp\/v2\/media?parent=167334"}],"wp:term":[{"taxonomy":"issues","embeddable":true,"href":"https:\/\/admin.industriall-union.org\/es\/wp-json\/wp\/v2\/issues?post=167334"},{"taxonomy":"companies","embeddable":true,"href":"https:\/\/admin.industriall-union.org\/es\/wp-json\/wp\/v2\/companies?post=167334"},{"taxonomy":"regions","embeddable":true,"href":"https:\/\/admin.industriall-union.org\/es\/wp-json\/wp\/v2\/regions?post=167334"},{"taxonomy":"sectors","embeddable":true,"href":"https:\/\/admin.industriall-union.org\/es\/wp-json\/wp\/v2\/sectors?post=167334"},{"taxonomy":"article_tags","embeddable":true,"href":"https:\/\/admin.industriall-union.org\/es\/wp-json\/wp\/v2\/article_tags?post=167334"}],"curies":[{"name":"wp","href":"https:\/\/api.w.org\/{rel}","templated":true}]}}