{"id":167292,"date":"2016-06-01T23:07:41","date_gmt":"2016-06-01T23:07:41","guid":{"rendered":"https:\/\/admin.industriall-union.org\/industriall-celebra-liberacion-del-dirigente-del-sutcs-sandak-gustavo-labastida\/"},"modified":"2025-02-07T01:13:37","modified_gmt":"2025-02-07T01:13:37","slug":"industriall-celebra-liberacion-del-dirigente-del-sutcs-sandak-gustavo-labastida","status":"publish","type":"article","link":"https:\/\/admin.industriall-union.org\/es\/industriall-celebra-liberacion-del-dirigente-del-sutcs-sandak-gustavo-labastida\/","title":{"rendered":"IndustriALL celebra liberaci\u00f3n del dirigente del SUTCS-Sandak Gustavo Labastida"},"content":{"rendered":"<p>Nos da mucha alegr\u00eda compartir que luego de 9 meses de estar <u><strong><a href=\"http:\/\/www.industriall-union.org\/es\/detienen-a-trabajador-de-bata-en-mexico\" target=\"_self\">privado de su libertad<\/a><\/strong><\/u>, finalmente el 25 de mayo el Secretario General del SUTCS, <strong>Gustavo Labastida fue liberado<\/strong>. El motivo por el que estuvo detenido arbitrariamente en el Penal de Apizaquito, Tlaxcala se debi\u00f3 a que supuestamente hab\u00eda cometido el delito de &ldquo;despojo&rdquo; contra la empresa Calzado Sandak S.A. de C.V. &nbsp;<\/p><blockquote><p>&ldquo;La clase trabajadora gan\u00f3 un round de la pelea y va por m\u00e1s&rdquo;<\/p><\/blockquote><p>celebr\u00f3 el sindicato&nbsp;en sus medios oficiales.<\/p><p>El SUTCS se\u00f1al\u00f3 que se trat\u00f3 de una maniobra de la empresa subsidiaria de Bata Internacional &ldquo;para tratar de desarticular nuestra justa lucha ante el cierre ilegal de la empresa y destruir nuestro sindicato independiente y democr\u00e1tico, el \u00fanico en todo el estado de Tlaxcala&rdquo;<\/p><p>Recientemente el sindicato<strong> gan\u00f3 un amparo laboral <\/strong>que los reconoce como miembros del SUTCS y trabajadores; con ello se demostr\u00f3 que Gustavo Labastida defend\u00eda los derechos de sus compa\u00f1eros y deb\u00eda ser liberado.<\/p><p>El <strong>conflicto laboral<\/strong> en esta trasnacional comenz\u00f3 hace <strong>cuatro a\u00f1os<\/strong>, cuando la empresa cerr\u00f3 sus puertas de forma ilegal al incumplir lo que se\u00f1ala la ley mexicana,&nbsp; y justific\u00e1ndose en que no era rentable. Previamente hab\u00eda trasladado parte de su producci\u00f3n a maquilas y trabajo a domicilio, que operan al margen de la ley, adem\u00e1s de incumplir con el pago de salarios y otras prestaciones.<\/p><p><strong>IndustriaALL ha apoyado al sindicato <\/strong>en la defensa de los trabajadores, difundi\u00f3 el caso en instancias internacionales y celebra su determinaci\u00f3n de continuar su lucha.<\/p><p>El caso de Sandak \/BATA demuestra una vez m\u00e1s que las trasnacionales y autoridades gubernamentales de M\u00e9xico andan de la mano para negarle a los trabajadores la posibilidad de ejercer su derecho de asociaci\u00f3n. En este caso de cierre de la empresa, <strong>Bata rechaza reconocer y compensar<\/strong> los largos <strong>a\u00f1os de trabajo <\/strong>de los trabajadores -muchos con m\u00e1s de 20 a\u00f1os de antig\u00fcedad- y, con la complicidad del gobernador de Tlaxcala, busca simplemente desecharlos cuando ya no los necesita.<\/p><p>El secretario general adjunto de IndustriALL, Fernando Lopes dijo al respecto:<\/p><blockquote><p>&ldquo;IndustriALL sigue demandando respeto para los trabajadores mexicanos. Sin embargo consideramos que la \u00fanica forma de combatir estos ataques constantes a los derechos de los las trabajadores\/as, es cambiando de estrategia; en lugar de seguir creando peque\u00f1os sindicatos de empresa, tenemos que fomentar la construcci\u00f3n de sindicatos nacionales de rama. IndustriALL est\u00e1 listo para apoyar la consolidaci\u00f3n de sindicatos nacionales por rama en M\u00e9xico&rdquo;<\/p><\/blockquote>","protected":false},"featured_media":0,"template":"","issues":[420,425],"companies":[],"regions":[254,275],"sectors":[467],"article_tags":[511],"class_list":["post-167292","article","type-article","status-publish","hentry","issues-solidarity","issues-workers-rights","regions-latin-america-and-the-caribbean","regions-mexico","sectors-shoes-industry","article_tags-industriall"],"acf":[],"yoast_head":"<!-- This site is optimized with the Yoast SEO Premium plugin v27.1 (Yoast SEO v27.1) - https:\/\/yoast.com\/product\/yoast-seo-premium-wordpress\/ -->\n<title>IndustriALL celebra liberaci\u00f3n del dirigente del SUTCS-Sandak Gustavo Labastida - industriall-union<\/title>\n<meta name=\"description\" content=\"Nos da mucha alegr\u00eda compartir que luego de 9 meses de estar privado de su libertad, finalmente el 25 de mayo el Secretario General del SUTCS, Gustavo\" \/>\n<meta name=\"robots\" content=\"index, follow, max-snippet:-1, max-image-preview:large, max-video-preview:-1\" \/>\n<link rel=\"canonical\" href=\"https:\/\/admin.industriall-union.org\/es\/industriall-celebra-liberacion-del-dirigente-del-sutcs-sandak-gustavo-labastida\/\" \/>\n<meta property=\"og:locale\" content=\"es_ES\" \/>\n<meta property=\"og:type\" content=\"article\" \/>\n<meta property=\"og:title\" content=\"IndustriALL celebra liberaci\u00f3n del dirigente del SUTCS-Sandak Gustavo Labastida\" \/>\n<meta property=\"og:description\" content=\"Nos da mucha alegr\u00eda compartir que luego de 9 meses de estar privado de su libertad, finalmente el 25 de mayo el Secretario General del SUTCS, Gustavo\" \/>\n<meta property=\"og:url\" content=\"https:\/\/admin.industriall-union.org\/es\/industriall-celebra-liberacion-del-dirigente-del-sutcs-sandak-gustavo-labastida\/\" \/>\n<meta property=\"og:site_name\" content=\"industriall-union\" \/>\n<meta property=\"article:modified_time\" content=\"2025-02-07T01:13:37+00:00\" \/>\n<meta name=\"twitter:card\" content=\"summary_large_image\" \/>\n<meta name=\"twitter:label1\" content=\"Est. reading time\" \/>\n\t<meta name=\"twitter:data1\" content=\"2 minutes\" \/>\n<script type=\"application\/ld+json\" class=\"yoast-schema-graph\">{\"@context\":\"https:\/\/schema.org\",\"@graph\":[{\"@type\":\"WebPage\",\"@id\":\"https:\/\/admin.industriall-union.org\/es\/industriall-celebra-liberacion-del-dirigente-del-sutcs-sandak-gustavo-labastida\/\",\"url\":\"https:\/\/admin.industriall-union.org\/es\/industriall-celebra-liberacion-del-dirigente-del-sutcs-sandak-gustavo-labastida\/\",\"name\":\"IndustriALL celebra liberaci\u00f3n del dirigente del SUTCS-Sandak Gustavo Labastida - industriall-union\",\"isPartOf\":{\"@id\":\"https:\/\/admin.industriall-union.org\/#website\"},\"datePublished\":\"2016-06-01T23:07:41+00:00\",\"dateModified\":\"2025-02-07T01:13:37+00:00\",\"description\":\"Nos da mucha alegr\u00eda compartir que luego de 9 meses de estar privado de su libertad, finalmente el 25 de mayo el Secretario General del SUTCS, Gustavo\",\"breadcrumb\":{\"@id\":\"https:\/\/admin.industriall-union.org\/es\/industriall-celebra-liberacion-del-dirigente-del-sutcs-sandak-gustavo-labastida\/#breadcrumb\"},\"inLanguage\":\"es-ES\",\"potentialAction\":[{\"@type\":\"ReadAction\",\"target\":[\"https:\/\/admin.industriall-union.org\/es\/industriall-celebra-liberacion-del-dirigente-del-sutcs-sandak-gustavo-labastida\/\"]}]},{\"@type\":\"BreadcrumbList\",\"@id\":\"https:\/\/admin.industriall-union.org\/es\/industriall-celebra-liberacion-del-dirigente-del-sutcs-sandak-gustavo-labastida\/#breadcrumb\",\"itemListElement\":[{\"@type\":\"ListItem\",\"position\":1,\"name\":\"Home\",\"item\":\"https:\/\/admin.industriall-union.org\/\"},{\"@type\":\"ListItem\",\"position\":2,\"name\":\"Articles\",\"item\":\"https:\/\/admin.industriall-union.org\/article\/\"},{\"@type\":\"ListItem\",\"position\":3,\"name\":\"IndustriALL celebra liberaci\u00f3n del dirigente del SUTCS-Sandak Gustavo Labastida\"}]},{\"@type\":\"WebSite\",\"@id\":\"https:\/\/admin.industriall-union.org\/#website\",\"url\":\"https:\/\/admin.industriall-union.org\/\",\"name\":\"industriall-union\",\"description\":\"\",\"potentialAction\":[{\"@type\":\"SearchAction\",\"target\":{\"@type\":\"EntryPoint\",\"urlTemplate\":\"https:\/\/admin.industriall-union.org\/?s={search_term_string}\"},\"query-input\":{\"@type\":\"PropertyValueSpecification\",\"valueRequired\":true,\"valueName\":\"search_term_string\"}}],\"inLanguage\":\"es-ES\"}]}<\/script>\n<!-- \/ Yoast SEO Premium plugin. -->","yoast_head_json":{"title":"IndustriALL celebra liberaci\u00f3n del dirigente del SUTCS-Sandak Gustavo Labastida - industriall-union","description":"Nos da mucha alegr\u00eda compartir que luego de 9 meses de estar privado de su libertad, finalmente el 25 de mayo el Secretario General del SUTCS, Gustavo","robots":{"index":"index","follow":"follow","max-snippet":"max-snippet:-1","max-image-preview":"max-image-preview:large","max-video-preview":"max-video-preview:-1"},"canonical":"https:\/\/admin.industriall-union.org\/es\/industriall-celebra-liberacion-del-dirigente-del-sutcs-sandak-gustavo-labastida\/","og_locale":"es_ES","og_type":"article","og_title":"IndustriALL celebra liberaci\u00f3n del dirigente del SUTCS-Sandak Gustavo Labastida","og_description":"Nos da mucha alegr\u00eda compartir que luego de 9 meses de estar privado de su libertad, finalmente el 25 de mayo el Secretario General del SUTCS, Gustavo","og_url":"https:\/\/admin.industriall-union.org\/es\/industriall-celebra-liberacion-del-dirigente-del-sutcs-sandak-gustavo-labastida\/","og_site_name":"industriall-union","article_modified_time":"2025-02-07T01:13:37+00:00","twitter_card":"summary_large_image","twitter_misc":{"Est. reading time":"2 minutes"},"schema":{"@context":"https:\/\/schema.org","@graph":[{"@type":"WebPage","@id":"https:\/\/admin.industriall-union.org\/es\/industriall-celebra-liberacion-del-dirigente-del-sutcs-sandak-gustavo-labastida\/","url":"https:\/\/admin.industriall-union.org\/es\/industriall-celebra-liberacion-del-dirigente-del-sutcs-sandak-gustavo-labastida\/","name":"IndustriALL celebra liberaci\u00f3n del dirigente del SUTCS-Sandak Gustavo Labastida - industriall-union","isPartOf":{"@id":"https:\/\/admin.industriall-union.org\/#website"},"datePublished":"2016-06-01T23:07:41+00:00","dateModified":"2025-02-07T01:13:37+00:00","description":"Nos da mucha alegr\u00eda compartir que luego de 9 meses de estar privado de su libertad, finalmente el 25 de mayo el Secretario General del SUTCS, Gustavo","breadcrumb":{"@id":"https:\/\/admin.industriall-union.org\/es\/industriall-celebra-liberacion-del-dirigente-del-sutcs-sandak-gustavo-labastida\/#breadcrumb"},"inLanguage":"es-ES","potentialAction":[{"@type":"ReadAction","target":["https:\/\/admin.industriall-union.org\/es\/industriall-celebra-liberacion-del-dirigente-del-sutcs-sandak-gustavo-labastida\/"]}]},{"@type":"BreadcrumbList","@id":"https:\/\/admin.industriall-union.org\/es\/industriall-celebra-liberacion-del-dirigente-del-sutcs-sandak-gustavo-labastida\/#breadcrumb","itemListElement":[{"@type":"ListItem","position":1,"name":"Home","item":"https:\/\/admin.industriall-union.org\/"},{"@type":"ListItem","position":2,"name":"Articles","item":"https:\/\/admin.industriall-union.org\/article\/"},{"@type":"ListItem","position":3,"name":"IndustriALL celebra liberaci\u00f3n del dirigente del SUTCS-Sandak Gustavo Labastida"}]},{"@type":"WebSite","@id":"https:\/\/admin.industriall-union.org\/#website","url":"https:\/\/admin.industriall-union.org\/","name":"industriall-union","description":"","potentialAction":[{"@type":"SearchAction","target":{"@type":"EntryPoint","urlTemplate":"https:\/\/admin.industriall-union.org\/?s={search_term_string}"},"query-input":{"@type":"PropertyValueSpecification","valueRequired":true,"valueName":"search_term_string"}}],"inLanguage":"es-ES"}]}},"_links":{"self":[{"href":"https:\/\/admin.industriall-union.org\/es\/wp-json\/wp\/v2\/article\/167292","targetHints":{"allow":["GET"]}}],"collection":[{"href":"https:\/\/admin.industriall-union.org\/es\/wp-json\/wp\/v2\/article"}],"about":[{"href":"https:\/\/admin.industriall-union.org\/es\/wp-json\/wp\/v2\/types\/article"}],"wp:attachment":[{"href":"https:\/\/admin.industriall-union.org\/es\/wp-json\/wp\/v2\/media?parent=167292"}],"wp:term":[{"taxonomy":"issues","embeddable":true,"href":"https:\/\/admin.industriall-union.org\/es\/wp-json\/wp\/v2\/issues?post=167292"},{"taxonomy":"companies","embeddable":true,"href":"https:\/\/admin.industriall-union.org\/es\/wp-json\/wp\/v2\/companies?post=167292"},{"taxonomy":"regions","embeddable":true,"href":"https:\/\/admin.industriall-union.org\/es\/wp-json\/wp\/v2\/regions?post=167292"},{"taxonomy":"sectors","embeddable":true,"href":"https:\/\/admin.industriall-union.org\/es\/wp-json\/wp\/v2\/sectors?post=167292"},{"taxonomy":"article_tags","embeddable":true,"href":"https:\/\/admin.industriall-union.org\/es\/wp-json\/wp\/v2\/article_tags?post=167292"}],"curies":[{"name":"wp","href":"https:\/\/api.w.org\/{rel}","templated":true}]}}