{"id":167290,"date":"2016-06-02T13:14:50","date_gmt":"2016-06-02T13:14:50","guid":{"rendered":"https:\/\/admin.industriall-union.org\/los-sindicatos-mineros-se-defienden-en-una-crisis-que-afecta-a-los-productos-basicos\/"},"modified":"2025-02-07T01:09:39","modified_gmt":"2025-02-07T01:09:39","slug":"los-sindicatos-mineros-se-defienden-en-una-crisis-que-afecta-a-los-productos-basicos","status":"publish","type":"article","link":"https:\/\/admin.industriall-union.org\/es\/los-sindicatos-mineros-se-defienden-en-una-crisis-que-afecta-a-los-productos-basicos\/","title":{"rendered":"Los sindicatos mineros se defienden en una crisis que afecta a los productos b\u00e1sicos"},"content":{"rendered":"<p>110 representantes de 50 sindicatos de 32 pa\u00edses de todos los continentes asistieron a la Conferencia Mundial de la Miner\u00eda y la secci\u00f3n de Producci\u00f3n de diamantes, gemas, adornos y joyer\u00eda (PDGAJ). Un aspecto importante de la conferencia fue el efecto de la crisis mundial de las materias primas en la industria de la miner\u00eda.<br \/><br \/>En su intervenci\u00f3n en la apertura, el secretario general adjunto de la IndustriALL Kemal \u00d6zkan dijo:<br \/><br \/>&ldquo;La crisis financiera de 2008 fue seguida de un auge de las materias primas, debido sobre todo a la demanda china, que llev\u00f3 a un irresponsable auge impulsado por la deuda en la expansi\u00f3n de la miner\u00eda.<br \/><br \/>&ldquo;Ahora hay una frenazo en las materias primas y una crisis de rentabilidad. Las empresas mineras tratan desesperadamente de reducir costos.<br \/><br \/>&ldquo;El resultado es la p\u00e9rdida de miles de empleos, un aumento de la subcontrataci\u00f3n, un recorte de las medidas de salud y seguridad, y una mayor presi\u00f3n sobre el medio ambiente y las comunidades locales.<br \/><br \/>Tenemos que reaccionar creando fuerza sindical, para que la industria minera sea segura y sostenible.&rdquo;<br \/><br \/>El director del sector de la IndustriALL, Glen Mpufane, hizo una detallada descripci\u00f3n del estado de la industria, y de c\u00faales deben ser las prioridades sindicales.<\/p><p>&ldquo;La industria miner\u00eda elude los problemas que crea&rdquo;, dijo.<br \/><br \/>&ldquo;Cat\u00e1strofe ambiental, comunidades destrozadas, externalizaci\u00f3n. Las empresas mineras se han comportado siempre as\u00ed, pero la crisis de las materias primas ha agravado la situaci\u00f3n. Esto es desastroso para los mineros, el medio ambiente y las comunidades.<br \/><br \/>&ldquo;Necesitamos una acci\u00f3n sindical mundial coordinada para afrontar efectivamente a esas empresas mineras, y es lo que lograremos con esta conferencia.&rdquo;<br \/><br \/>En la conferencia hubo una serie de mesas redondas, seguidas de la elaboraci\u00f3n y adopci\u00f3n de un plan de acci\u00f3n y de la elecci\u00f3n de copresidentes.<br \/><br \/>En una <a href=\"https:\/\/www.facebook.com\/IndustriALLGlobalUnion\/posts\/1047574818663186\">mesa redonda<\/a> sobre los efectos de la crisis de los productos b\u00e1sicos, L\u00fa Varj\u00e3o, de CNQ-CUT de Brasil, habl\u00f3 del hundimiento de la presa Bento Rodrigues en noviembre de 2015. Esta presa de residuos de mineral de hierro en una mina propiedad de BHP Billiton y Vale inund\u00f3 el valle Mariana, causando la muerte de 19 personas y la contaminaci\u00f3n de la cuenca fluvial. La recuperaci\u00f3n tardar\u00e1 d\u00e9cadas.<br \/><br \/>Las empresas hab\u00edan sido advertidas a\u00f1os antes de que la mina era estructuralmente insegura, pero no se adopt\u00f3 ninguna medida.<br \/><br \/>En el <a href=\"https:\/\/www.facebook.com\/IndustriALLGlobalUnion\/posts\/1047655538655114\">grupo sobre sostenibilidad y cambio clim\u00e1tico<\/a> hubo apasionados debates sobre el equilibrio entre la necesidad de proteger los empleos y la realidad de la crisis del clima.<br \/>&nbsp;<\/p><p>&ldquo;No es una cuesti\u00f3n del clima frente a los empleos&rdquo;, dijo el director de sostenibilidad, Brian Kohler. &ldquo;Se trata del clima y los empleos.&rdquo;<br \/><br \/>El afiliado alem\u00e1n, IG BCE, comparti\u00f3 sus experiencias sobre el apartamiento del carb\u00f3n con protecci\u00f3n social, y los representantes subrayaron que la Transici\u00f3n justa tiene que crear empleos de calidad.<br \/><br \/>&quot;La Transici\u00f3n justa significa empleos bien remunerados, no empleos precarios, ni trabajos que la gente tenga verg\u00fcenza de realizar,&rdquo; dijo Andrew Vickers, del CFMEU de Australia.<br \/><br \/>Se prest\u00f3 gran importancia a la campa\u00f1a para <a href=\"http:\/\/www.industriall-union.org\/c176\">ratificar el Convenio n\u00fam. 176 de la OIT sobre seguridad y salud en las minas<\/a>. Steve Hunt, del Workers&rsquo; Uniting North America, <a href=\"https:\/\/www.facebook.com\/IndustriALLGlobalUnion\/posts\/1048301548590513\">record\u00f3<\/a> que hab\u00eda formado parte del Grupo de los Trabajadores que hab\u00eda negociado el Convenio n\u00fam. 176 en 1995. &ldquo;Estoy sorprendido de la situaci\u00f3n actual. S\u00f3lo 31 pa\u00edses lo han ratificado, y los mineros est\u00e1n muriendo.&rdquo;<br \/><br \/>Ha habido un enorme aumento del uso del <a href=\"https:\/\/www.facebook.com\/IndustriALLGlobalUnion\/posts\/1048215415265793\">trabajo precario<\/a>, y algunas empresas &ndash; en particular BHP Billiton &ndash; emplean a m\u00e1s trabajadores subcontratados que trabajadores directos, permanentes. &ldquo;Las empresas mineras se est\u00e1n comportando como las empresas textiles,&rdquo; dijo la coordinadora del trabajo precario de la IndustriALL, Armelle Seby. &ldquo;Son marcas mundiales que externalizan gran parte de su trabajo.&rdquo;<br \/><br \/>La conferencia resolvi\u00f3 que es esencial crear fuerza sindical, fortaleciendo a los sindicatos locales y estableciendo redes mundiales.<br \/><br \/>&ldquo;Tenemos que crear una cultura de organizaci\u00f3n en nuestros sindicatos&rdquo;, <a href=\"https:\/\/www.facebook.com\/IndustriALLGlobalUnion\/posts\/1048167755270559\">dijo<\/a> el director de campa\u00f1as, Adam Lee. &ldquo;Pero tan importante como eso es intensificar el activismo y la solidaridad de nuestros miembros. No podemos ganar con unos miembros pasivos.&rdquo;<br \/><br \/>Los representantes abogaron por la unidad en la acci\u00f3n. Cuando haya m\u00e1s de un sindicato en el sector es fundamental que coordinen sus campa\u00f1as.<br \/><br \/>La conferencia reconoci\u00f3 tambi\u00e9n la importancia de las redes mundiales de empresa para afrontar al capital global y hacer campa\u00f1as concretas sobre multinacionales mineras. Los progresos obtenidos en la campa\u00f1a sobre Rio Tinto condujeron a la creaci\u00f3n de una red sindical mundial para BHP Billiton.<br \/><br \/>Andrew Vickers, del CFMEU de Miner\u00eda y Energ\u00eda de Australia, y Lucineide Varj\u00e3o Soares (L\u00fa), de la CNQ-CUT de Brasil Varj\u00e3o, fueron elegidos copresidente de la secci\u00f3n. La conferencia aprob\u00f3 tambi\u00e9n por unanimidad un plan de acci\u00f3n que contiene una estrategia detallada para transformar la industria. . Los delegados apoyaron asimismo por unanimidad una resoluci\u00f3n a favor de los mineros espa\u00f1oles sobre el reciente anuncio del Gobierno espa\u00f1ol de poner fin a la ayuda financiera y de cerrar minas en 2018.<br \/><br \/>En torno a la conferencia mundial hubo algunos acontecimientos paralelos. Los sindicatos que representan a los trabajadores en las operaciones de BHP Billiton se reunieron antes de la conferencia y acordaron reforzar las redes sindicales en esta gigantesca multinacional minera. La red de BHP Billiton se reunir\u00e1 antes de finalizar el a\u00f1o. Igualmente, sobre la base de la resoluci\u00f3n de la conferencia, los representantes sindicales de subsector de Producci\u00f3n de diamantes, gemas, adornos y joyer\u00eda se reunieron despu\u00e9s de la conferencia y decidieron intensificar las actividades de la IndustriALL en el pr\u00f3ximo per\u00edodo sobre un plan de acci\u00f3n concreto.<br \/><br \/>&ldquo;Nuestros afiliados del sector minero han mostrado una vez m\u00e1s su firme determinaci\u00f3n de solidaridad internacional&rdquo;, dijo Kemal \u00d6zkan.<br \/><br \/>&ldquo;La IndustriALL Global Union seguir\u00e1 defendiendo y promoviendo los derechos y los intereses de los mineros en el mundo entero.&rdquo;<\/p>","protected":false},"featured_media":0,"template":"","issues":[],"companies":[],"regions":[],"sectors":[],"article_tags":[],"class_list":["post-167290","article","type-article","status-publish","hentry"],"acf":[],"yoast_head":"<!-- This site is optimized with the Yoast SEO Premium plugin v27.1 (Yoast SEO v27.1) - https:\/\/yoast.com\/product\/yoast-seo-premium-wordpress\/ -->\n<title>Los sindicatos mineros se defienden en una crisis que afecta a los productos b\u00e1sicos - industriall-union<\/title>\n<meta name=\"description\" content=\"110 representantes de 50 sindicatos de 32 pa\u00edses de todos los continentes asistieron a la Conferencia Mundial de la Miner\u00eda y la secci\u00f3n de Producci\u00f3n de\" \/>\n<meta name=\"robots\" content=\"index, follow, max-snippet:-1, max-image-preview:large, max-video-preview:-1\" \/>\n<link rel=\"canonical\" href=\"https:\/\/admin.industriall-union.org\/es\/los-sindicatos-mineros-se-defienden-en-una-crisis-que-afecta-a-los-productos-basicos\/\" \/>\n<meta property=\"og:locale\" content=\"es_ES\" \/>\n<meta property=\"og:type\" content=\"article\" \/>\n<meta property=\"og:title\" content=\"Los sindicatos mineros se defienden en una crisis que afecta a los productos b\u00e1sicos\" \/>\n<meta property=\"og:description\" content=\"110 representantes de 50 sindicatos de 32 pa\u00edses de todos los continentes asistieron a la Conferencia Mundial de la Miner\u00eda y la secci\u00f3n de Producci\u00f3n de\" \/>\n<meta property=\"og:url\" content=\"https:\/\/admin.industriall-union.org\/es\/los-sindicatos-mineros-se-defienden-en-una-crisis-que-afecta-a-los-productos-basicos\/\" \/>\n<meta property=\"og:site_name\" content=\"industriall-union\" \/>\n<meta property=\"article:modified_time\" content=\"2025-02-07T01:09:39+00:00\" \/>\n<meta name=\"twitter:card\" content=\"summary_large_image\" \/>\n<meta name=\"twitter:label1\" content=\"Est. reading time\" \/>\n\t<meta name=\"twitter:data1\" content=\"5 minutes\" \/>\n<script type=\"application\/ld+json\" class=\"yoast-schema-graph\">{\"@context\":\"https:\/\/schema.org\",\"@graph\":[{\"@type\":\"WebPage\",\"@id\":\"https:\/\/admin.industriall-union.org\/es\/los-sindicatos-mineros-se-defienden-en-una-crisis-que-afecta-a-los-productos-basicos\/\",\"url\":\"https:\/\/admin.industriall-union.org\/es\/los-sindicatos-mineros-se-defienden-en-una-crisis-que-afecta-a-los-productos-basicos\/\",\"name\":\"Los sindicatos mineros se defienden en una crisis que afecta a los productos b\u00e1sicos - industriall-union\",\"isPartOf\":{\"@id\":\"https:\/\/admin.industriall-union.org\/#website\"},\"datePublished\":\"2016-06-02T13:14:50+00:00\",\"dateModified\":\"2025-02-07T01:09:39+00:00\",\"description\":\"110 representantes de 50 sindicatos de 32 pa\u00edses de todos los continentes asistieron a la Conferencia Mundial de la Miner\u00eda y la secci\u00f3n de Producci\u00f3n de\",\"breadcrumb\":{\"@id\":\"https:\/\/admin.industriall-union.org\/es\/los-sindicatos-mineros-se-defienden-en-una-crisis-que-afecta-a-los-productos-basicos\/#breadcrumb\"},\"inLanguage\":\"es-ES\",\"potentialAction\":[{\"@type\":\"ReadAction\",\"target\":[\"https:\/\/admin.industriall-union.org\/es\/los-sindicatos-mineros-se-defienden-en-una-crisis-que-afecta-a-los-productos-basicos\/\"]}]},{\"@type\":\"BreadcrumbList\",\"@id\":\"https:\/\/admin.industriall-union.org\/es\/los-sindicatos-mineros-se-defienden-en-una-crisis-que-afecta-a-los-productos-basicos\/#breadcrumb\",\"itemListElement\":[{\"@type\":\"ListItem\",\"position\":1,\"name\":\"Home\",\"item\":\"https:\/\/admin.industriall-union.org\/\"},{\"@type\":\"ListItem\",\"position\":2,\"name\":\"Articles\",\"item\":\"https:\/\/admin.industriall-union.org\/article\/\"},{\"@type\":\"ListItem\",\"position\":3,\"name\":\"Los sindicatos mineros se defienden en una crisis que afecta a los productos b\u00e1sicos\"}]},{\"@type\":\"WebSite\",\"@id\":\"https:\/\/admin.industriall-union.org\/#website\",\"url\":\"https:\/\/admin.industriall-union.org\/\",\"name\":\"industriall-union\",\"description\":\"\",\"potentialAction\":[{\"@type\":\"SearchAction\",\"target\":{\"@type\":\"EntryPoint\",\"urlTemplate\":\"https:\/\/admin.industriall-union.org\/?s={search_term_string}\"},\"query-input\":{\"@type\":\"PropertyValueSpecification\",\"valueRequired\":true,\"valueName\":\"search_term_string\"}}],\"inLanguage\":\"es-ES\"}]}<\/script>\n<!-- \/ Yoast SEO Premium plugin. -->","yoast_head_json":{"title":"Los sindicatos mineros se defienden en una crisis que afecta a los productos b\u00e1sicos - industriall-union","description":"110 representantes de 50 sindicatos de 32 pa\u00edses de todos los continentes asistieron a la Conferencia Mundial de la Miner\u00eda y la secci\u00f3n de Producci\u00f3n de","robots":{"index":"index","follow":"follow","max-snippet":"max-snippet:-1","max-image-preview":"max-image-preview:large","max-video-preview":"max-video-preview:-1"},"canonical":"https:\/\/admin.industriall-union.org\/es\/los-sindicatos-mineros-se-defienden-en-una-crisis-que-afecta-a-los-productos-basicos\/","og_locale":"es_ES","og_type":"article","og_title":"Los sindicatos mineros se defienden en una crisis que afecta a los productos b\u00e1sicos","og_description":"110 representantes de 50 sindicatos de 32 pa\u00edses de todos los continentes asistieron a la Conferencia Mundial de la Miner\u00eda y la secci\u00f3n de Producci\u00f3n de","og_url":"https:\/\/admin.industriall-union.org\/es\/los-sindicatos-mineros-se-defienden-en-una-crisis-que-afecta-a-los-productos-basicos\/","og_site_name":"industriall-union","article_modified_time":"2025-02-07T01:09:39+00:00","twitter_card":"summary_large_image","twitter_misc":{"Est. reading time":"5 minutes"},"schema":{"@context":"https:\/\/schema.org","@graph":[{"@type":"WebPage","@id":"https:\/\/admin.industriall-union.org\/es\/los-sindicatos-mineros-se-defienden-en-una-crisis-que-afecta-a-los-productos-basicos\/","url":"https:\/\/admin.industriall-union.org\/es\/los-sindicatos-mineros-se-defienden-en-una-crisis-que-afecta-a-los-productos-basicos\/","name":"Los sindicatos mineros se defienden en una crisis que afecta a los productos b\u00e1sicos - industriall-union","isPartOf":{"@id":"https:\/\/admin.industriall-union.org\/#website"},"datePublished":"2016-06-02T13:14:50+00:00","dateModified":"2025-02-07T01:09:39+00:00","description":"110 representantes de 50 sindicatos de 32 pa\u00edses de todos los continentes asistieron a la Conferencia Mundial de la Miner\u00eda y la secci\u00f3n de Producci\u00f3n de","breadcrumb":{"@id":"https:\/\/admin.industriall-union.org\/es\/los-sindicatos-mineros-se-defienden-en-una-crisis-que-afecta-a-los-productos-basicos\/#breadcrumb"},"inLanguage":"es-ES","potentialAction":[{"@type":"ReadAction","target":["https:\/\/admin.industriall-union.org\/es\/los-sindicatos-mineros-se-defienden-en-una-crisis-que-afecta-a-los-productos-basicos\/"]}]},{"@type":"BreadcrumbList","@id":"https:\/\/admin.industriall-union.org\/es\/los-sindicatos-mineros-se-defienden-en-una-crisis-que-afecta-a-los-productos-basicos\/#breadcrumb","itemListElement":[{"@type":"ListItem","position":1,"name":"Home","item":"https:\/\/admin.industriall-union.org\/"},{"@type":"ListItem","position":2,"name":"Articles","item":"https:\/\/admin.industriall-union.org\/article\/"},{"@type":"ListItem","position":3,"name":"Los sindicatos mineros se defienden en una crisis que afecta a los productos b\u00e1sicos"}]},{"@type":"WebSite","@id":"https:\/\/admin.industriall-union.org\/#website","url":"https:\/\/admin.industriall-union.org\/","name":"industriall-union","description":"","potentialAction":[{"@type":"SearchAction","target":{"@type":"EntryPoint","urlTemplate":"https:\/\/admin.industriall-union.org\/?s={search_term_string}"},"query-input":{"@type":"PropertyValueSpecification","valueRequired":true,"valueName":"search_term_string"}}],"inLanguage":"es-ES"}]}},"_links":{"self":[{"href":"https:\/\/admin.industriall-union.org\/es\/wp-json\/wp\/v2\/article\/167290","targetHints":{"allow":["GET"]}}],"collection":[{"href":"https:\/\/admin.industriall-union.org\/es\/wp-json\/wp\/v2\/article"}],"about":[{"href":"https:\/\/admin.industriall-union.org\/es\/wp-json\/wp\/v2\/types\/article"}],"wp:attachment":[{"href":"https:\/\/admin.industriall-union.org\/es\/wp-json\/wp\/v2\/media?parent=167290"}],"wp:term":[{"taxonomy":"issues","embeddable":true,"href":"https:\/\/admin.industriall-union.org\/es\/wp-json\/wp\/v2\/issues?post=167290"},{"taxonomy":"companies","embeddable":true,"href":"https:\/\/admin.industriall-union.org\/es\/wp-json\/wp\/v2\/companies?post=167290"},{"taxonomy":"regions","embeddable":true,"href":"https:\/\/admin.industriall-union.org\/es\/wp-json\/wp\/v2\/regions?post=167290"},{"taxonomy":"sectors","embeddable":true,"href":"https:\/\/admin.industriall-union.org\/es\/wp-json\/wp\/v2\/sectors?post=167290"},{"taxonomy":"article_tags","embeddable":true,"href":"https:\/\/admin.industriall-union.org\/es\/wp-json\/wp\/v2\/article_tags?post=167290"}],"curies":[{"name":"wp","href":"https:\/\/api.w.org\/{rel}","templated":true}]}}