{"id":167210,"date":"2016-06-16T15:36:42","date_gmt":"2016-06-16T15:36:42","guid":{"rendered":"https:\/\/admin.industriall-union.org\/la-oit-centra-su-atencion-en-violaciones-de-derechos-de-los-trabajadores\/"},"modified":"2025-02-07T00:57:14","modified_gmt":"2025-02-07T00:57:14","slug":"la-oit-centra-su-atencion-en-violaciones-de-derechos-de-los-trabajadores","status":"publish","type":"article","link":"https:\/\/admin.industriall-union.org\/es\/la-oit-centra-su-atencion-en-violaciones-de-derechos-de-los-trabajadores\/","title":{"rendered":"La OIT centra su atenci\u00f3n en violaciones de derechos de los trabajadores"},"content":{"rendered":"<p>En junio de este a\u00f1o, la Comisi\u00f3n de Aplicaci\u00f3n de Normas de la OIT (CAS) estudi\u00f3 varios reclamos sobre violaciones de los derechos de los trabajadores, con especial \u00e9nfasis en pa\u00edses como Banglad\u00e9s, Indonesia, Camboya y M\u00e9xico.<\/p><p>Los representantes de los sindicatos de Banglad\u00e9s informaron a la Comisi\u00f3n que, si bien se ha avanzado en cuanto a mejorar la seguridad en el importante sector de la confecci\u00f3n, la libertad de sindicaci\u00f3n sigue siendo un problema.<\/p><p>En el per\u00edodo inmediatamente posterior a la tragedia de Rana Plaza en 2013, se registraron muchos nuevos sindicatos en el sector de la confecci\u00f3n de Banglad\u00e9s. En los \u00faltimos dos a\u00f1os, el proceso de legalizaci\u00f3n de los sindicatos ha llegado a ser cada vez m\u00e1s dif\u00edcil, ya que en este per\u00edodo se ha rechazado aproximadamente un 70% de los nuevos registros, especialmente los que presentan los sindicatos independientes.<\/p><p>Apoorva Kaiwar, Secretaria Regional de IndustriALL, inform\u00f3 a la Comisi\u00f3n de Aplicaci\u00f3n de Normas que debido a las agresivas medidas antisindicales que est\u00e1 aplicando la administraci\u00f3n empresarial, se ha reducido el &nbsp;n\u00famero de sindicatos activos, dejando a los trabajadores indefensos ante las empresas. Adem\u00e1s, los sindicatos est\u00e1n totalmente prohibidos en las zonas francas industriales de Banglad\u00e9s.<\/p><p>A consecuencia del antisindicalismo cada vez mayor en el pa\u00eds y la debilidad de las medidas &nbsp;tomadas por el gobierno para garantizar los derechos de los trabajadores en virtud del Convenio 87 de la OIT sobre libertad de asociaci\u00f3n y el derecho de sindicaci\u00f3n, la Comisi\u00f3n de Aplicaci\u00f3n de Normas de la OIT agreg\u00f3 Banglad\u00e9s a su &quot;lista negra&quot; de pa\u00edses que van a ser examinados bajo el &ldquo;p\u00e1rrafo especial&rdquo;.<\/p><p>Los representantes de los trabajadores\/as de Indonesia declararon sobre los violentos ataques que hab\u00edan realizado la polic\u00eda y matones armados contra los trabajadores.<\/p><p>Prihanani Boenadi, de FSPMI, organizaci\u00f3n afiliada a IndustriALL, hizo un llamado al gobierno para que ponga fin a la violaci\u00f3n de los derechos de los trabajadores y que las fuerzas de seguridad nacional no se usen para suprimir el derecho a la libertad de asociaci\u00f3n, como ocurri\u00f3 en noviembre de 2015, cuando <a href=\"http:\/\/www.industriall-union.org\/es\/indonesia-violencia-contra-activistas-sindicales\" target=\"_self\">25 manifestantes fueron detenidos<\/a> en Yakarta por haber protestado cuando se impidi\u00f3 su participaci\u00f3n en el proceso de fijaci\u00f3n de salarios.<\/p><p>La Comisi\u00f3n de Aplicaci\u00f3n de Normas &ldquo;manifest\u00f3 su profunda preocupaci\u00f3n por la gran cantidad de acusaciones&rdquo; e inst\u00f3 al gobierno de Indonesia tomar medidas para que los trabajadores puedan participar libremente y que se condene a los responsables de la violencia.<\/p><p>Por otra parte, Ath Thorn de la CCAWDU, organizaci\u00f3n de Camboya afiliada a IndustriALL, inform\u00f3 sobre la violencia contra la dirigencia laboral, despidos ilegales de dirigentes sindicales, interferencia pol\u00edtica, contratos a corto plazo, y discriminaci\u00f3n contra trabajadoras embarazadas.<\/p><p>La Comisi\u00f3n decidi\u00f3 enviar una misi\u00f3n de contacto directo de la OIT a Camboya, Indonesia, Filipinas, Suazilandia, Kazajst\u00e1n y Mauritania, para evaluar los progresos en relaci\u00f3n con las conclusiones de la CAS.<\/p><p>Napole\u00f3n G\u00f3mez, Presidente del sindicato mexicano Los Mineros y miembro del Comit\u00e9 Ejecutivo de IndustriALL, <a href=\"http:\/\/www.industriall-union.org\/es\/el-lider-sindical-mexicano-pide-que-el-gobierno-actue-inmediatamente\" target=\"_self\">se dirigi\u00f3 a la Comisi\u00f3n de Aplicaci\u00f3n de Normas<\/a> sobre el uso generalizado de los contratos de protecci\u00f3n entre sindicatos amarillos y empresas sin el consentimiento de los trabajadores, y tambi\u00e9n sobre la intimidaci\u00f3n y las amenazas contra los sindicatos. G\u00f3mez hizo un llamado para que se establezca inmediatamente una versi\u00f3n final de la reforma de la legislaci\u00f3n laboral, en base a las propuestas que se presentaron en abril de 2016.<\/p><p>El gobierno mexicano hab\u00eda llevado a la CIT una delegaci\u00f3n de 70 representantes del gobierno, empresariales y sindicatos. Sin embargo, s\u00f3lo uno de los representantes sindicales en la delegaci\u00f3n proven\u00eda de un sindicato democr\u00e1tico.<\/p><p>La Comisi\u00f3n de Aplicaci\u00f3n de Normas inst\u00f3 al gobierno a cumplir con sus obligaciones legales, asegurando que &ldquo;los sindicatos puedan ejercer su derecho a la libertad sindical en la pr\u00e1ctica&rdquo;.<\/p>","protected":false},"featured_media":0,"template":"","issues":[425],"companies":[],"regions":[159,162,167,225,353,299,275,184,248],"sectors":[],"article_tags":[530],"class_list":["post-167210","article","type-article","status-publish","hentry","issues-workers-rights","regions-bangladesh","regions-cambodia","regions-indonesia","regions-kazakhstan","regions-kingdom-of-eswatini","regions-mauritania","regions-mexico","regions-philippines","regions-switzerland","article_tags-supply-chains"],"acf":[],"yoast_head":"<!-- This site is optimized with the Yoast SEO Premium plugin v27.1 (Yoast SEO v27.1) - https:\/\/yoast.com\/product\/yoast-seo-premium-wordpress\/ -->\n<title>La OIT centra su atenci\u00f3n en violaciones de derechos de los trabajadores - industriall-union<\/title>\n<meta name=\"description\" content=\"En junio de este a\u00f1o, la Comisi\u00f3n de Aplicaci\u00f3n de Normas de la OIT (CAS) estudi\u00f3 varios reclamos sobre violaciones de los derechos de los trabajadores,\" \/>\n<meta name=\"robots\" content=\"index, follow, max-snippet:-1, max-image-preview:large, max-video-preview:-1\" \/>\n<link rel=\"canonical\" href=\"https:\/\/admin.industriall-union.org\/es\/la-oit-centra-su-atencion-en-violaciones-de-derechos-de-los-trabajadores\/\" \/>\n<meta property=\"og:locale\" content=\"es_ES\" \/>\n<meta property=\"og:type\" content=\"article\" \/>\n<meta property=\"og:title\" content=\"La OIT centra su atenci\u00f3n en violaciones de derechos de los trabajadores\" \/>\n<meta property=\"og:description\" content=\"En junio de este a\u00f1o, la Comisi\u00f3n de Aplicaci\u00f3n de Normas de la OIT (CAS) estudi\u00f3 varios reclamos sobre violaciones de los derechos de los trabajadores,\" \/>\n<meta property=\"og:url\" content=\"https:\/\/admin.industriall-union.org\/es\/la-oit-centra-su-atencion-en-violaciones-de-derechos-de-los-trabajadores\/\" \/>\n<meta property=\"og:site_name\" content=\"industriall-union\" \/>\n<meta property=\"article:modified_time\" content=\"2025-02-07T00:57:14+00:00\" \/>\n<meta name=\"twitter:card\" content=\"summary_large_image\" \/>\n<meta name=\"twitter:label1\" content=\"Est. reading time\" \/>\n\t<meta name=\"twitter:data1\" content=\"3 minutes\" \/>\n<script type=\"application\/ld+json\" class=\"yoast-schema-graph\">{\"@context\":\"https:\/\/schema.org\",\"@graph\":[{\"@type\":\"WebPage\",\"@id\":\"https:\/\/admin.industriall-union.org\/es\/la-oit-centra-su-atencion-en-violaciones-de-derechos-de-los-trabajadores\/\",\"url\":\"https:\/\/admin.industriall-union.org\/es\/la-oit-centra-su-atencion-en-violaciones-de-derechos-de-los-trabajadores\/\",\"name\":\"La OIT centra su atenci\u00f3n en violaciones de derechos de los trabajadores - industriall-union\",\"isPartOf\":{\"@id\":\"https:\/\/admin.industriall-union.org\/#website\"},\"datePublished\":\"2016-06-16T15:36:42+00:00\",\"dateModified\":\"2025-02-07T00:57:14+00:00\",\"description\":\"En junio de este a\u00f1o, la Comisi\u00f3n de Aplicaci\u00f3n de Normas de la OIT (CAS) estudi\u00f3 varios reclamos sobre violaciones de los derechos de los trabajadores,\",\"breadcrumb\":{\"@id\":\"https:\/\/admin.industriall-union.org\/es\/la-oit-centra-su-atencion-en-violaciones-de-derechos-de-los-trabajadores\/#breadcrumb\"},\"inLanguage\":\"es-ES\",\"potentialAction\":[{\"@type\":\"ReadAction\",\"target\":[\"https:\/\/admin.industriall-union.org\/es\/la-oit-centra-su-atencion-en-violaciones-de-derechos-de-los-trabajadores\/\"]}]},{\"@type\":\"BreadcrumbList\",\"@id\":\"https:\/\/admin.industriall-union.org\/es\/la-oit-centra-su-atencion-en-violaciones-de-derechos-de-los-trabajadores\/#breadcrumb\",\"itemListElement\":[{\"@type\":\"ListItem\",\"position\":1,\"name\":\"Home\",\"item\":\"https:\/\/admin.industriall-union.org\/\"},{\"@type\":\"ListItem\",\"position\":2,\"name\":\"Articles\",\"item\":\"https:\/\/admin.industriall-union.org\/article\/\"},{\"@type\":\"ListItem\",\"position\":3,\"name\":\"La OIT centra su atenci\u00f3n en violaciones de derechos de los trabajadores\"}]},{\"@type\":\"WebSite\",\"@id\":\"https:\/\/admin.industriall-union.org\/#website\",\"url\":\"https:\/\/admin.industriall-union.org\/\",\"name\":\"industriall-union\",\"description\":\"\",\"potentialAction\":[{\"@type\":\"SearchAction\",\"target\":{\"@type\":\"EntryPoint\",\"urlTemplate\":\"https:\/\/admin.industriall-union.org\/?s={search_term_string}\"},\"query-input\":{\"@type\":\"PropertyValueSpecification\",\"valueRequired\":true,\"valueName\":\"search_term_string\"}}],\"inLanguage\":\"es-ES\"}]}<\/script>\n<!-- \/ Yoast SEO Premium plugin. -->","yoast_head_json":{"title":"La OIT centra su atenci\u00f3n en violaciones de derechos de los trabajadores - industriall-union","description":"En junio de este a\u00f1o, la Comisi\u00f3n de Aplicaci\u00f3n de Normas de la OIT (CAS) estudi\u00f3 varios reclamos sobre violaciones de los derechos de los trabajadores,","robots":{"index":"index","follow":"follow","max-snippet":"max-snippet:-1","max-image-preview":"max-image-preview:large","max-video-preview":"max-video-preview:-1"},"canonical":"https:\/\/admin.industriall-union.org\/es\/la-oit-centra-su-atencion-en-violaciones-de-derechos-de-los-trabajadores\/","og_locale":"es_ES","og_type":"article","og_title":"La OIT centra su atenci\u00f3n en violaciones de derechos de los trabajadores","og_description":"En junio de este a\u00f1o, la Comisi\u00f3n de Aplicaci\u00f3n de Normas de la OIT (CAS) estudi\u00f3 varios reclamos sobre violaciones de los derechos de los trabajadores,","og_url":"https:\/\/admin.industriall-union.org\/es\/la-oit-centra-su-atencion-en-violaciones-de-derechos-de-los-trabajadores\/","og_site_name":"industriall-union","article_modified_time":"2025-02-07T00:57:14+00:00","twitter_card":"summary_large_image","twitter_misc":{"Est. reading time":"3 minutes"},"schema":{"@context":"https:\/\/schema.org","@graph":[{"@type":"WebPage","@id":"https:\/\/admin.industriall-union.org\/es\/la-oit-centra-su-atencion-en-violaciones-de-derechos-de-los-trabajadores\/","url":"https:\/\/admin.industriall-union.org\/es\/la-oit-centra-su-atencion-en-violaciones-de-derechos-de-los-trabajadores\/","name":"La OIT centra su atenci\u00f3n en violaciones de derechos de los trabajadores - industriall-union","isPartOf":{"@id":"https:\/\/admin.industriall-union.org\/#website"},"datePublished":"2016-06-16T15:36:42+00:00","dateModified":"2025-02-07T00:57:14+00:00","description":"En junio de este a\u00f1o, la Comisi\u00f3n de Aplicaci\u00f3n de Normas de la OIT (CAS) estudi\u00f3 varios reclamos sobre violaciones de los derechos de los trabajadores,","breadcrumb":{"@id":"https:\/\/admin.industriall-union.org\/es\/la-oit-centra-su-atencion-en-violaciones-de-derechos-de-los-trabajadores\/#breadcrumb"},"inLanguage":"es-ES","potentialAction":[{"@type":"ReadAction","target":["https:\/\/admin.industriall-union.org\/es\/la-oit-centra-su-atencion-en-violaciones-de-derechos-de-los-trabajadores\/"]}]},{"@type":"BreadcrumbList","@id":"https:\/\/admin.industriall-union.org\/es\/la-oit-centra-su-atencion-en-violaciones-de-derechos-de-los-trabajadores\/#breadcrumb","itemListElement":[{"@type":"ListItem","position":1,"name":"Home","item":"https:\/\/admin.industriall-union.org\/"},{"@type":"ListItem","position":2,"name":"Articles","item":"https:\/\/admin.industriall-union.org\/article\/"},{"@type":"ListItem","position":3,"name":"La OIT centra su atenci\u00f3n en violaciones de derechos de los trabajadores"}]},{"@type":"WebSite","@id":"https:\/\/admin.industriall-union.org\/#website","url":"https:\/\/admin.industriall-union.org\/","name":"industriall-union","description":"","potentialAction":[{"@type":"SearchAction","target":{"@type":"EntryPoint","urlTemplate":"https:\/\/admin.industriall-union.org\/?s={search_term_string}"},"query-input":{"@type":"PropertyValueSpecification","valueRequired":true,"valueName":"search_term_string"}}],"inLanguage":"es-ES"}]}},"_links":{"self":[{"href":"https:\/\/admin.industriall-union.org\/es\/wp-json\/wp\/v2\/article\/167210","targetHints":{"allow":["GET"]}}],"collection":[{"href":"https:\/\/admin.industriall-union.org\/es\/wp-json\/wp\/v2\/article"}],"about":[{"href":"https:\/\/admin.industriall-union.org\/es\/wp-json\/wp\/v2\/types\/article"}],"wp:attachment":[{"href":"https:\/\/admin.industriall-union.org\/es\/wp-json\/wp\/v2\/media?parent=167210"}],"wp:term":[{"taxonomy":"issues","embeddable":true,"href":"https:\/\/admin.industriall-union.org\/es\/wp-json\/wp\/v2\/issues?post=167210"},{"taxonomy":"companies","embeddable":true,"href":"https:\/\/admin.industriall-union.org\/es\/wp-json\/wp\/v2\/companies?post=167210"},{"taxonomy":"regions","embeddable":true,"href":"https:\/\/admin.industriall-union.org\/es\/wp-json\/wp\/v2\/regions?post=167210"},{"taxonomy":"sectors","embeddable":true,"href":"https:\/\/admin.industriall-union.org\/es\/wp-json\/wp\/v2\/sectors?post=167210"},{"taxonomy":"article_tags","embeddable":true,"href":"https:\/\/admin.industriall-union.org\/es\/wp-json\/wp\/v2\/article_tags?post=167210"}],"curies":[{"name":"wp","href":"https:\/\/api.w.org\/{rel}","templated":true}]}}