{"id":167154,"date":"2016-06-17T14:42:22","date_gmt":"2016-06-17T14:42:22","guid":{"rendered":"https:\/\/admin.industriall-union.org\/sindicatos-de-john-deere-se-reunen-para-fortalecer-su-colaboracion-a-traves-de-la-red\/"},"modified":"2025-02-07T00:48:32","modified_gmt":"2025-02-07T00:48:32","slug":"sindicatos-de-john-deere-se-reunen-para-fortalecer-su-colaboracion-a-traves-de-la-red","status":"publish","type":"article","link":"https:\/\/admin.industriall-union.org\/es\/sindicatos-de-john-deere-se-reunen-para-fortalecer-su-colaboracion-a-traves-de-la-red\/","title":{"rendered":"Sindicatos de John Deere se re\u00fanen para fortalecer su colaboraci\u00f3n a trav\u00e9s de la Red"},"content":{"rendered":"<p>Los afiliados acordaron tomar medidas concretas para mejorar la colaboraci\u00f3n y fortalecer la Red sindical en dicha empresa, que cuenta con operaciones a nivel mundial como fabricante de maquinaria agr\u00edcola, y para la silvicultura y la construcci\u00f3n. La casa matriz de la empresa est\u00e1 situada en EE.UU.<\/p><p>Los delegados de la India no pudieron asistir, debido a problemas para obtener visa. Finlandia tampoco pudo participar, pero el sindicato del sector metal\u00fargico de Finlandia manifest\u00f3 su compromiso con la Red.<\/p><p>Los participantes intercambiaron informaci\u00f3n sobre las dif\u00edciles condiciones econ\u00f3micas y la situaci\u00f3n de la negociaci\u00f3n colectiva con John Deere en sus pa\u00edses. Tim Bressler, representante de United Auto Workers (UAW), que tambi\u00e9n preside la Red, inform\u00f3 sobre el mercado norteamericano y mundial de los productos de John Deere.<\/p><p>Como fue acordado en la reuni\u00f3n de la Red del a\u00f1o pasado, los debates se centraron en cuestiones espec\u00edficas, especialmente comparando los sistemas de relaciones laborales en los pa\u00edses que contaban con representaci\u00f3n en la reuni\u00f3n. Este a\u00f1o, los participantes estudiaron m\u00e1s detalladamente los sistemas sindicales de Espa\u00f1a y Alemania. Otro importante centro de atenci\u00f3n era Brasil, donde una crisis pol\u00edtica y econ\u00f3mica constituye el mayor desaf\u00edo para los afiliados de IndustriALL en el sector.<\/p><p>Los participantes volvieron a confirmar el plan de trabajo conjunto: las Directrices y Principios de la Red de IndustriALL para Trabajadores de John Deere, documento que se aprob\u00f3 el a\u00f1o pasado, y que define los objetivos de la Red. Con este plan, la Red extender\u00e1 su actividad a nivel regional, y ayudar\u00e1 a los sindicatos en la labor de sindicaci\u00f3n en sus respectivos pa\u00edses.<\/p><p>Norwood Jewell, Vicepresidente del UAW, confirm\u00f3, a trav\u00e9s de la Red, que el UAW se compromete a apoyar y reforzar este importante medio de comunicaci\u00f3n de los trabajadores. Tim Bressler (UAW), Torsten Jann (IG Metall) y Matthias Hartwich (Director de los sectores de ingenier\u00eda mec\u00e1nica y materiales de IndustriALL), se encargar\u00e1n de vigilar por el progreso de esta Red y de otras actividades. La Red tambi\u00e9n decidi\u00f3 realizar otra reuni\u00f3n con la asistencia personal de los delegados el pr\u00f3ximo a\u00f1o.<\/p><p>Matthias Hartwich, Director de los sectores de ingenier\u00eda mec\u00e1nica y materiales de IndustriALL, se\u00f1al\u00f3 lo siguiente:<\/p><p>&ldquo;IndustriALL Global Union se ha comprometido firmemente a promover la Red sindical de trabajadores de John Deere. Es una de las redes sindicales m\u00e1s importantes en el sector de ingenier\u00eda mec\u00e1nica de IndustriALL. Es importante que estemos fuertemente unidos, demostrando solidaridad sindical en el sector, y tambi\u00e9n en las redes de esta empresa espec\u00edfica. Esto es particularmente importante para nuestros compa\u00f1eros y compa\u00f1eras del Brasil, que en la actualidad enfrentan graves problemas, y para nuestros queridos compa\u00f1eros y compa\u00f1eras en la India, aunque no pudieron asistir en esta ocasi\u00f3n.<\/p><p>&ldquo;Al mismo tiempo, debemos hacer m\u00e1s para alentar a las mujeres a realizar un papel activo en la Red sindical de trabajadores de John Deere&rdquo;.<\/p>","protected":false},"featured_media":0,"template":"","issues":[],"companies":[81],"regions":[],"sectors":[475],"article_tags":[],"class_list":["post-167154","article","type-article","status-publish","hentry","companies-john-deere","sectors-mechanical-engineering"],"acf":[],"yoast_head":"<!-- This site is optimized with the Yoast SEO Premium plugin v27.1 (Yoast SEO v27.1) - https:\/\/yoast.com\/product\/yoast-seo-premium-wordpress\/ -->\n<title>Sindicatos de John Deere se re\u00fanen para fortalecer su colaboraci\u00f3n a trav\u00e9s de la Red - industriall-union<\/title>\n<meta name=\"description\" content=\"Los afiliados acordaron tomar medidas concretas para mejorar la colaboraci\u00f3n y fortalecer la Red sindical en dicha empresa, que cuenta con operaciones a\" \/>\n<meta name=\"robots\" content=\"index, follow, max-snippet:-1, max-image-preview:large, max-video-preview:-1\" \/>\n<link rel=\"canonical\" href=\"https:\/\/admin.industriall-union.org\/es\/sindicatos-de-john-deere-se-reunen-para-fortalecer-su-colaboracion-a-traves-de-la-red\/\" \/>\n<meta property=\"og:locale\" content=\"es_ES\" \/>\n<meta property=\"og:type\" content=\"article\" \/>\n<meta property=\"og:title\" content=\"Sindicatos de John Deere se re\u00fanen para fortalecer su colaboraci\u00f3n a trav\u00e9s de la Red\" \/>\n<meta property=\"og:description\" content=\"Los afiliados acordaron tomar medidas concretas para mejorar la colaboraci\u00f3n y fortalecer la Red sindical en dicha empresa, que cuenta con operaciones a\" \/>\n<meta property=\"og:url\" content=\"https:\/\/admin.industriall-union.org\/es\/sindicatos-de-john-deere-se-reunen-para-fortalecer-su-colaboracion-a-traves-de-la-red\/\" \/>\n<meta property=\"og:site_name\" content=\"industriall-union\" \/>\n<meta property=\"article:modified_time\" content=\"2025-02-07T00:48:32+00:00\" \/>\n<meta name=\"twitter:card\" content=\"summary_large_image\" \/>\n<meta name=\"twitter:label1\" content=\"Est. reading time\" \/>\n\t<meta name=\"twitter:data1\" content=\"3 minutes\" \/>\n<script type=\"application\/ld+json\" class=\"yoast-schema-graph\">{\"@context\":\"https:\/\/schema.org\",\"@graph\":[{\"@type\":\"WebPage\",\"@id\":\"https:\/\/admin.industriall-union.org\/es\/sindicatos-de-john-deere-se-reunen-para-fortalecer-su-colaboracion-a-traves-de-la-red\/\",\"url\":\"https:\/\/admin.industriall-union.org\/es\/sindicatos-de-john-deere-se-reunen-para-fortalecer-su-colaboracion-a-traves-de-la-red\/\",\"name\":\"Sindicatos de John Deere se re\u00fanen para fortalecer su colaboraci\u00f3n a trav\u00e9s de la Red - industriall-union\",\"isPartOf\":{\"@id\":\"https:\/\/admin.industriall-union.org\/#website\"},\"datePublished\":\"2016-06-17T14:42:22+00:00\",\"dateModified\":\"2025-02-07T00:48:32+00:00\",\"description\":\"Los afiliados acordaron tomar medidas concretas para mejorar la colaboraci\u00f3n y fortalecer la Red sindical en dicha empresa, que cuenta con operaciones a\",\"breadcrumb\":{\"@id\":\"https:\/\/admin.industriall-union.org\/es\/sindicatos-de-john-deere-se-reunen-para-fortalecer-su-colaboracion-a-traves-de-la-red\/#breadcrumb\"},\"inLanguage\":\"es-ES\",\"potentialAction\":[{\"@type\":\"ReadAction\",\"target\":[\"https:\/\/admin.industriall-union.org\/es\/sindicatos-de-john-deere-se-reunen-para-fortalecer-su-colaboracion-a-traves-de-la-red\/\"]}]},{\"@type\":\"BreadcrumbList\",\"@id\":\"https:\/\/admin.industriall-union.org\/es\/sindicatos-de-john-deere-se-reunen-para-fortalecer-su-colaboracion-a-traves-de-la-red\/#breadcrumb\",\"itemListElement\":[{\"@type\":\"ListItem\",\"position\":1,\"name\":\"Home\",\"item\":\"https:\/\/admin.industriall-union.org\/\"},{\"@type\":\"ListItem\",\"position\":2,\"name\":\"Articles\",\"item\":\"https:\/\/admin.industriall-union.org\/article\/\"},{\"@type\":\"ListItem\",\"position\":3,\"name\":\"Sindicatos de John Deere se re\u00fanen para fortalecer su colaboraci\u00f3n a trav\u00e9s de la Red\"}]},{\"@type\":\"WebSite\",\"@id\":\"https:\/\/admin.industriall-union.org\/#website\",\"url\":\"https:\/\/admin.industriall-union.org\/\",\"name\":\"industriall-union\",\"description\":\"\",\"potentialAction\":[{\"@type\":\"SearchAction\",\"target\":{\"@type\":\"EntryPoint\",\"urlTemplate\":\"https:\/\/admin.industriall-union.org\/?s={search_term_string}\"},\"query-input\":{\"@type\":\"PropertyValueSpecification\",\"valueRequired\":true,\"valueName\":\"search_term_string\"}}],\"inLanguage\":\"es-ES\"}]}<\/script>\n<!-- \/ Yoast SEO Premium plugin. -->","yoast_head_json":{"title":"Sindicatos de John Deere se re\u00fanen para fortalecer su colaboraci\u00f3n a trav\u00e9s de la Red - industriall-union","description":"Los afiliados acordaron tomar medidas concretas para mejorar la colaboraci\u00f3n y fortalecer la Red sindical en dicha empresa, que cuenta con operaciones a","robots":{"index":"index","follow":"follow","max-snippet":"max-snippet:-1","max-image-preview":"max-image-preview:large","max-video-preview":"max-video-preview:-1"},"canonical":"https:\/\/admin.industriall-union.org\/es\/sindicatos-de-john-deere-se-reunen-para-fortalecer-su-colaboracion-a-traves-de-la-red\/","og_locale":"es_ES","og_type":"article","og_title":"Sindicatos de John Deere se re\u00fanen para fortalecer su colaboraci\u00f3n a trav\u00e9s de la Red","og_description":"Los afiliados acordaron tomar medidas concretas para mejorar la colaboraci\u00f3n y fortalecer la Red sindical en dicha empresa, que cuenta con operaciones a","og_url":"https:\/\/admin.industriall-union.org\/es\/sindicatos-de-john-deere-se-reunen-para-fortalecer-su-colaboracion-a-traves-de-la-red\/","og_site_name":"industriall-union","article_modified_time":"2025-02-07T00:48:32+00:00","twitter_card":"summary_large_image","twitter_misc":{"Est. reading time":"3 minutes"},"schema":{"@context":"https:\/\/schema.org","@graph":[{"@type":"WebPage","@id":"https:\/\/admin.industriall-union.org\/es\/sindicatos-de-john-deere-se-reunen-para-fortalecer-su-colaboracion-a-traves-de-la-red\/","url":"https:\/\/admin.industriall-union.org\/es\/sindicatos-de-john-deere-se-reunen-para-fortalecer-su-colaboracion-a-traves-de-la-red\/","name":"Sindicatos de John Deere se re\u00fanen para fortalecer su colaboraci\u00f3n a trav\u00e9s de la Red - industriall-union","isPartOf":{"@id":"https:\/\/admin.industriall-union.org\/#website"},"datePublished":"2016-06-17T14:42:22+00:00","dateModified":"2025-02-07T00:48:32+00:00","description":"Los afiliados acordaron tomar medidas concretas para mejorar la colaboraci\u00f3n y fortalecer la Red sindical en dicha empresa, que cuenta con operaciones a","breadcrumb":{"@id":"https:\/\/admin.industriall-union.org\/es\/sindicatos-de-john-deere-se-reunen-para-fortalecer-su-colaboracion-a-traves-de-la-red\/#breadcrumb"},"inLanguage":"es-ES","potentialAction":[{"@type":"ReadAction","target":["https:\/\/admin.industriall-union.org\/es\/sindicatos-de-john-deere-se-reunen-para-fortalecer-su-colaboracion-a-traves-de-la-red\/"]}]},{"@type":"BreadcrumbList","@id":"https:\/\/admin.industriall-union.org\/es\/sindicatos-de-john-deere-se-reunen-para-fortalecer-su-colaboracion-a-traves-de-la-red\/#breadcrumb","itemListElement":[{"@type":"ListItem","position":1,"name":"Home","item":"https:\/\/admin.industriall-union.org\/"},{"@type":"ListItem","position":2,"name":"Articles","item":"https:\/\/admin.industriall-union.org\/article\/"},{"@type":"ListItem","position":3,"name":"Sindicatos de John Deere se re\u00fanen para fortalecer su colaboraci\u00f3n a trav\u00e9s de la Red"}]},{"@type":"WebSite","@id":"https:\/\/admin.industriall-union.org\/#website","url":"https:\/\/admin.industriall-union.org\/","name":"industriall-union","description":"","potentialAction":[{"@type":"SearchAction","target":{"@type":"EntryPoint","urlTemplate":"https:\/\/admin.industriall-union.org\/?s={search_term_string}"},"query-input":{"@type":"PropertyValueSpecification","valueRequired":true,"valueName":"search_term_string"}}],"inLanguage":"es-ES"}]}},"_links":{"self":[{"href":"https:\/\/admin.industriall-union.org\/es\/wp-json\/wp\/v2\/article\/167154","targetHints":{"allow":["GET"]}}],"collection":[{"href":"https:\/\/admin.industriall-union.org\/es\/wp-json\/wp\/v2\/article"}],"about":[{"href":"https:\/\/admin.industriall-union.org\/es\/wp-json\/wp\/v2\/types\/article"}],"wp:attachment":[{"href":"https:\/\/admin.industriall-union.org\/es\/wp-json\/wp\/v2\/media?parent=167154"}],"wp:term":[{"taxonomy":"issues","embeddable":true,"href":"https:\/\/admin.industriall-union.org\/es\/wp-json\/wp\/v2\/issues?post=167154"},{"taxonomy":"companies","embeddable":true,"href":"https:\/\/admin.industriall-union.org\/es\/wp-json\/wp\/v2\/companies?post=167154"},{"taxonomy":"regions","embeddable":true,"href":"https:\/\/admin.industriall-union.org\/es\/wp-json\/wp\/v2\/regions?post=167154"},{"taxonomy":"sectors","embeddable":true,"href":"https:\/\/admin.industriall-union.org\/es\/wp-json\/wp\/v2\/sectors?post=167154"},{"taxonomy":"article_tags","embeddable":true,"href":"https:\/\/admin.industriall-union.org\/es\/wp-json\/wp\/v2\/article_tags?post=167154"}],"curies":[{"name":"wp","href":"https:\/\/api.w.org\/{rel}","templated":true}]}}