{"id":167054,"date":"2016-07-06T09:26:19","date_gmt":"2016-07-06T09:26:19","guid":{"rendered":"https:\/\/admin.industriall-union.org\/indignacion-por-encarcelamiento-de-dirigente-sindical-en-corea\/"},"modified":"2025-02-07T00:06:42","modified_gmt":"2025-02-07T00:06:42","slug":"indignacion-por-encarcelamiento-de-dirigente-sindical-en-corea","status":"publish","type":"article","link":"https:\/\/admin.industriall-union.org\/es\/indignacion-por-encarcelamiento-de-dirigente-sindical-en-corea\/","title":{"rendered":"Indignaci\u00f3n por encarcelamiento de dirigente sindical en Corea"},"content":{"rendered":"<p>Sang-gyun, Presidente de la Confederaci\u00f3n de Sindicatos de Corea (KCTU), fue condenado tras ser acusado de delitos relacionados con una serie de manifestaciones contra el gobierno, incluyendo la masiva concentraci\u00f3n popular realizada en noviembre del a\u00f1o pasado.<\/p><p>Por su parte, el Secretario General de IndustriALL, Jyrki Raina, dijo:<\/p><blockquote><p>Nos oponemos en\u00e9rgicamente a la escandalosa condena impuesta a Han Sang-gyun, que ha sido perseguido por realizar sus actividades sindicales leg\u00edtimas. El gobierno de Corea, las grandes empresas y el poder judicial son c\u00f3mplices en la persecuci\u00f3n antisindical a gran escala en Corea del Sur. Esta sentencia es un golpe contra la democracia, suprimiendo la libertad de asociaci\u00f3n pac\u00edfica en ese pa\u00eds. Nos sumamos al movimiento sindical internacional al exigir su liberaci\u00f3n inmediata, pidiendo se retiren todos los cargos contra Han Sang-gyun.<\/p><\/blockquote><p>El gobierno empez\u00f3 a perseguir a Sang-gyun despu\u00e9s de que decenas de miles de personas salieron a las calles de Se\u00fal el 14 de noviembre, protestando contra la reforma laboral propuesta por la Presidenta, Park Geun-hye. En la manifestaci\u00f3n, se despleg\u00f3 a unos 20.000 polic\u00edas, que usaron gas lacrim\u00f3geno y ca\u00f1ones de agua contra los manifestantes.<\/p><p>Despu\u00e9s de esta manifestaci\u00f3n se\u00f1alada, Sang-gyun se refugi\u00f3 en el templo Jogye hasta que finalmente se entreg\u00f3 a la polic\u00eda el d\u00eda 10 de diciembre.<\/p><p>Por ser uno de los organizadores de la manifestaci\u00f3n, se achac\u00f3 a Han Sang-gyun responsabilidad por las acciones violentas de una minor\u00eda de los manifestantes.<\/p><p>Antes de haberse pronunciado la sentencia, m\u00e1s de 60 sindicatos afiliados a IndustriALL <a href=\"http:\/\/www.industriall-union.org\/es\/los-afiliados-a-la-industriall-actuan-en-apoyo-del-lider-sindical-de-corea\">le escribieron a la Presidenta Park<\/a> , protestando por los cargos presentados en contra de Han Sang-gyun. En marzo de este a\u00f1o, Kemal \u00d6zkan, Secretario General Adjunto de IndustriALL, encabez\u00f3 una <a href=\"http:\/\/www.industriall-union.org\/es\/industriall-promueve-solidaridad-sindical-contra-la-represion-ejercida-por-el-gobierno-de-corea-del\">delegaci\u00f3n internacional<\/a> de dirigentes sindicales que visit\u00f3 Corea para demostrar su apoyo a la lucha sindical en ese pa\u00eds.<\/p><p>Al conocer la sentencia, el KCTU respondi\u00f3 diciendo que dicho fallo &ldquo;pasar\u00e1 a la historia por haber pisoteado a los trabajadores y trabajadoras, la democracia, y los derechos humanos&rdquo;.<\/p><p>Hablando despu\u00e9s del veredicto, Han Sang-gyun dijo lo siguiente: &ldquo;Yo no soy culpable, siempre y cuando Uds. los camaradas tengan esa opini\u00f3n. La represi\u00f3n por parte del gobierno actual es mucho m\u00e1s grave y m\u00e1s intencional. Tenemos que estar preparados para luchar&rdquo;.<\/p><p>El KCTU piensa apelar contra la decisi\u00f3n del Tribunal.<\/p>","protected":false},"featured_media":0,"template":"","issues":[],"companies":[],"regions":[155,170],"sectors":[],"article_tags":[],"class_list":["post-167054","article","type-article","status-publish","hentry","regions-asia-pacific","regions-korea"],"acf":[],"yoast_head":"<!-- This site is optimized with the Yoast SEO Premium plugin v27.1 (Yoast SEO v27.1) - https:\/\/yoast.com\/product\/yoast-seo-premium-wordpress\/ -->\n<title>Indignaci\u00f3n por encarcelamiento de dirigente sindical en Corea - industriall-union<\/title>\n<meta name=\"description\" content=\"Sang-gyun, Presidente de la Confederaci\u00f3n de Sindicatos de Corea (KCTU), fue condenado tras ser acusado de delitos relacionados con una serie de\" \/>\n<meta name=\"robots\" content=\"index, follow, max-snippet:-1, max-image-preview:large, max-video-preview:-1\" \/>\n<link rel=\"canonical\" href=\"https:\/\/admin.industriall-union.org\/es\/indignacion-por-encarcelamiento-de-dirigente-sindical-en-corea\/\" \/>\n<meta property=\"og:locale\" content=\"es_ES\" \/>\n<meta property=\"og:type\" content=\"article\" \/>\n<meta property=\"og:title\" content=\"Indignaci\u00f3n por encarcelamiento de dirigente sindical en Corea\" \/>\n<meta property=\"og:description\" content=\"Sang-gyun, Presidente de la Confederaci\u00f3n de Sindicatos de Corea (KCTU), fue condenado tras ser acusado de delitos relacionados con una serie de\" \/>\n<meta property=\"og:url\" content=\"https:\/\/admin.industriall-union.org\/es\/indignacion-por-encarcelamiento-de-dirigente-sindical-en-corea\/\" \/>\n<meta property=\"og:site_name\" content=\"industriall-union\" \/>\n<meta property=\"article:modified_time\" content=\"2025-02-07T00:06:42+00:00\" \/>\n<meta name=\"twitter:card\" content=\"summary_large_image\" \/>\n<meta name=\"twitter:label1\" content=\"Est. reading time\" \/>\n\t<meta name=\"twitter:data1\" content=\"2 minutes\" \/>\n<script type=\"application\/ld+json\" class=\"yoast-schema-graph\">{\"@context\":\"https:\/\/schema.org\",\"@graph\":[{\"@type\":\"WebPage\",\"@id\":\"https:\/\/admin.industriall-union.org\/es\/indignacion-por-encarcelamiento-de-dirigente-sindical-en-corea\/\",\"url\":\"https:\/\/admin.industriall-union.org\/es\/indignacion-por-encarcelamiento-de-dirigente-sindical-en-corea\/\",\"name\":\"Indignaci\u00f3n por encarcelamiento de dirigente sindical en Corea - industriall-union\",\"isPartOf\":{\"@id\":\"https:\/\/admin.industriall-union.org\/#website\"},\"datePublished\":\"2016-07-06T09:26:19+00:00\",\"dateModified\":\"2025-02-07T00:06:42+00:00\",\"description\":\"Sang-gyun, Presidente de la Confederaci\u00f3n de Sindicatos de Corea (KCTU), fue condenado tras ser acusado de delitos relacionados con una serie de\",\"breadcrumb\":{\"@id\":\"https:\/\/admin.industriall-union.org\/es\/indignacion-por-encarcelamiento-de-dirigente-sindical-en-corea\/#breadcrumb\"},\"inLanguage\":\"es-ES\",\"potentialAction\":[{\"@type\":\"ReadAction\",\"target\":[\"https:\/\/admin.industriall-union.org\/es\/indignacion-por-encarcelamiento-de-dirigente-sindical-en-corea\/\"]}]},{\"@type\":\"BreadcrumbList\",\"@id\":\"https:\/\/admin.industriall-union.org\/es\/indignacion-por-encarcelamiento-de-dirigente-sindical-en-corea\/#breadcrumb\",\"itemListElement\":[{\"@type\":\"ListItem\",\"position\":1,\"name\":\"Home\",\"item\":\"https:\/\/admin.industriall-union.org\/\"},{\"@type\":\"ListItem\",\"position\":2,\"name\":\"Articles\",\"item\":\"https:\/\/admin.industriall-union.org\/article\/\"},{\"@type\":\"ListItem\",\"position\":3,\"name\":\"Indignaci\u00f3n por encarcelamiento de dirigente sindical en Corea\"}]},{\"@type\":\"WebSite\",\"@id\":\"https:\/\/admin.industriall-union.org\/#website\",\"url\":\"https:\/\/admin.industriall-union.org\/\",\"name\":\"industriall-union\",\"description\":\"\",\"potentialAction\":[{\"@type\":\"SearchAction\",\"target\":{\"@type\":\"EntryPoint\",\"urlTemplate\":\"https:\/\/admin.industriall-union.org\/?s={search_term_string}\"},\"query-input\":{\"@type\":\"PropertyValueSpecification\",\"valueRequired\":true,\"valueName\":\"search_term_string\"}}],\"inLanguage\":\"es-ES\"}]}<\/script>\n<!-- \/ Yoast SEO Premium plugin. -->","yoast_head_json":{"title":"Indignaci\u00f3n por encarcelamiento de dirigente sindical en Corea - industriall-union","description":"Sang-gyun, Presidente de la Confederaci\u00f3n de Sindicatos de Corea (KCTU), fue condenado tras ser acusado de delitos relacionados con una serie de","robots":{"index":"index","follow":"follow","max-snippet":"max-snippet:-1","max-image-preview":"max-image-preview:large","max-video-preview":"max-video-preview:-1"},"canonical":"https:\/\/admin.industriall-union.org\/es\/indignacion-por-encarcelamiento-de-dirigente-sindical-en-corea\/","og_locale":"es_ES","og_type":"article","og_title":"Indignaci\u00f3n por encarcelamiento de dirigente sindical en Corea","og_description":"Sang-gyun, Presidente de la Confederaci\u00f3n de Sindicatos de Corea (KCTU), fue condenado tras ser acusado de delitos relacionados con una serie de","og_url":"https:\/\/admin.industriall-union.org\/es\/indignacion-por-encarcelamiento-de-dirigente-sindical-en-corea\/","og_site_name":"industriall-union","article_modified_time":"2025-02-07T00:06:42+00:00","twitter_card":"summary_large_image","twitter_misc":{"Est. reading time":"2 minutes"},"schema":{"@context":"https:\/\/schema.org","@graph":[{"@type":"WebPage","@id":"https:\/\/admin.industriall-union.org\/es\/indignacion-por-encarcelamiento-de-dirigente-sindical-en-corea\/","url":"https:\/\/admin.industriall-union.org\/es\/indignacion-por-encarcelamiento-de-dirigente-sindical-en-corea\/","name":"Indignaci\u00f3n por encarcelamiento de dirigente sindical en Corea - industriall-union","isPartOf":{"@id":"https:\/\/admin.industriall-union.org\/#website"},"datePublished":"2016-07-06T09:26:19+00:00","dateModified":"2025-02-07T00:06:42+00:00","description":"Sang-gyun, Presidente de la Confederaci\u00f3n de Sindicatos de Corea (KCTU), fue condenado tras ser acusado de delitos relacionados con una serie de","breadcrumb":{"@id":"https:\/\/admin.industriall-union.org\/es\/indignacion-por-encarcelamiento-de-dirigente-sindical-en-corea\/#breadcrumb"},"inLanguage":"es-ES","potentialAction":[{"@type":"ReadAction","target":["https:\/\/admin.industriall-union.org\/es\/indignacion-por-encarcelamiento-de-dirigente-sindical-en-corea\/"]}]},{"@type":"BreadcrumbList","@id":"https:\/\/admin.industriall-union.org\/es\/indignacion-por-encarcelamiento-de-dirigente-sindical-en-corea\/#breadcrumb","itemListElement":[{"@type":"ListItem","position":1,"name":"Home","item":"https:\/\/admin.industriall-union.org\/"},{"@type":"ListItem","position":2,"name":"Articles","item":"https:\/\/admin.industriall-union.org\/article\/"},{"@type":"ListItem","position":3,"name":"Indignaci\u00f3n por encarcelamiento de dirigente sindical en Corea"}]},{"@type":"WebSite","@id":"https:\/\/admin.industriall-union.org\/#website","url":"https:\/\/admin.industriall-union.org\/","name":"industriall-union","description":"","potentialAction":[{"@type":"SearchAction","target":{"@type":"EntryPoint","urlTemplate":"https:\/\/admin.industriall-union.org\/?s={search_term_string}"},"query-input":{"@type":"PropertyValueSpecification","valueRequired":true,"valueName":"search_term_string"}}],"inLanguage":"es-ES"}]}},"_links":{"self":[{"href":"https:\/\/admin.industriall-union.org\/es\/wp-json\/wp\/v2\/article\/167054","targetHints":{"allow":["GET"]}}],"collection":[{"href":"https:\/\/admin.industriall-union.org\/es\/wp-json\/wp\/v2\/article"}],"about":[{"href":"https:\/\/admin.industriall-union.org\/es\/wp-json\/wp\/v2\/types\/article"}],"wp:attachment":[{"href":"https:\/\/admin.industriall-union.org\/es\/wp-json\/wp\/v2\/media?parent=167054"}],"wp:term":[{"taxonomy":"issues","embeddable":true,"href":"https:\/\/admin.industriall-union.org\/es\/wp-json\/wp\/v2\/issues?post=167054"},{"taxonomy":"companies","embeddable":true,"href":"https:\/\/admin.industriall-union.org\/es\/wp-json\/wp\/v2\/companies?post=167054"},{"taxonomy":"regions","embeddable":true,"href":"https:\/\/admin.industriall-union.org\/es\/wp-json\/wp\/v2\/regions?post=167054"},{"taxonomy":"sectors","embeddable":true,"href":"https:\/\/admin.industriall-union.org\/es\/wp-json\/wp\/v2\/sectors?post=167054"},{"taxonomy":"article_tags","embeddable":true,"href":"https:\/\/admin.industriall-union.org\/es\/wp-json\/wp\/v2\/article_tags?post=167054"}],"curies":[{"name":"wp","href":"https:\/\/api.w.org\/{rel}","templated":true}]}}