{"id":166868,"date":"2016-08-17T12:17:27","date_gmt":"2016-08-17T12:17:27","guid":{"rendered":"https:\/\/admin.industriall-union.org\/cut-y-forca-sindical-luchan-juntas-por-los-derechos-de-los-trabajadores-brasilenos\/"},"modified":"2025-02-06T22:53:02","modified_gmt":"2025-02-06T22:53:02","slug":"cut-y-forca-sindical-luchan-juntas-por-los-derechos-de-los-trabajadores-brasilenos","status":"publish","type":"article","link":"https:\/\/admin.industriall-union.org\/es\/cut-y-forca-sindical-luchan-juntas-por-los-derechos-de-los-trabajadores-brasilenos\/","title":{"rendered":"CUT y For\u00e7a Sindical luchan juntas por los derechos de los trabajadores brasile\u00f1os"},"content":{"rendered":"<blockquote><p>&ldquo;Reiteramos nuestra posici\u00f3n de no aceptar ninguna propuesta o negociaci\u00f3n encaminada a la eliminaci\u00f3n de los derechos laborales y de seguridad social de la clase trabajadora, o a precarizar m\u00e1s las relaciones de trabajo&rdquo;<\/p><\/blockquote><p>sentenciaron en un comunicado oficial los dirigentes sindicales de la For\u00e7a Sindical, la CUT, la Uni\u00e3o Geral dos Trabalhadores, la Central dos Trabalhadores e Trabalhadoras do Brasil y la Nova Central Sindical de Trabalhadores.<\/p><p>Los sindicatos afiliados a IndustriALL en Brasil, a su vez pertenecientes a la CUT o a la For\u00e7a Sindical decidieron participar de esta convocatoria. Para mostrar su adhesi\u00f3n pararon las actividades en los lugares de trabajo y llevaron adelante actos frente de las sedes de las principales federaciones de empleadores en todas las ciudades de Brasil.<\/p><p>Desde hace meses los trabajadores tratan de impedir que sean aprobados los <strong>proyectos de ley <\/strong>que <strong>reducen los derechos y beneficios laborales<\/strong>. A su vez luchan contra los <strong>despidos masivos<\/strong>, pero a pesar de su constante esfuerzo y las campa\u00f1as permanentes, el Gobierno del momento parece apoyar la flexibilizaci\u00f3n de los derechos laborales y otras leyes que <strong>legalizan el trabajo precario<\/strong>.<\/p><blockquote><p>&ldquo;El D\u00eda Nacional de Movilizaci\u00f3n fue una <strong>advertencia para el gobierno y los empresarios<\/strong>. Haremos todo lo posible para evitar el aumento de la explotaci\u00f3n y la retirada de derechos. La movilizaci\u00f3n es uno de los pasos de esta resistencia hacia una <strong>huelga general<\/strong>&quot;<\/p><\/blockquote><p>asegur\u00f3 el presidente nacional de la CUT, Vagner Freitas.<\/p><p>Por su parte el presidente da For\u00e7a Sindical, Paulo Pereira da Silva expres\u00f3 al respecto:<\/p><blockquote><p>&quot;Los empresarios se re\u00fanen con el gobierno (ejecutivo, legislativo y judicial) y dicen que debe tener en cuenta las prioridades de la reforma, como la Seguridad Social. Los trabajadores desean encontrar maneras para mejorar las pensiones, pero los empleadores consideran que s\u00f3lo se alcanza este objetivo mediante la reducci\u00f3n de los derechos. <strong>No estamos de acuerdo, tenemos que oponernos<\/strong>&quot;&nbsp;<\/p><\/blockquote><p>En todos los actos que se desarrollaron a lo largo de Brasil durante la Jornada Nacional de Lucha, los dirigentes reforzaron la importancia de mantener la <u><strong><a href=\"http:\/\/www.industriall-union.org\/es\/perfil-dos-grandes-centrales-sindicales-tras-un-mismo-objetivo-la-unidad-en-brasil-otorga-grandes\" target=\"_self\">unidad de las centrales sindicales<\/a><\/strong><\/u> en defensa de la clase obrera. Aseguraron que juntos podr\u00e1n tener la fuerza necesaria para enfrentar dificultades como la legalizaci\u00f3n de la tercerizaci\u00f3n y la extensi\u00f3n de la jornada laboral.<\/p><p>Finalmente el secretario general adjunto de IndustriALL, Fernando Lopes se refiri\u00f3 a la lucha de los trabajadores de Brasil y expres\u00f3:<\/p><blockquote><p>&ldquo;IndustriALL apoya la lucha de los afiliados brasile\u00f1os por garant\u00edas de <strong>derechos<\/strong>, por la <strong>democracia<\/strong> y por los <strong>empleos<\/strong>&rdquo;&nbsp; &nbsp;<\/p><\/blockquote>","protected":false},"featured_media":0,"template":"","issues":[402,420,415,425],"companies":[],"regions":[261,254],"sectors":[],"article_tags":[511,513,518,527,533],"class_list":["post-166868","article","type-article","status-publish","hentry","issues-health-and-safety","issues-solidarity","issues-stop-precarious-work","issues-workers-rights","regions-brazil","regions-latin-america-and-the-caribbean","article_tags-industriall","article_tags-labour-laws","article_tags-pensions","article_tags-social-protection","article_tags-unemployment"],"acf":[],"yoast_head":"<!-- This site is optimized with the Yoast SEO Premium plugin v27.1 (Yoast SEO v27.1) - https:\/\/yoast.com\/product\/yoast-seo-premium-wordpress\/ -->\n<title>CUT y For\u00e7a Sindical luchan juntas por los derechos de los trabajadores brasile\u00f1os - industriall-union<\/title>\n<meta name=\"description\" content=\"&ldquo;Reiteramos nuestra posici\u00f3n de no aceptar ninguna propuesta o negociaci\u00f3n encaminada a la eliminaci\u00f3n de los derechos laborales y de seguridad\" \/>\n<meta name=\"robots\" content=\"index, follow, max-snippet:-1, max-image-preview:large, max-video-preview:-1\" \/>\n<link rel=\"canonical\" href=\"https:\/\/admin.industriall-union.org\/es\/cut-y-forca-sindical-luchan-juntas-por-los-derechos-de-los-trabajadores-brasilenos\/\" \/>\n<meta property=\"og:locale\" content=\"es_ES\" \/>\n<meta property=\"og:type\" content=\"article\" \/>\n<meta property=\"og:title\" content=\"CUT y For\u00e7a Sindical luchan juntas por los derechos de los trabajadores brasile\u00f1os\" \/>\n<meta property=\"og:description\" content=\"&ldquo;Reiteramos nuestra posici\u00f3n de no aceptar ninguna propuesta o negociaci\u00f3n encaminada a la eliminaci\u00f3n de los derechos laborales y de seguridad\" \/>\n<meta property=\"og:url\" content=\"https:\/\/admin.industriall-union.org\/es\/cut-y-forca-sindical-luchan-juntas-por-los-derechos-de-los-trabajadores-brasilenos\/\" \/>\n<meta property=\"og:site_name\" content=\"industriall-union\" \/>\n<meta property=\"article:modified_time\" content=\"2025-02-06T22:53:02+00:00\" \/>\n<meta name=\"twitter:card\" content=\"summary_large_image\" \/>\n<meta name=\"twitter:label1\" content=\"Est. reading time\" \/>\n\t<meta name=\"twitter:data1\" content=\"2 minutes\" \/>\n<script type=\"application\/ld+json\" class=\"yoast-schema-graph\">{\"@context\":\"https:\/\/schema.org\",\"@graph\":[{\"@type\":\"WebPage\",\"@id\":\"https:\/\/admin.industriall-union.org\/es\/cut-y-forca-sindical-luchan-juntas-por-los-derechos-de-los-trabajadores-brasilenos\/\",\"url\":\"https:\/\/admin.industriall-union.org\/es\/cut-y-forca-sindical-luchan-juntas-por-los-derechos-de-los-trabajadores-brasilenos\/\",\"name\":\"CUT y For\u00e7a Sindical luchan juntas por los derechos de los trabajadores brasile\u00f1os - industriall-union\",\"isPartOf\":{\"@id\":\"https:\/\/admin.industriall-union.org\/#website\"},\"datePublished\":\"2016-08-17T12:17:27+00:00\",\"dateModified\":\"2025-02-06T22:53:02+00:00\",\"description\":\"&ldquo;Reiteramos nuestra posici\u00f3n de no aceptar ninguna propuesta o negociaci\u00f3n encaminada a la eliminaci\u00f3n de los derechos laborales y de seguridad\",\"breadcrumb\":{\"@id\":\"https:\/\/admin.industriall-union.org\/es\/cut-y-forca-sindical-luchan-juntas-por-los-derechos-de-los-trabajadores-brasilenos\/#breadcrumb\"},\"inLanguage\":\"es-ES\",\"potentialAction\":[{\"@type\":\"ReadAction\",\"target\":[\"https:\/\/admin.industriall-union.org\/es\/cut-y-forca-sindical-luchan-juntas-por-los-derechos-de-los-trabajadores-brasilenos\/\"]}]},{\"@type\":\"BreadcrumbList\",\"@id\":\"https:\/\/admin.industriall-union.org\/es\/cut-y-forca-sindical-luchan-juntas-por-los-derechos-de-los-trabajadores-brasilenos\/#breadcrumb\",\"itemListElement\":[{\"@type\":\"ListItem\",\"position\":1,\"name\":\"Home\",\"item\":\"https:\/\/admin.industriall-union.org\/\"},{\"@type\":\"ListItem\",\"position\":2,\"name\":\"Articles\",\"item\":\"https:\/\/admin.industriall-union.org\/article\/\"},{\"@type\":\"ListItem\",\"position\":3,\"name\":\"CUT y For\u00e7a Sindical luchan juntas por los derechos de los trabajadores brasile\u00f1os\"}]},{\"@type\":\"WebSite\",\"@id\":\"https:\/\/admin.industriall-union.org\/#website\",\"url\":\"https:\/\/admin.industriall-union.org\/\",\"name\":\"industriall-union\",\"description\":\"\",\"potentialAction\":[{\"@type\":\"SearchAction\",\"target\":{\"@type\":\"EntryPoint\",\"urlTemplate\":\"https:\/\/admin.industriall-union.org\/?s={search_term_string}\"},\"query-input\":{\"@type\":\"PropertyValueSpecification\",\"valueRequired\":true,\"valueName\":\"search_term_string\"}}],\"inLanguage\":\"es-ES\"}]}<\/script>\n<!-- \/ Yoast SEO Premium plugin. -->","yoast_head_json":{"title":"CUT y For\u00e7a Sindical luchan juntas por los derechos de los trabajadores brasile\u00f1os - industriall-union","description":"&ldquo;Reiteramos nuestra posici\u00f3n de no aceptar ninguna propuesta o negociaci\u00f3n encaminada a la eliminaci\u00f3n de los derechos laborales y de seguridad","robots":{"index":"index","follow":"follow","max-snippet":"max-snippet:-1","max-image-preview":"max-image-preview:large","max-video-preview":"max-video-preview:-1"},"canonical":"https:\/\/admin.industriall-union.org\/es\/cut-y-forca-sindical-luchan-juntas-por-los-derechos-de-los-trabajadores-brasilenos\/","og_locale":"es_ES","og_type":"article","og_title":"CUT y For\u00e7a Sindical luchan juntas por los derechos de los trabajadores brasile\u00f1os","og_description":"&ldquo;Reiteramos nuestra posici\u00f3n de no aceptar ninguna propuesta o negociaci\u00f3n encaminada a la eliminaci\u00f3n de los derechos laborales y de seguridad","og_url":"https:\/\/admin.industriall-union.org\/es\/cut-y-forca-sindical-luchan-juntas-por-los-derechos-de-los-trabajadores-brasilenos\/","og_site_name":"industriall-union","article_modified_time":"2025-02-06T22:53:02+00:00","twitter_card":"summary_large_image","twitter_misc":{"Est. reading time":"2 minutes"},"schema":{"@context":"https:\/\/schema.org","@graph":[{"@type":"WebPage","@id":"https:\/\/admin.industriall-union.org\/es\/cut-y-forca-sindical-luchan-juntas-por-los-derechos-de-los-trabajadores-brasilenos\/","url":"https:\/\/admin.industriall-union.org\/es\/cut-y-forca-sindical-luchan-juntas-por-los-derechos-de-los-trabajadores-brasilenos\/","name":"CUT y For\u00e7a Sindical luchan juntas por los derechos de los trabajadores brasile\u00f1os - industriall-union","isPartOf":{"@id":"https:\/\/admin.industriall-union.org\/#website"},"datePublished":"2016-08-17T12:17:27+00:00","dateModified":"2025-02-06T22:53:02+00:00","description":"&ldquo;Reiteramos nuestra posici\u00f3n de no aceptar ninguna propuesta o negociaci\u00f3n encaminada a la eliminaci\u00f3n de los derechos laborales y de seguridad","breadcrumb":{"@id":"https:\/\/admin.industriall-union.org\/es\/cut-y-forca-sindical-luchan-juntas-por-los-derechos-de-los-trabajadores-brasilenos\/#breadcrumb"},"inLanguage":"es-ES","potentialAction":[{"@type":"ReadAction","target":["https:\/\/admin.industriall-union.org\/es\/cut-y-forca-sindical-luchan-juntas-por-los-derechos-de-los-trabajadores-brasilenos\/"]}]},{"@type":"BreadcrumbList","@id":"https:\/\/admin.industriall-union.org\/es\/cut-y-forca-sindical-luchan-juntas-por-los-derechos-de-los-trabajadores-brasilenos\/#breadcrumb","itemListElement":[{"@type":"ListItem","position":1,"name":"Home","item":"https:\/\/admin.industriall-union.org\/"},{"@type":"ListItem","position":2,"name":"Articles","item":"https:\/\/admin.industriall-union.org\/article\/"},{"@type":"ListItem","position":3,"name":"CUT y For\u00e7a Sindical luchan juntas por los derechos de los trabajadores brasile\u00f1os"}]},{"@type":"WebSite","@id":"https:\/\/admin.industriall-union.org\/#website","url":"https:\/\/admin.industriall-union.org\/","name":"industriall-union","description":"","potentialAction":[{"@type":"SearchAction","target":{"@type":"EntryPoint","urlTemplate":"https:\/\/admin.industriall-union.org\/?s={search_term_string}"},"query-input":{"@type":"PropertyValueSpecification","valueRequired":true,"valueName":"search_term_string"}}],"inLanguage":"es-ES"}]}},"_links":{"self":[{"href":"https:\/\/admin.industriall-union.org\/es\/wp-json\/wp\/v2\/article\/166868","targetHints":{"allow":["GET"]}}],"collection":[{"href":"https:\/\/admin.industriall-union.org\/es\/wp-json\/wp\/v2\/article"}],"about":[{"href":"https:\/\/admin.industriall-union.org\/es\/wp-json\/wp\/v2\/types\/article"}],"wp:attachment":[{"href":"https:\/\/admin.industriall-union.org\/es\/wp-json\/wp\/v2\/media?parent=166868"}],"wp:term":[{"taxonomy":"issues","embeddable":true,"href":"https:\/\/admin.industriall-union.org\/es\/wp-json\/wp\/v2\/issues?post=166868"},{"taxonomy":"companies","embeddable":true,"href":"https:\/\/admin.industriall-union.org\/es\/wp-json\/wp\/v2\/companies?post=166868"},{"taxonomy":"regions","embeddable":true,"href":"https:\/\/admin.industriall-union.org\/es\/wp-json\/wp\/v2\/regions?post=166868"},{"taxonomy":"sectors","embeddable":true,"href":"https:\/\/admin.industriall-union.org\/es\/wp-json\/wp\/v2\/sectors?post=166868"},{"taxonomy":"article_tags","embeddable":true,"href":"https:\/\/admin.industriall-union.org\/es\/wp-json\/wp\/v2\/article_tags?post=166868"}],"curies":[{"name":"wp","href":"https:\/\/api.w.org\/{rel}","templated":true}]}}