{"id":166821,"date":"2016-08-30T18:31:00","date_gmt":"2016-08-30T18:31:00","guid":{"rendered":"https:\/\/admin.industriall-union.org\/industriall-celebra-comienzo-del-cese-al-fuego-en-colombia\/"},"modified":"2025-02-06T22:36:20","modified_gmt":"2025-02-06T22:36:20","slug":"industriall-celebra-comienzo-del-cese-al-fuego-en-colombia","status":"publish","type":"article","link":"https:\/\/admin.industriall-union.org\/es\/industriall-celebra-comienzo-del-cese-al-fuego-en-colombia\/","title":{"rendered":"IndustriALL celebra comienzo del cese al fuego en Colombia"},"content":{"rendered":"<blockquote><p>&ldquo;Quiero expresar nuestro firme apoyo a favor del proceso de Paz en Colombia. \u00c9sto es lo que el pueblo colombiano merece despu\u00e9s de 50 a\u00f1os de violencia, la cual afect\u00f3 a la poblaci\u00f3n entera.&nbsp; En particular, ha resultado en la persecuci\u00f3n y violencia contra el movimiento obrero y sindical: le cost\u00f3 la vida de 3000 activistas en los \u00faltimos 30 a\u00f1os&rdquo;<\/p><\/blockquote><p>asegur\u00f3 el secretario general de IndustriALL, <u><strong><a href=\"https:\/\/www.facebook.com\/IndustriallGlobalUnionAmericaLatinaYElCaribe\/videos\/881792821953052\/\" target=\"_blank\">Jyrki Raina<\/a><\/strong><\/u>.<\/p><p>El 29 de agosto, luego de m\u00e1s de cuatro a\u00f1os de negociaciones, comenz\u00f3 a regir el cese el fuego entre el gobierno de Colombia y las Fuerzas Armadas Revolucionarias de Colombia (FARC EP), el grupo guerrillero conformado oficialmente en 1964.<\/p><p>El presidente del pa\u00eds, Juan Manuel Santos, anunci\u00f3 publicamente el 25 de agosto que le hab\u00eda ordenado a sus tropas el cese el fuego definitivo contra las FARC EP, a partir de las cero horas del d\u00eda 29. Tres d\u00edas despu\u00e9s, fue el turno del jefe de las FARC EP, Rodrigo&nbsp;&ldquo;Timochenco&rdquo; Londo\u00f1o Echeverri, de anunciar el fin de la guerra, al imitar a Santos y ordenar el cese fuego a sus tropas para la misma fecha y hora.<\/p><p>Si bien parece estar todo listo para darle la bienvenida a la paz en Colombia, a\u00fan resta que los colombianos voten en el plebiscito el 2 de octubre.<\/p><blockquote><p>&ldquo;La noticia de la firma del acuerdo final entre las FARC-EP y el Gobierno Nacional, para dar paso al desarrollo de los puntos acordados, gener\u00f3 rabia de algunos que se colocaron en posici\u00f3n adversa a la posibilidad de tener paz en Colombia. Por el contrario, para una inmensa mayor\u00eda fue motivo de gran alegr\u00eda, y manifestaron su disposici\u00f3n a participar activamente en la campa\u00f1a por el SI en el plebiscito convocado para el 2 de octubre, con el fin de refrendar los acuerdos que se firmaron en la Habana&rdquo;<\/p><\/blockquote><p>explic\u00f3 el coordinador de proyectos de IndustriALL en Colombia, Carlos Bustos.<\/p><p>Desde finales de 2015 las organizaciones sindicales del sector minero- energ\u00e9tico afiliadas a IndustriALL, junto a organizaciones ambientalistas, sociales y comunidades de todo el pa\u00eds, conforman la <u><strong><a href=\"\/wp-content\/uploads\/documents\/documento_minero_energetico_ii_asamblea_de_la_paz.pdf\" target=\"_self\">mesa social minero-energ\u00e9tica y ambiental <\/a><\/strong><\/u>con el fin de discutir ampliamente sobre el papel que pueden jugar los recursos naturales renobables y no renobables en un escenario de Paz.<\/p><p>El 25 de agosto discutieron los documentos centrales, los cuales se sometieron a aprobaci\u00f3n previa, y realizaron un acto de lanzamiento de las propuestas al pa\u00eds. Con ellas buscan impulsar pol\u00edticas regionales, nacionales y acciones que les permitan defender las necesidades de los trabajadores, a favor del medioambiente y para que la renta de sus recursos sea invertida en desarrollo de vida con dignidad.<\/p><blockquote><p>&ldquo;Desde IndustriALL y los sindicatos filiales hemos hecho nuestro mejor esfuerzo para finalizar \u00e9ste trabajo y lo seguiremos haciendo porque estamos convencidos que la paz es la mejor opci\u00f3n para los pueblos&rdquo;<\/p><\/blockquote><p>concluy\u00f3 el secretario regional adjunto de IndustriALL Global Union, Marino Vani<\/p>","protected":false},"featured_media":0,"template":"","issues":[419,420,418],"companies":[],"regions":[264,254],"sectors":[483,495],"article_tags":[511],"class_list":["post-166821","article","type-article","status-publish","hentry","issues-environment","issues-solidarity","issues-sustainability","regions-colombia","regions-latin-america-and-the-caribbean","sectors-energy-oil-gas-electricity-and-nuclear","sectors-mining","article_tags-industriall"],"acf":[],"yoast_head":"<!-- This site is optimized with the Yoast SEO Premium plugin v27.1 (Yoast SEO v27.1) - https:\/\/yoast.com\/product\/yoast-seo-premium-wordpress\/ -->\n<title>IndustriALL celebra comienzo del cese al fuego en Colombia - industriall-union<\/title>\n<meta name=\"description\" content=\"&ldquo;Quiero expresar nuestro firme apoyo a favor del proceso de Paz en Colombia. \u00c9sto es lo que el pueblo colombiano merece despu\u00e9s de 50 a\u00f1os de\" \/>\n<meta name=\"robots\" content=\"index, follow, max-snippet:-1, max-image-preview:large, max-video-preview:-1\" \/>\n<link rel=\"canonical\" href=\"https:\/\/admin.industriall-union.org\/es\/industriall-celebra-comienzo-del-cese-al-fuego-en-colombia\/\" \/>\n<meta property=\"og:locale\" content=\"es_ES\" \/>\n<meta property=\"og:type\" content=\"article\" \/>\n<meta property=\"og:title\" content=\"IndustriALL celebra comienzo del cese al fuego en Colombia\" \/>\n<meta property=\"og:description\" content=\"&ldquo;Quiero expresar nuestro firme apoyo a favor del proceso de Paz en Colombia. \u00c9sto es lo que el pueblo colombiano merece despu\u00e9s de 50 a\u00f1os de\" \/>\n<meta property=\"og:url\" content=\"https:\/\/admin.industriall-union.org\/es\/industriall-celebra-comienzo-del-cese-al-fuego-en-colombia\/\" \/>\n<meta property=\"og:site_name\" content=\"industriall-union\" \/>\n<meta property=\"article:modified_time\" content=\"2025-02-06T22:36:20+00:00\" \/>\n<meta name=\"twitter:card\" content=\"summary_large_image\" \/>\n<meta name=\"twitter:label1\" content=\"Est. reading time\" \/>\n\t<meta name=\"twitter:data1\" content=\"3 minutes\" \/>\n<script type=\"application\/ld+json\" class=\"yoast-schema-graph\">{\"@context\":\"https:\/\/schema.org\",\"@graph\":[{\"@type\":\"WebPage\",\"@id\":\"https:\/\/admin.industriall-union.org\/es\/industriall-celebra-comienzo-del-cese-al-fuego-en-colombia\/\",\"url\":\"https:\/\/admin.industriall-union.org\/es\/industriall-celebra-comienzo-del-cese-al-fuego-en-colombia\/\",\"name\":\"IndustriALL celebra comienzo del cese al fuego en Colombia - industriall-union\",\"isPartOf\":{\"@id\":\"https:\/\/admin.industriall-union.org\/#website\"},\"datePublished\":\"2016-08-30T18:31:00+00:00\",\"dateModified\":\"2025-02-06T22:36:20+00:00\",\"description\":\"&ldquo;Quiero expresar nuestro firme apoyo a favor del proceso de Paz en Colombia. \u00c9sto es lo que el pueblo colombiano merece despu\u00e9s de 50 a\u00f1os de\",\"breadcrumb\":{\"@id\":\"https:\/\/admin.industriall-union.org\/es\/industriall-celebra-comienzo-del-cese-al-fuego-en-colombia\/#breadcrumb\"},\"inLanguage\":\"es-ES\",\"potentialAction\":[{\"@type\":\"ReadAction\",\"target\":[\"https:\/\/admin.industriall-union.org\/es\/industriall-celebra-comienzo-del-cese-al-fuego-en-colombia\/\"]}]},{\"@type\":\"BreadcrumbList\",\"@id\":\"https:\/\/admin.industriall-union.org\/es\/industriall-celebra-comienzo-del-cese-al-fuego-en-colombia\/#breadcrumb\",\"itemListElement\":[{\"@type\":\"ListItem\",\"position\":1,\"name\":\"Home\",\"item\":\"https:\/\/admin.industriall-union.org\/\"},{\"@type\":\"ListItem\",\"position\":2,\"name\":\"Articles\",\"item\":\"https:\/\/admin.industriall-union.org\/article\/\"},{\"@type\":\"ListItem\",\"position\":3,\"name\":\"IndustriALL celebra comienzo del cese al fuego en Colombia\"}]},{\"@type\":\"WebSite\",\"@id\":\"https:\/\/admin.industriall-union.org\/#website\",\"url\":\"https:\/\/admin.industriall-union.org\/\",\"name\":\"industriall-union\",\"description\":\"\",\"potentialAction\":[{\"@type\":\"SearchAction\",\"target\":{\"@type\":\"EntryPoint\",\"urlTemplate\":\"https:\/\/admin.industriall-union.org\/?s={search_term_string}\"},\"query-input\":{\"@type\":\"PropertyValueSpecification\",\"valueRequired\":true,\"valueName\":\"search_term_string\"}}],\"inLanguage\":\"es-ES\"}]}<\/script>\n<!-- \/ Yoast SEO Premium plugin. -->","yoast_head_json":{"title":"IndustriALL celebra comienzo del cese al fuego en Colombia - industriall-union","description":"&ldquo;Quiero expresar nuestro firme apoyo a favor del proceso de Paz en Colombia. \u00c9sto es lo que el pueblo colombiano merece despu\u00e9s de 50 a\u00f1os de","robots":{"index":"index","follow":"follow","max-snippet":"max-snippet:-1","max-image-preview":"max-image-preview:large","max-video-preview":"max-video-preview:-1"},"canonical":"https:\/\/admin.industriall-union.org\/es\/industriall-celebra-comienzo-del-cese-al-fuego-en-colombia\/","og_locale":"es_ES","og_type":"article","og_title":"IndustriALL celebra comienzo del cese al fuego en Colombia","og_description":"&ldquo;Quiero expresar nuestro firme apoyo a favor del proceso de Paz en Colombia. \u00c9sto es lo que el pueblo colombiano merece despu\u00e9s de 50 a\u00f1os de","og_url":"https:\/\/admin.industriall-union.org\/es\/industriall-celebra-comienzo-del-cese-al-fuego-en-colombia\/","og_site_name":"industriall-union","article_modified_time":"2025-02-06T22:36:20+00:00","twitter_card":"summary_large_image","twitter_misc":{"Est. reading time":"3 minutes"},"schema":{"@context":"https:\/\/schema.org","@graph":[{"@type":"WebPage","@id":"https:\/\/admin.industriall-union.org\/es\/industriall-celebra-comienzo-del-cese-al-fuego-en-colombia\/","url":"https:\/\/admin.industriall-union.org\/es\/industriall-celebra-comienzo-del-cese-al-fuego-en-colombia\/","name":"IndustriALL celebra comienzo del cese al fuego en Colombia - industriall-union","isPartOf":{"@id":"https:\/\/admin.industriall-union.org\/#website"},"datePublished":"2016-08-30T18:31:00+00:00","dateModified":"2025-02-06T22:36:20+00:00","description":"&ldquo;Quiero expresar nuestro firme apoyo a favor del proceso de Paz en Colombia. \u00c9sto es lo que el pueblo colombiano merece despu\u00e9s de 50 a\u00f1os de","breadcrumb":{"@id":"https:\/\/admin.industriall-union.org\/es\/industriall-celebra-comienzo-del-cese-al-fuego-en-colombia\/#breadcrumb"},"inLanguage":"es-ES","potentialAction":[{"@type":"ReadAction","target":["https:\/\/admin.industriall-union.org\/es\/industriall-celebra-comienzo-del-cese-al-fuego-en-colombia\/"]}]},{"@type":"BreadcrumbList","@id":"https:\/\/admin.industriall-union.org\/es\/industriall-celebra-comienzo-del-cese-al-fuego-en-colombia\/#breadcrumb","itemListElement":[{"@type":"ListItem","position":1,"name":"Home","item":"https:\/\/admin.industriall-union.org\/"},{"@type":"ListItem","position":2,"name":"Articles","item":"https:\/\/admin.industriall-union.org\/article\/"},{"@type":"ListItem","position":3,"name":"IndustriALL celebra comienzo del cese al fuego en Colombia"}]},{"@type":"WebSite","@id":"https:\/\/admin.industriall-union.org\/#website","url":"https:\/\/admin.industriall-union.org\/","name":"industriall-union","description":"","potentialAction":[{"@type":"SearchAction","target":{"@type":"EntryPoint","urlTemplate":"https:\/\/admin.industriall-union.org\/?s={search_term_string}"},"query-input":{"@type":"PropertyValueSpecification","valueRequired":true,"valueName":"search_term_string"}}],"inLanguage":"es-ES"}]}},"_links":{"self":[{"href":"https:\/\/admin.industriall-union.org\/es\/wp-json\/wp\/v2\/article\/166821","targetHints":{"allow":["GET"]}}],"collection":[{"href":"https:\/\/admin.industriall-union.org\/es\/wp-json\/wp\/v2\/article"}],"about":[{"href":"https:\/\/admin.industriall-union.org\/es\/wp-json\/wp\/v2\/types\/article"}],"wp:attachment":[{"href":"https:\/\/admin.industriall-union.org\/es\/wp-json\/wp\/v2\/media?parent=166821"}],"wp:term":[{"taxonomy":"issues","embeddable":true,"href":"https:\/\/admin.industriall-union.org\/es\/wp-json\/wp\/v2\/issues?post=166821"},{"taxonomy":"companies","embeddable":true,"href":"https:\/\/admin.industriall-union.org\/es\/wp-json\/wp\/v2\/companies?post=166821"},{"taxonomy":"regions","embeddable":true,"href":"https:\/\/admin.industriall-union.org\/es\/wp-json\/wp\/v2\/regions?post=166821"},{"taxonomy":"sectors","embeddable":true,"href":"https:\/\/admin.industriall-union.org\/es\/wp-json\/wp\/v2\/sectors?post=166821"},{"taxonomy":"article_tags","embeddable":true,"href":"https:\/\/admin.industriall-union.org\/es\/wp-json\/wp\/v2\/article_tags?post=166821"}],"curies":[{"name":"wp","href":"https:\/\/api.w.org\/{rel}","templated":true}]}}