{"id":166617,"date":"2016-09-22T15:25:10","date_gmt":"2016-09-22T15:25:10","guid":{"rendered":"https:\/\/admin.industriall-union.org\/estamos-con-lula\/"},"modified":"2025-02-06T21:32:15","modified_gmt":"2025-02-06T21:32:15","slug":"estamos-con-lula","status":"publish","type":"article","link":"https:\/\/admin.industriall-union.org\/es\/estamos-con-lula\/","title":{"rendered":"\u00a1Estamos con Lula!"},"content":{"rendered":"<p>&ldquo;Lula es un h\u00e9roe para los trabajadores de todo el mundo y un objetivo simb\u00f3lico para las fuerzas conservadoras que quieren dar marcha atr\u00e1s a las reformas sociales. No podemos permitir este ataque y estamos al lado de Lula, dice el secretario general de la IndustriALL Global Union, Jyrki Raina.<\/p><p>Durante su presidencia, el gobierno de Lula sac\u00f3 a 30 millones de personas de la pobreza, redujo la mano de obra infantil, potenci\u00f3 a las mujeres, elev\u00f3 el salario m\u00ednimo, redujo el desempleo y proporcion\u00f3 la seguridad social &ndash; la Bolsa Familia. Lula logr\u00f3 todo esto al mismo tiempo que crec\u00eda la econom\u00eda de Brasil y garantizaba la justa distribuci\u00f3n de la nueva riqueza de ese producto.<\/p><p>Del 4 al 7 de octubre la IndustriALL celebrar\u00e1 su Segundo Congreso en Brasil, pa\u00eds con un uno de los movimientos sindicales m\u00e1s fuertes de Am\u00e9rica Latina.<\/p><p>&ldquo;Celebramos el Congreso en R\u00edo para mostrar nuestro apoyo a la lucha de los trabajadores brasile\u00f1os, as\u00ed como a Lula, que hablar\u00e1 en la sesi\u00f3n de apertura&rdquo;, dice el secretario general de la IndustriALL, Jyrki Raina.<\/p><p>La Confederaci\u00f3n Sindical Internacional (CSI) ha puesto en marcha una <a href=\"http:\/\/www.ituc-csi.org\/brasil-los-sindicatos-y-los?lang=es\" target=\"_blank\">petici\u00f3n internacional<\/a> para demostrar que el mundo est\u00e1 con Lula, posicion\u00e1ndose en contra de un flagrante ataque a las fuerzas democr\u00e1ticas.<\/p><p>#Todos somos Lula<\/p>","protected":false},"featured_media":0,"template":"","issues":[420],"companies":[],"regions":[261],"sectors":[],"article_tags":[],"class_list":["post-166617","article","type-article","status-publish","hentry","issues-solidarity","regions-brazil"],"acf":[],"yoast_head":"<!-- This site is optimized with the Yoast SEO Premium plugin v27.1 (Yoast SEO v27.1) - https:\/\/yoast.com\/product\/yoast-seo-premium-wordpress\/ -->\n<title>\u00a1Estamos con Lula! - industriall-union<\/title>\n<meta name=\"description\" content=\"&ldquo;Lula es un h\u00e9roe para los trabajadores de todo el mundo y un objetivo simb\u00f3lico para las fuerzas conservadoras que quieren dar marcha atr\u00e1s a las\" \/>\n<meta name=\"robots\" content=\"index, follow, max-snippet:-1, max-image-preview:large, max-video-preview:-1\" \/>\n<link rel=\"canonical\" href=\"https:\/\/admin.industriall-union.org\/es\/estamos-con-lula\/\" \/>\n<meta property=\"og:locale\" content=\"es_ES\" \/>\n<meta property=\"og:type\" content=\"article\" \/>\n<meta property=\"og:title\" content=\"\u00a1Estamos con Lula!\" \/>\n<meta property=\"og:description\" content=\"&ldquo;Lula es un h\u00e9roe para los trabajadores de todo el mundo y un objetivo simb\u00f3lico para las fuerzas conservadoras que quieren dar marcha atr\u00e1s a las\" \/>\n<meta property=\"og:url\" content=\"https:\/\/admin.industriall-union.org\/es\/estamos-con-lula\/\" \/>\n<meta property=\"og:site_name\" content=\"industriall-union\" \/>\n<meta property=\"article:modified_time\" content=\"2025-02-06T21:32:15+00:00\" \/>\n<meta name=\"twitter:card\" content=\"summary_large_image\" \/>\n<meta name=\"twitter:label1\" content=\"Est. reading time\" \/>\n\t<meta name=\"twitter:data1\" content=\"1 minute\" \/>\n<script type=\"application\/ld+json\" class=\"yoast-schema-graph\">{\"@context\":\"https:\/\/schema.org\",\"@graph\":[{\"@type\":\"WebPage\",\"@id\":\"https:\/\/admin.industriall-union.org\/es\/estamos-con-lula\/\",\"url\":\"https:\/\/admin.industriall-union.org\/es\/estamos-con-lula\/\",\"name\":\"\u00a1Estamos con Lula! - industriall-union\",\"isPartOf\":{\"@id\":\"https:\/\/admin.industriall-union.org\/ru\/#website\"},\"datePublished\":\"2016-09-22T15:25:10+00:00\",\"dateModified\":\"2025-02-06T21:32:15+00:00\",\"description\":\"&ldquo;Lula es un h\u00e9roe para los trabajadores de todo el mundo y un objetivo simb\u00f3lico para las fuerzas conservadoras que quieren dar marcha atr\u00e1s a las\",\"breadcrumb\":{\"@id\":\"https:\/\/admin.industriall-union.org\/es\/estamos-con-lula\/#breadcrumb\"},\"inLanguage\":\"es-ES\",\"potentialAction\":[{\"@type\":\"ReadAction\",\"target\":[\"https:\/\/admin.industriall-union.org\/es\/estamos-con-lula\/\"]}]},{\"@type\":\"BreadcrumbList\",\"@id\":\"https:\/\/admin.industriall-union.org\/es\/estamos-con-lula\/#breadcrumb\",\"itemListElement\":[{\"@type\":\"ListItem\",\"position\":1,\"name\":\"Home\",\"item\":\"https:\/\/admin.industriall-union.org\/ru\/\"},{\"@type\":\"ListItem\",\"position\":2,\"name\":\"Articles\",\"item\":\"https:\/\/admin.industriall-union.org\/ru\/article\/\"},{\"@type\":\"ListItem\",\"position\":3,\"name\":\"\u00a1Estamos con Lula!\"}]},{\"@type\":\"WebSite\",\"@id\":\"https:\/\/admin.industriall-union.org\/ru\/#website\",\"url\":\"https:\/\/admin.industriall-union.org\/ru\/\",\"name\":\"industriall-union\",\"description\":\"\",\"potentialAction\":[{\"@type\":\"SearchAction\",\"target\":{\"@type\":\"EntryPoint\",\"urlTemplate\":\"https:\/\/admin.industriall-union.org\/ru\/?s={search_term_string}\"},\"query-input\":{\"@type\":\"PropertyValueSpecification\",\"valueRequired\":true,\"valueName\":\"search_term_string\"}}],\"inLanguage\":\"es-ES\"}]}<\/script>\n<!-- \/ Yoast SEO Premium plugin. -->","yoast_head_json":{"title":"\u00a1Estamos con Lula! - industriall-union","description":"&ldquo;Lula es un h\u00e9roe para los trabajadores de todo el mundo y un objetivo simb\u00f3lico para las fuerzas conservadoras que quieren dar marcha atr\u00e1s a las","robots":{"index":"index","follow":"follow","max-snippet":"max-snippet:-1","max-image-preview":"max-image-preview:large","max-video-preview":"max-video-preview:-1"},"canonical":"https:\/\/admin.industriall-union.org\/es\/estamos-con-lula\/","og_locale":"es_ES","og_type":"article","og_title":"\u00a1Estamos con Lula!","og_description":"&ldquo;Lula es un h\u00e9roe para los trabajadores de todo el mundo y un objetivo simb\u00f3lico para las fuerzas conservadoras que quieren dar marcha atr\u00e1s a las","og_url":"https:\/\/admin.industriall-union.org\/es\/estamos-con-lula\/","og_site_name":"industriall-union","article_modified_time":"2025-02-06T21:32:15+00:00","twitter_card":"summary_large_image","twitter_misc":{"Est. reading time":"1 minute"},"schema":{"@context":"https:\/\/schema.org","@graph":[{"@type":"WebPage","@id":"https:\/\/admin.industriall-union.org\/es\/estamos-con-lula\/","url":"https:\/\/admin.industriall-union.org\/es\/estamos-con-lula\/","name":"\u00a1Estamos con Lula! - industriall-union","isPartOf":{"@id":"https:\/\/admin.industriall-union.org\/ru\/#website"},"datePublished":"2016-09-22T15:25:10+00:00","dateModified":"2025-02-06T21:32:15+00:00","description":"&ldquo;Lula es un h\u00e9roe para los trabajadores de todo el mundo y un objetivo simb\u00f3lico para las fuerzas conservadoras que quieren dar marcha atr\u00e1s a las","breadcrumb":{"@id":"https:\/\/admin.industriall-union.org\/es\/estamos-con-lula\/#breadcrumb"},"inLanguage":"es-ES","potentialAction":[{"@type":"ReadAction","target":["https:\/\/admin.industriall-union.org\/es\/estamos-con-lula\/"]}]},{"@type":"BreadcrumbList","@id":"https:\/\/admin.industriall-union.org\/es\/estamos-con-lula\/#breadcrumb","itemListElement":[{"@type":"ListItem","position":1,"name":"Home","item":"https:\/\/admin.industriall-union.org\/ru\/"},{"@type":"ListItem","position":2,"name":"Articles","item":"https:\/\/admin.industriall-union.org\/ru\/article\/"},{"@type":"ListItem","position":3,"name":"\u00a1Estamos con Lula!"}]},{"@type":"WebSite","@id":"https:\/\/admin.industriall-union.org\/ru\/#website","url":"https:\/\/admin.industriall-union.org\/ru\/","name":"industriall-union","description":"","potentialAction":[{"@type":"SearchAction","target":{"@type":"EntryPoint","urlTemplate":"https:\/\/admin.industriall-union.org\/ru\/?s={search_term_string}"},"query-input":{"@type":"PropertyValueSpecification","valueRequired":true,"valueName":"search_term_string"}}],"inLanguage":"es-ES"}]}},"_links":{"self":[{"href":"https:\/\/admin.industriall-union.org\/es\/wp-json\/wp\/v2\/article\/166617","targetHints":{"allow":["GET"]}}],"collection":[{"href":"https:\/\/admin.industriall-union.org\/es\/wp-json\/wp\/v2\/article"}],"about":[{"href":"https:\/\/admin.industriall-union.org\/es\/wp-json\/wp\/v2\/types\/article"}],"wp:attachment":[{"href":"https:\/\/admin.industriall-union.org\/es\/wp-json\/wp\/v2\/media?parent=166617"}],"wp:term":[{"taxonomy":"issues","embeddable":true,"href":"https:\/\/admin.industriall-union.org\/es\/wp-json\/wp\/v2\/issues?post=166617"},{"taxonomy":"companies","embeddable":true,"href":"https:\/\/admin.industriall-union.org\/es\/wp-json\/wp\/v2\/companies?post=166617"},{"taxonomy":"regions","embeddable":true,"href":"https:\/\/admin.industriall-union.org\/es\/wp-json\/wp\/v2\/regions?post=166617"},{"taxonomy":"sectors","embeddable":true,"href":"https:\/\/admin.industriall-union.org\/es\/wp-json\/wp\/v2\/sectors?post=166617"},{"taxonomy":"article_tags","embeddable":true,"href":"https:\/\/admin.industriall-union.org\/es\/wp-json\/wp\/v2\/article_tags?post=166617"}],"curies":[{"name":"wp","href":"https:\/\/api.w.org\/{rel}","templated":true}]}}