{"id":166602,"date":"2016-09-27T19:30:21","date_gmt":"2016-09-27T19:30:21","guid":{"rendered":"https:\/\/admin.industriall-union.org\/industriall-festeja-la-firma-historica-de-la-paz-en-colombia\/"},"modified":"2025-02-06T21:22:45","modified_gmt":"2025-02-06T21:22:45","slug":"industriall-festeja-la-firma-historica-de-la-paz-en-colombia","status":"publish","type":"article","link":"https:\/\/admin.industriall-union.org\/es\/industriall-festeja-la-firma-historica-de-la-paz-en-colombia\/","title":{"rendered":"IndustriALL festeja la firma hist\u00f3rica de la paz en Colombia"},"content":{"rendered":"<p>Presidentes de diversos pa\u00edses, representantes de la Organizaci\u00f3n Internacional del Trabajo (OIT), v\u00edctimas del conflicto armado y dirigentes sindicales fueron algunas de las 2500 personas que vistieron de blanco y se hicieron presentes en un momento hist\u00f3rico.<\/p><blockquote><p>&quot;El mundo tiene una guerra menos y es la de Colombia&quot;<\/p><\/blockquote><p>dijo el presidente de Colombia Juan Manuel Santos luego de firmar la paz con el l\u00edder de la guerrilla de las Fuerzas Armas Revolucionarias de Colombia (FARC) Rodrigo &ldquo;Timochenko&rdquo; Londo\u00f1o Echeverri. Tomocheko, por su parte, fue ovacionado luego de ofrecer sus m\u00e1s sinceras disculpas a las v\u00edctimas del conflicto armado.<\/p><p>El bol\u00edgrafo elegido para el momento estuvo cargado de simbolismos. El mismo fue elaborado a partir de balas del conflicto armado colombiano, representando la nueva etapa que comienza para el pa\u00eds tras <strong>50 a\u00f1os de guerra.<\/strong><\/p><p>Los a\u00f1os de conflicto tuvieron un saldo de <strong>ocho millones de v\u00edctimas y 45.000 desaparecidos<\/strong>. La firma de la paz representa una inmensa esperanza para los Colombianos, quienes desean vivir en democracia sin violencia y sin miedo.<\/p><p>Si bien dieron un gran paso, a\u00fan queda conocer la voz del pueblo. El pr\u00f3ximo 2 de octubre votar\u00e1n el plebiscito para decidir si aprueban o no el texto. Los sindicatos <u><strong><a href=\"http:\/\/www.industriall-union.org\/es\/industriall-celebra-comienzo-del-cese-al-fuego-en-colombia\" target=\"_self\">afiliados a IndustriALL en Colombia <\/a><\/strong><\/u>y en el mundo entero se han pronunciado a favor del &ldquo;Si&rdquo; y conf\u00edan en que el apoyo a la paz triunfar\u00e1.<\/p><p>El secretario regional de IndustriALL, Jorge Almeida, expres\u00f3 al respecto:<\/p><blockquote><p>&ldquo;Saludamos este anhelado e hist\u00f3rico paso que es un canto a la vida del pueblo colombiano&rdquo;<\/p><\/blockquote>","protected":false},"featured_media":0,"template":"","issues":[420],"companies":[],"regions":[264,254],"sectors":[],"article_tags":[511],"class_list":["post-166602","article","type-article","status-publish","hentry","issues-solidarity","regions-colombia","regions-latin-america-and-the-caribbean","article_tags-industriall"],"acf":[],"yoast_head":"<!-- This site is optimized with the Yoast SEO Premium plugin v27.1 (Yoast SEO v27.1) - https:\/\/yoast.com\/product\/yoast-seo-premium-wordpress\/ -->\n<title>IndustriALL festeja la firma hist\u00f3rica de la paz en Colombia - industriall-union<\/title>\n<meta name=\"description\" content=\"Presidentes de diversos pa\u00edses, representantes de la Organizaci\u00f3n Internacional del Trabajo (OIT), v\u00edctimas del conflicto armado y dirigentes sindicales\" \/>\n<meta name=\"robots\" content=\"index, follow, max-snippet:-1, max-image-preview:large, max-video-preview:-1\" \/>\n<link rel=\"canonical\" href=\"https:\/\/admin.industriall-union.org\/es\/industriall-festeja-la-firma-historica-de-la-paz-en-colombia\/\" \/>\n<meta property=\"og:locale\" content=\"es_ES\" \/>\n<meta property=\"og:type\" content=\"article\" \/>\n<meta property=\"og:title\" content=\"IndustriALL festeja la firma hist\u00f3rica de la paz en Colombia\" \/>\n<meta property=\"og:description\" content=\"Presidentes de diversos pa\u00edses, representantes de la Organizaci\u00f3n Internacional del Trabajo (OIT), v\u00edctimas del conflicto armado y dirigentes sindicales\" \/>\n<meta property=\"og:url\" content=\"https:\/\/admin.industriall-union.org\/es\/industriall-festeja-la-firma-historica-de-la-paz-en-colombia\/\" \/>\n<meta property=\"og:site_name\" content=\"industriall-union\" \/>\n<meta property=\"article:modified_time\" content=\"2025-02-06T21:22:45+00:00\" \/>\n<meta name=\"twitter:card\" content=\"summary_large_image\" \/>\n<meta name=\"twitter:label1\" content=\"Est. reading time\" \/>\n\t<meta name=\"twitter:data1\" content=\"1 minute\" \/>\n<script type=\"application\/ld+json\" class=\"yoast-schema-graph\">{\"@context\":\"https:\/\/schema.org\",\"@graph\":[{\"@type\":\"WebPage\",\"@id\":\"https:\/\/admin.industriall-union.org\/es\/industriall-festeja-la-firma-historica-de-la-paz-en-colombia\/\",\"url\":\"https:\/\/admin.industriall-union.org\/es\/industriall-festeja-la-firma-historica-de-la-paz-en-colombia\/\",\"name\":\"IndustriALL festeja la firma hist\u00f3rica de la paz en Colombia - industriall-union\",\"isPartOf\":{\"@id\":\"https:\/\/admin.industriall-union.org\/#website\"},\"datePublished\":\"2016-09-27T19:30:21+00:00\",\"dateModified\":\"2025-02-06T21:22:45+00:00\",\"description\":\"Presidentes de diversos pa\u00edses, representantes de la Organizaci\u00f3n Internacional del Trabajo (OIT), v\u00edctimas del conflicto armado y dirigentes sindicales\",\"breadcrumb\":{\"@id\":\"https:\/\/admin.industriall-union.org\/es\/industriall-festeja-la-firma-historica-de-la-paz-en-colombia\/#breadcrumb\"},\"inLanguage\":\"es-ES\",\"potentialAction\":[{\"@type\":\"ReadAction\",\"target\":[\"https:\/\/admin.industriall-union.org\/es\/industriall-festeja-la-firma-historica-de-la-paz-en-colombia\/\"]}]},{\"@type\":\"BreadcrumbList\",\"@id\":\"https:\/\/admin.industriall-union.org\/es\/industriall-festeja-la-firma-historica-de-la-paz-en-colombia\/#breadcrumb\",\"itemListElement\":[{\"@type\":\"ListItem\",\"position\":1,\"name\":\"Home\",\"item\":\"https:\/\/admin.industriall-union.org\/\"},{\"@type\":\"ListItem\",\"position\":2,\"name\":\"Articles\",\"item\":\"https:\/\/admin.industriall-union.org\/article\/\"},{\"@type\":\"ListItem\",\"position\":3,\"name\":\"IndustriALL festeja la firma hist\u00f3rica de la paz en Colombia\"}]},{\"@type\":\"WebSite\",\"@id\":\"https:\/\/admin.industriall-union.org\/#website\",\"url\":\"https:\/\/admin.industriall-union.org\/\",\"name\":\"industriall-union\",\"description\":\"\",\"potentialAction\":[{\"@type\":\"SearchAction\",\"target\":{\"@type\":\"EntryPoint\",\"urlTemplate\":\"https:\/\/admin.industriall-union.org\/?s={search_term_string}\"},\"query-input\":{\"@type\":\"PropertyValueSpecification\",\"valueRequired\":true,\"valueName\":\"search_term_string\"}}],\"inLanguage\":\"es-ES\"}]}<\/script>\n<!-- \/ Yoast SEO Premium plugin. -->","yoast_head_json":{"title":"IndustriALL festeja la firma hist\u00f3rica de la paz en Colombia - industriall-union","description":"Presidentes de diversos pa\u00edses, representantes de la Organizaci\u00f3n Internacional del Trabajo (OIT), v\u00edctimas del conflicto armado y dirigentes sindicales","robots":{"index":"index","follow":"follow","max-snippet":"max-snippet:-1","max-image-preview":"max-image-preview:large","max-video-preview":"max-video-preview:-1"},"canonical":"https:\/\/admin.industriall-union.org\/es\/industriall-festeja-la-firma-historica-de-la-paz-en-colombia\/","og_locale":"es_ES","og_type":"article","og_title":"IndustriALL festeja la firma hist\u00f3rica de la paz en Colombia","og_description":"Presidentes de diversos pa\u00edses, representantes de la Organizaci\u00f3n Internacional del Trabajo (OIT), v\u00edctimas del conflicto armado y dirigentes sindicales","og_url":"https:\/\/admin.industriall-union.org\/es\/industriall-festeja-la-firma-historica-de-la-paz-en-colombia\/","og_site_name":"industriall-union","article_modified_time":"2025-02-06T21:22:45+00:00","twitter_card":"summary_large_image","twitter_misc":{"Est. reading time":"1 minute"},"schema":{"@context":"https:\/\/schema.org","@graph":[{"@type":"WebPage","@id":"https:\/\/admin.industriall-union.org\/es\/industriall-festeja-la-firma-historica-de-la-paz-en-colombia\/","url":"https:\/\/admin.industriall-union.org\/es\/industriall-festeja-la-firma-historica-de-la-paz-en-colombia\/","name":"IndustriALL festeja la firma hist\u00f3rica de la paz en Colombia - industriall-union","isPartOf":{"@id":"https:\/\/admin.industriall-union.org\/#website"},"datePublished":"2016-09-27T19:30:21+00:00","dateModified":"2025-02-06T21:22:45+00:00","description":"Presidentes de diversos pa\u00edses, representantes de la Organizaci\u00f3n Internacional del Trabajo (OIT), v\u00edctimas del conflicto armado y dirigentes sindicales","breadcrumb":{"@id":"https:\/\/admin.industriall-union.org\/es\/industriall-festeja-la-firma-historica-de-la-paz-en-colombia\/#breadcrumb"},"inLanguage":"es-ES","potentialAction":[{"@type":"ReadAction","target":["https:\/\/admin.industriall-union.org\/es\/industriall-festeja-la-firma-historica-de-la-paz-en-colombia\/"]}]},{"@type":"BreadcrumbList","@id":"https:\/\/admin.industriall-union.org\/es\/industriall-festeja-la-firma-historica-de-la-paz-en-colombia\/#breadcrumb","itemListElement":[{"@type":"ListItem","position":1,"name":"Home","item":"https:\/\/admin.industriall-union.org\/"},{"@type":"ListItem","position":2,"name":"Articles","item":"https:\/\/admin.industriall-union.org\/article\/"},{"@type":"ListItem","position":3,"name":"IndustriALL festeja la firma hist\u00f3rica de la paz en Colombia"}]},{"@type":"WebSite","@id":"https:\/\/admin.industriall-union.org\/#website","url":"https:\/\/admin.industriall-union.org\/","name":"industriall-union","description":"","potentialAction":[{"@type":"SearchAction","target":{"@type":"EntryPoint","urlTemplate":"https:\/\/admin.industriall-union.org\/?s={search_term_string}"},"query-input":{"@type":"PropertyValueSpecification","valueRequired":true,"valueName":"search_term_string"}}],"inLanguage":"es-ES"}]}},"_links":{"self":[{"href":"https:\/\/admin.industriall-union.org\/es\/wp-json\/wp\/v2\/article\/166602","targetHints":{"allow":["GET"]}}],"collection":[{"href":"https:\/\/admin.industriall-union.org\/es\/wp-json\/wp\/v2\/article"}],"about":[{"href":"https:\/\/admin.industriall-union.org\/es\/wp-json\/wp\/v2\/types\/article"}],"wp:attachment":[{"href":"https:\/\/admin.industriall-union.org\/es\/wp-json\/wp\/v2\/media?parent=166602"}],"wp:term":[{"taxonomy":"issues","embeddable":true,"href":"https:\/\/admin.industriall-union.org\/es\/wp-json\/wp\/v2\/issues?post=166602"},{"taxonomy":"companies","embeddable":true,"href":"https:\/\/admin.industriall-union.org\/es\/wp-json\/wp\/v2\/companies?post=166602"},{"taxonomy":"regions","embeddable":true,"href":"https:\/\/admin.industriall-union.org\/es\/wp-json\/wp\/v2\/regions?post=166602"},{"taxonomy":"sectors","embeddable":true,"href":"https:\/\/admin.industriall-union.org\/es\/wp-json\/wp\/v2\/sectors?post=166602"},{"taxonomy":"article_tags","embeddable":true,"href":"https:\/\/admin.industriall-union.org\/es\/wp-json\/wp\/v2\/article_tags?post=166602"}],"curies":[{"name":"wp","href":"https:\/\/api.w.org\/{rel}","templated":true}]}}